{"id":12258,"date":"2019-02-18T13:56:45","date_gmt":"2019-02-18T16:56:45","guid":{"rendered":"http:\/\/sindesvdf.com.br\/news\/?p=12258"},"modified":"2019-02-18T13:58:36","modified_gmt":"2019-02-18T16:58:36","slug":"esclarecimento-sobre-o-reajuste-do-plano-de-saude","status":"publish","type":"post","link":"https:\/\/sindesvdf.com.br\/news\/esclarecimento-sobre-o-reajuste-do-plano-de-saude\/","title":{"rendered":"ESCLARECIMENTO SOBRE O REAJUSTE DO PLANO DE SA\u00daDE"},"content":{"rendered":"<p><img loading=\"lazy\" decoding=\"async\" class=\"aligncenter size-full wp-image-12259\" src=\"http:\/\/sindesvdf.com.br\/news\/wp-content\/uploads\/2019\/02\/Reajuste.jpg\" alt=\"\" width=\"700\" height=\"400\" srcset=\"https:\/\/sindesvdf.com.br\/news\/wp-content\/uploads\/2019\/02\/Reajuste.jpg 700w, https:\/\/sindesvdf.com.br\/news\/wp-content\/uploads\/2019\/02\/Reajuste-300x171.jpg 300w, https:\/\/sindesvdf.com.br\/news\/wp-content\/uploads\/2019\/02\/Reajuste-150x86.jpg 150w, https:\/\/sindesvdf.com.br\/news\/wp-content\/uploads\/2019\/02\/Reajuste-250x143.jpg 250w\" sizes=\"auto, (max-width: 700px) 100vw, 700px\" \/><\/p>\n<p><span style=\"font-size: 18px;\">O Sindicato dos Vigilantes do DF esclarece sobre o reajuste do plano de sa\u00fade dos associados conveniados ao benef\u00edcio de assist\u00eancia m\u00e9dica.\u00a0\u00a0\u00a0\u00a0\u00a0\u00a0\u00a0\u00a0\u00a0\u00a0\u00a0<\/span><\/p>\n<p><span style=\"font-size: 18px;\">O reajuste foi de R$ 39,00 por pessoa. Esse reajuste foi acertado pela diretoria ap\u00f3s v\u00e1rias negocia\u00e7\u00f5es, inclusive com proposta de melhorias pela operadora. As outras operadoras que ofertaram propostas n\u00e3o atendiam a necessidade da categoria nos dois produtos oferecidos que \u00e9 o plano de sa\u00fade completo hospitalar e o plano ambulatorial.\u00a0<\/span><\/p>\n<p><span style=\"font-size: 18px;\">A operadora Sa\u00fadesim colocar\u00e1 \u00e0 disposi\u00e7\u00e3o melhorias relevantes para os vigilantes como:<\/span><\/p>\n<ol>\n<li><span style=\"font-size: 18px;\"><strong>Hospital 24h Albert Sabin\u00a0na Asa Norte <\/strong><em>(a partir de 19\/03)<\/em><strong><br \/>\n&#8211; Pronto Socorro<\/strong> <strong>(Urg\u00eancia e Emerg\u00eancia)<\/strong> &#8211; nas especialidades Clinica M\u00e9dica, Pediatria, Ortopedia e Cirurgia Geral.<\/span><\/li>\n<\/ol>\n<p><span style=\"font-size: 18px;\">\u00a0\u00a0\u00a0\u00a0\u00a0\u00a0\u00a0\u00a0\u00a0\u00a0\u00a0 \u00a0Este hospital vai suprir o atendimento para os associados principalmente das regi\u00f5es de: Sobradinho, S\u00e3o Sebasti\u00e3o, Parano\u00e1, Planaltina e outras regi\u00f5es do lado norte de Bras\u00edlia.\u00a0<\/span><\/p>\n<ol start=\"2\">\n<li><span style=\"font-size: 18px;\"><strong>Hospital ANNA NERY de Taguatinga<\/strong> <em>(a partir de mar\u00e7o de 2019)<\/em><\/span><\/li>\n<\/ol>\n<p><span style=\"font-size: 18px;\">\u00a0\u00a0\u00a0\u00a0\u00a0\u00a0\u00a0\u00a0\u00a0\u00a0\u00a0 \u00a0 &#8211; <strong>Pronto atendimento<\/strong> das 07h \u00e0s 19h v\u00e1rias especialidades.\u00a0\u00a0<\/span><\/p>\n<p><span style=\"font-size: 18px;\">\u00a0\u00a0\u00a0\u00a0\u00a0\u00a0\u00a0\u00a0\u00a0\u00a0\u00a0 \u00a0\u00a0&#8211; <strong>Pronto Socorro<\/strong> <strong>(Urg\u00eancia e Emerg\u00eancia) <\/strong>nas especialidades: cl\u00ednica m\u00e9dica, pediatria e ortopedia. No Intervalo das 20h \u00e0s 07h, ser\u00e1 exclusivo para a categoria de vigilante e seus dependentes.<\/span><\/p>\n<ol start=\"4\">\n<li><span style=\"font-size: 18px;\">A operadora disponibilizar\u00e1 <em>(a partir de mar\u00e7o de 2019) <\/em>novas clinicas pr\u00f3prias Dr. Sim.<\/span><\/li>\n<li><span style=\"font-size: 18px;\">Tamb\u00e9m <em>(a partir de mar\u00e7o de 2019) <\/em>estar\u00e1 \u00e0 disposi\u00e7\u00e3o da categoria o atendimento pr\u00e9-hospitalar, por meio da <strong>MedLife<\/strong>. Atendimento este que \u00e9 domiciliar.<\/span><\/li>\n<\/ol>\n<p><span style=\"font-size: 18px;\">\u00a0\u00a0\u00a0\u00a0\u00a0\u00a0\u00a0\u00a0\u00a0\u00a0\u00a0 Divulgaremos novos detalhes no pr\u00f3ximo informativo.<\/span><\/p>\n<p class=\"wpf_wrapper\"><a class=\"print_link\" href=\"\" target=\"_blank\">Preparar para impress\u00e3o<\/a><\/p><!-- .wpf_wrapper -->","protected":false},"excerpt":{"rendered":"<p>O Sindicato dos Vigilantes do DF esclarece sobre o reajuste do plano de sa\u00fade dos associados conveniados ao benef\u00edcio de&hellip; <\/p>\n","protected":false},"author":1,"featured_media":0,"comment_status":"closed","ping_status":"closed","sticky":false,"template":"","format":"standard","meta":{"footnotes":""},"categories":[7],"tags":[],"class_list":["post-12258","post","type-post","status-publish","format-standard","hentry","category-noticias"],"jetpack_featured_media_url":"","_links":{"self":[{"href":"https:\/\/sindesvdf.com.br\/news\/wp-json\/wp\/v2\/posts\/12258","targetHints":{"allow":["GET"]}}],"collection":[{"href":"https:\/\/sindesvdf.com.br\/news\/wp-json\/wp\/v2\/posts"}],"about":[{"href":"https:\/\/sindesvdf.com.br\/news\/wp-json\/wp\/v2\/types\/post"}],"author":[{"embeddable":true,"href":"https:\/\/sindesvdf.com.br\/news\/wp-json\/wp\/v2\/users\/1"}],"replies":[{"embeddable":true,"href":"https:\/\/sindesvdf.com.br\/news\/wp-json\/wp\/v2\/comments?post=12258"}],"version-history":[{"count":2,"href":"https:\/\/sindesvdf.com.br\/news\/wp-json\/wp\/v2\/posts\/12258\/revisions"}],"predecessor-version":[{"id":12261,"href":"https:\/\/sindesvdf.com.br\/news\/wp-json\/wp\/v2\/posts\/12258\/revisions\/12261"}],"wp:attachment":[{"href":"https:\/\/sindesvdf.com.br\/news\/wp-json\/wp\/v2\/media?parent=12258"}],"wp:term":[{"taxonomy":"category","embeddable":true,"href":"https:\/\/sindesvdf.com.br\/news\/wp-json\/wp\/v2\/categories?post=12258"},{"taxonomy":"post_tag","embeddable":true,"href":"https:\/\/sindesvdf.com.br\/news\/wp-json\/wp\/v2\/tags?post=12258"}],"curies":[{"name":"wp","href":"https:\/\/api.w.org\/{rel}","templated":true}]}}