{"id":12269,"date":"2019-02-20T11:40:16","date_gmt":"2019-02-20T14:40:16","guid":{"rendered":"http:\/\/sindesvdf.com.br\/news\/?p=12269"},"modified":"2019-03-01T17:07:11","modified_gmt":"2019-03-01T20:07:11","slug":"sindesv-df-promove-concurso-de-redacao-para-vigilante-mulher","status":"publish","type":"post","link":"https:\/\/sindesvdf.com.br\/news\/sindesv-df-promove-concurso-de-redacao-para-vigilante-mulher\/","title":{"rendered":"Sindesv-DF promove Concurso de Reda\u00e7\u00e3o para Vigilante Feminina"},"content":{"rendered":"<p><img loading=\"lazy\" decoding=\"async\" class=\"aligncenter wp-image-12289 size-full\" src=\"http:\/\/sindesvdf.com.br\/news\/wp-content\/uploads\/2019\/02\/card-400x700.jpeg\" alt=\"\" width=\"700\" height=\"400\" srcset=\"https:\/\/sindesvdf.com.br\/news\/wp-content\/uploads\/2019\/02\/card-400x700.jpeg 700w, https:\/\/sindesvdf.com.br\/news\/wp-content\/uploads\/2019\/02\/card-400x700-300x171.jpeg 300w, https:\/\/sindesvdf.com.br\/news\/wp-content\/uploads\/2019\/02\/card-400x700-150x86.jpeg 150w, https:\/\/sindesvdf.com.br\/news\/wp-content\/uploads\/2019\/02\/card-400x700-250x143.jpeg 250w\" sizes=\"auto, (max-width: 700px) 100vw, 700px\" \/>O SINDESV-DF aproveita a data comemorativa do <strong>Dia Internacional da Mulher<\/strong> para provocar as vigilantes femininas a serem agentes identificadoras dos desafios e enfrentamentos por meio de suas viv\u00eancias no local de trabalho e propondo solu\u00e7\u00f5es para a erradica\u00e7\u00e3o de tantos preconceitos de g\u00eanero.<\/p>\n<p>Para isso, est\u00e1 promovendo o\u00a0<strong>1\u00ba Concurso de Reda\u00e7\u00e3o<\/strong> com o tema:\u00a0\u00a0<strong>OS DESAFIOS DA MULHER NA PROFISS\u00c3O DE VIGILANTE<\/strong>.<\/p>\n<p>A participante dever\u00e1 redigir uma reda\u00e7\u00e3o dissertativa abordando os desafios do g\u00eanero no exerc\u00edcio da profiss\u00e3o e ao final propor uma solu\u00e7\u00e3o.<\/p>\n<h4><span style=\"text-decoration: underline;\"><strong>Como participar?<\/strong><\/span><\/h4>\n<p>A reda\u00e7\u00e3o dever\u00e1 ser feita por vigilante feminina e dever\u00e1 ser enviada at\u00e9 o <strong>dia 11 de mar\u00e7o de 2019<\/strong><em>\u00a0(data prorrogada)<\/em> para o email <em>comunicacaosindesvdf@gmail.com<\/em> contendo nome completo e telefone para contato. A reda\u00e7\u00e3o dever\u00e1 ser dissertativa, autoral e in\u00e9dita.<\/p>\n<p>As 3 melhores reda\u00e7\u00f5es ser\u00e3o publicadas em nossas Redes Sociais <em>(Facebook, Instagram e Site)<\/em> no <strong>13 de mar\u00e7o<\/strong>\u00a0e Jornal Olho Vivo edi\u00e7\u00e3o n\u00ba 477.<\/p>\n<p>Veja <a href=\"http:\/\/sindesvdf.com.br\/news\/wp-content\/uploads\/2019\/02\/Regulamento-do-1\u00ba-Concurso-de-Reda\u00e7\u00e3o-mulheres.pdf\" target=\"_blank\" rel=\"noopener\"><strong>AQUI<\/strong><\/a> o regulamento do concurso.<\/p>\n<p class=\"wpf_wrapper\"><a class=\"print_link\" href=\"\" target=\"_blank\">Preparar para impress\u00e3o<\/a><\/p><!-- .wpf_wrapper -->","protected":false},"excerpt":{"rendered":"<p>O SINDESV-DF aproveita a data comemorativa do Dia Internacional da Mulher para provocar as vigilantes femininas a serem agentes identificadoras&hellip; <\/p>\n","protected":false},"author":1,"featured_media":0,"comment_status":"closed","ping_status":"closed","sticky":false,"template":"","format":"standard","meta":{"footnotes":""},"categories":[142],"tags":[],"class_list":["post-12269","post","type-post","status-publish","format-standard","hentry","category-dia-internacional-da-mulher"],"jetpack_featured_media_url":"","_links":{"self":[{"href":"https:\/\/sindesvdf.com.br\/news\/wp-json\/wp\/v2\/posts\/12269","targetHints":{"allow":["GET"]}}],"collection":[{"href":"https:\/\/sindesvdf.com.br\/news\/wp-json\/wp\/v2\/posts"}],"about":[{"href":"https:\/\/sindesvdf.com.br\/news\/wp-json\/wp\/v2\/types\/post"}],"author":[{"embeddable":true,"href":"https:\/\/sindesvdf.com.br\/news\/wp-json\/wp\/v2\/users\/1"}],"replies":[{"embeddable":true,"href":"https:\/\/sindesvdf.com.br\/news\/wp-json\/wp\/v2\/comments?post=12269"}],"version-history":[{"count":15,"href":"https:\/\/sindesvdf.com.br\/news\/wp-json\/wp\/v2\/posts\/12269\/revisions"}],"predecessor-version":[{"id":12271,"href":"https:\/\/sindesvdf.com.br\/news\/wp-json\/wp\/v2\/posts\/12269\/revisions\/12271"}],"wp:attachment":[{"href":"https:\/\/sindesvdf.com.br\/news\/wp-json\/wp\/v2\/media?parent=12269"}],"wp:term":[{"taxonomy":"category","embeddable":true,"href":"https:\/\/sindesvdf.com.br\/news\/wp-json\/wp\/v2\/categories?post=12269"},{"taxonomy":"post_tag","embeddable":true,"href":"https:\/\/sindesvdf.com.br\/news\/wp-json\/wp\/v2\/tags?post=12269"}],"curies":[{"name":"wp","href":"https:\/\/api.w.org\/{rel}","templated":true}]}}