{"id":12279,"date":"2019-02-19T19:11:59","date_gmt":"2019-02-19T22:11:59","guid":{"rendered":"http:\/\/sindesvdf.com.br\/news\/?p=12279"},"modified":"2019-02-19T19:11:59","modified_gmt":"2019-02-19T22:11:59","slug":"atencao-vigilantes-da-brasfort-e-demais-empresas-o-sindicato-nao-convocou-manifestacao","status":"publish","type":"post","link":"https:\/\/sindesvdf.com.br\/news\/atencao-vigilantes-da-brasfort-e-demais-empresas-o-sindicato-nao-convocou-manifestacao\/","title":{"rendered":"Aten\u00e7\u00e3o Vigilantes da Brasfort e demais empresas, o Sindicato n\u00e3o convocou manifesta\u00e7\u00e3o!"},"content":{"rendered":"<p><img loading=\"lazy\" decoding=\"async\" class=\"aligncenter size-full wp-image-12280\" src=\"http:\/\/sindesvdf.com.br\/news\/wp-content\/uploads\/2019\/02\/Associa\u00e7\u00e3o.png\" alt=\"\" width=\"700\" height=\"400\" srcset=\"https:\/\/sindesvdf.com.br\/news\/wp-content\/uploads\/2019\/02\/Associa\u00e7\u00e3o.png 700w, https:\/\/sindesvdf.com.br\/news\/wp-content\/uploads\/2019\/02\/Associa\u00e7\u00e3o-300x171.png 300w, https:\/\/sindesvdf.com.br\/news\/wp-content\/uploads\/2019\/02\/Associa\u00e7\u00e3o-150x86.png 150w, https:\/\/sindesvdf.com.br\/news\/wp-content\/uploads\/2019\/02\/Associa\u00e7\u00e3o-250x143.png 250w\" sizes=\"auto, (max-width: 700px) 100vw, 700px\" \/><\/p>\n<p><span style=\"font-size: 18px;\">Tem uma Associa\u00e7\u00e3o que est\u00e1 sempre querendo se meter em assuntos que dizem respeito ao Sindicato, pois o sujeito que est\u00e1 por tr\u00e1s dela, n\u00e3o tem qualquer poder de negocia\u00e7\u00e3o e bem sabemos o quanto \u00e9 ligado aos interesses patronais. Todos os vigilantes do Distrito Federal sabem quem banca essa associa\u00e7\u00e3o e os reais motivos da sua cria\u00e7\u00e3o, que \u00e9 o de tumultuar nossas lutas em defesa da categoria.<\/span><\/p>\n<p><span style=\"font-size: 18px;\">Portanto, esta convocat\u00f3ria chamando os vigilantes para uma manifesta\u00e7\u00e3o em frente ao Buriti, cobrando o t\u00edquete refei\u00e7\u00e3o n\u00e3o tem o menor cabimento, pois o GDF j\u00e1 se manifestou oficialmente sobre a quest\u00e3o do t\u00edquete alimenta\u00e7\u00e3o, atrav\u00e9s de um memorando onde diz que, se a empresa n\u00e3o pagar o benef\u00edcio, o GDF descontar\u00e1 os valores da fatura da mesma.<\/span><\/p>\n<p><span style=\"font-size: 18px;\">O Sindicato est\u00e1 trabalhando para assinarmos a CCT com todas as cl\u00e1usulas que foram acordadas nas negocia\u00e7\u00f5es e qualquer mudan\u00e7a na mesma, n\u00e3o aceitaremos.<\/span><\/p>\n<p><span style=\"font-size: 18px;\">Fiquem atentos e n\u00e3o se deixem influenciar por quem s\u00f3 pensa em tirar proveito da situa\u00e7\u00e3o e sempre para beneficiar patr\u00f5es.<\/span><\/p>\n<p><span style=\"font-size: 18px;\">Esta associa\u00e7\u00e3o e o sujeito que a dirige n\u00e3o representa os vigilantes, muitos menos seus interesses e reivindica\u00e7\u00f5es.<\/span><\/p>\n<p class=\"wpf_wrapper\"><a class=\"print_link\" href=\"\" target=\"_blank\">Preparar para impress\u00e3o<\/a><\/p><!-- .wpf_wrapper -->","protected":false},"excerpt":{"rendered":"<p>Tem uma Associa\u00e7\u00e3o que est\u00e1 sempre querendo se meter em assuntos que dizem respeito ao Sindicato, pois o sujeito que&hellip; <\/p>\n","protected":false},"author":1,"featured_media":0,"comment_status":"closed","ping_status":"closed","sticky":false,"template":"","format":"standard","meta":{"footnotes":""},"categories":[7],"tags":[],"class_list":["post-12279","post","type-post","status-publish","format-standard","hentry","category-noticias"],"jetpack_featured_media_url":"","_links":{"self":[{"href":"https:\/\/sindesvdf.com.br\/news\/wp-json\/wp\/v2\/posts\/12279","targetHints":{"allow":["GET"]}}],"collection":[{"href":"https:\/\/sindesvdf.com.br\/news\/wp-json\/wp\/v2\/posts"}],"about":[{"href":"https:\/\/sindesvdf.com.br\/news\/wp-json\/wp\/v2\/types\/post"}],"author":[{"embeddable":true,"href":"https:\/\/sindesvdf.com.br\/news\/wp-json\/wp\/v2\/users\/1"}],"replies":[{"embeddable":true,"href":"https:\/\/sindesvdf.com.br\/news\/wp-json\/wp\/v2\/comments?post=12279"}],"version-history":[{"count":1,"href":"https:\/\/sindesvdf.com.br\/news\/wp-json\/wp\/v2\/posts\/12279\/revisions"}],"predecessor-version":[{"id":12281,"href":"https:\/\/sindesvdf.com.br\/news\/wp-json\/wp\/v2\/posts\/12279\/revisions\/12281"}],"wp:attachment":[{"href":"https:\/\/sindesvdf.com.br\/news\/wp-json\/wp\/v2\/media?parent=12279"}],"wp:term":[{"taxonomy":"category","embeddable":true,"href":"https:\/\/sindesvdf.com.br\/news\/wp-json\/wp\/v2\/categories?post=12279"},{"taxonomy":"post_tag","embeddable":true,"href":"https:\/\/sindesvdf.com.br\/news\/wp-json\/wp\/v2\/tags?post=12279"}],"curies":[{"name":"wp","href":"https:\/\/api.w.org\/{rel}","templated":true}]}}