{"id":12454,"date":"2019-03-19T09:46:58","date_gmt":"2019-03-19T12:46:58","guid":{"rendered":"http:\/\/sindesvdf.com.br\/news\/?p=12454"},"modified":"2019-03-19T10:05:02","modified_gmt":"2019-03-19T13:05:02","slug":"12454","status":"publish","type":"post","link":"https:\/\/sindesvdf.com.br\/news\/12454\/","title":{"rendered":"Sindicato d\u00e1 continuidade \u00e0s atividades sobre a Sa\u00fade da\/o Vigilante"},"content":{"rendered":"\n<div class=\"wp-block-image\"><figure class=\"aligncenter\"><img loading=\"lazy\" decoding=\"async\" width=\"700\" height=\"400\" src=\"http:\/\/sindesvdf.com.br\/news\/wp-content\/uploads\/2019\/03\/roda-de-conversa-700x400.png\" alt=\"\" class=\"wp-image-12456\" srcset=\"https:\/\/sindesvdf.com.br\/news\/wp-content\/uploads\/2019\/03\/roda-de-conversa-700x400.png 700w, https:\/\/sindesvdf.com.br\/news\/wp-content\/uploads\/2019\/03\/roda-de-conversa-700x400-300x171.png 300w, https:\/\/sindesvdf.com.br\/news\/wp-content\/uploads\/2019\/03\/roda-de-conversa-700x400-150x86.png 150w, https:\/\/sindesvdf.com.br\/news\/wp-content\/uploads\/2019\/03\/roda-de-conversa-700x400-250x143.png 250w\" sizes=\"auto, (max-width: 700px) 100vw, 700px\" \/><\/figure><\/div>\n\n\n\n<p>Dando prosseguimento \u00e0s atividades sobre a Sa\u00fade da\/o Vigilante, o Sindicado dos Vigilantes do DF (Sindesv-DF) promover\u00e1 <strong>Roda de Conversa <\/strong>nos pr\u00f3ximos dias 21 e 22 de mar\u00e7o, de 9h30 \u00e0s 12h (audit\u00f3rio do Sindicato &#8211; Ed. Ven\u00e2ncio V, cobertura) com a participa\u00e7\u00e3o da <strong><em>Dra. Sandra Studart<\/em><\/strong>, abordando os seguintes\u00a0assuntos:<\/p>\n\n\n\n<ul class=\"wp-block-list\"><li><span style=\"font-size: 20px;\"><strong>21\/03 (quinta-feira):<\/strong> os problemas psicol\u00f3gicos enfrentados no ambiente de trabalho.<\/span><\/li><li><span style=\"font-size: 20px;\"><strong>22\/03 (sexta-feira):<\/strong> ass\u00e9dio moral e sexual no local de trabalho e as narrativas discriminat\u00f3rias que sempre colocam minorias em locais de inferioridade.<\/span><\/li><\/ul>\n\n\n\n<p>O evento \u00e9 aberto a todas e todos os vigilantes que se preocupam com sua mais preciosa ferramenta de trabalho, sua SA\u00daDE!<br \/><\/p>\n\n\n\n<h5 class=\"wp-block-heading\" style=\"text-align:center\"><strong>PARTICIPE!!!<\/strong><\/h5>\n<p class=\"wpf_wrapper\"><a class=\"print_link\" href=\"\" target=\"_blank\">Preparar para impress\u00e3o<\/a><\/p><!-- .wpf_wrapper -->","protected":false},"excerpt":{"rendered":"<p>Dando prosseguimento \u00e0s atividades sobre a Sa\u00fade da\/o Vigilante, o Sindicado dos Vigilantes do DF (Sindesv-DF) promover\u00e1 Roda de Conversa&hellip; <\/p>\n","protected":false},"author":1,"featured_media":0,"comment_status":"closed","ping_status":"closed","sticky":false,"template":"","format":"standard","meta":{"footnotes":""},"categories":[7],"tags":[],"class_list":["post-12454","post","type-post","status-publish","format-standard","hentry","category-noticias"],"jetpack_featured_media_url":"","_links":{"self":[{"href":"https:\/\/sindesvdf.com.br\/news\/wp-json\/wp\/v2\/posts\/12454","targetHints":{"allow":["GET"]}}],"collection":[{"href":"https:\/\/sindesvdf.com.br\/news\/wp-json\/wp\/v2\/posts"}],"about":[{"href":"https:\/\/sindesvdf.com.br\/news\/wp-json\/wp\/v2\/types\/post"}],"author":[{"embeddable":true,"href":"https:\/\/sindesvdf.com.br\/news\/wp-json\/wp\/v2\/users\/1"}],"replies":[{"embeddable":true,"href":"https:\/\/sindesvdf.com.br\/news\/wp-json\/wp\/v2\/comments?post=12454"}],"version-history":[{"count":4,"href":"https:\/\/sindesvdf.com.br\/news\/wp-json\/wp\/v2\/posts\/12454\/revisions"}],"predecessor-version":[{"id":12462,"href":"https:\/\/sindesvdf.com.br\/news\/wp-json\/wp\/v2\/posts\/12454\/revisions\/12462"}],"wp:attachment":[{"href":"https:\/\/sindesvdf.com.br\/news\/wp-json\/wp\/v2\/media?parent=12454"}],"wp:term":[{"taxonomy":"category","embeddable":true,"href":"https:\/\/sindesvdf.com.br\/news\/wp-json\/wp\/v2\/categories?post=12454"},{"taxonomy":"post_tag","embeddable":true,"href":"https:\/\/sindesvdf.com.br\/news\/wp-json\/wp\/v2\/tags?post=12454"}],"curies":[{"name":"wp","href":"https:\/\/api.w.org\/{rel}","templated":true}]}}