{"id":12506,"date":"2019-03-20T15:16:08","date_gmt":"2019-03-20T18:16:08","guid":{"rendered":"http:\/\/sindesvdf.com.br\/news\/?p=12506"},"modified":"2019-03-20T15:16:08","modified_gmt":"2019-03-20T18:16:08","slug":"contra-pec-de-bolsonaro-parlamentares-recriam-frente-pro-previdencia","status":"publish","type":"post","link":"https:\/\/sindesvdf.com.br\/news\/contra-pec-de-bolsonaro-parlamentares-recriam-frente-pro-previdencia\/","title":{"rendered":"Contra PEC de Bolsonaro, parlamentares recriam frente pr\u00f3-Previd\u00eancia"},"content":{"rendered":"<p><img loading=\"lazy\" decoding=\"async\" class=\"size-full wp-image-12507 aligncenter\" src=\"http:\/\/sindesvdf.com.br\/news\/wp-content\/uploads\/2019\/03\/camara.png\" alt=\"\" width=\"700\" height=\"400\" srcset=\"https:\/\/sindesvdf.com.br\/news\/wp-content\/uploads\/2019\/03\/camara.png 700w, https:\/\/sindesvdf.com.br\/news\/wp-content\/uploads\/2019\/03\/camara-300x171.png 300w, https:\/\/sindesvdf.com.br\/news\/wp-content\/uploads\/2019\/03\/camara-150x86.png 150w, https:\/\/sindesvdf.com.br\/news\/wp-content\/uploads\/2019\/03\/camara-250x143.png 250w\" sizes=\"auto, (max-width: 700px) 100vw, 700px\" \/><\/p>\n<p><span style=\"font-size: 18px;\">Prestes a\u00a0<a href=\"https:\/\/www.cartacapital.com.br\/politica\/militares-na-previdencia-um-no-que-bolsonaro-tera-que-desatar\/\">receber o texto que altera as regras de aposentadoria dos militares<\/a>, a oposi\u00e7\u00e3o se organiza para barrar a\u00a0<a href=\"https:\/\/www.cartacapital.com.br\/politica\/de-estudante-a-pre-aposentado-como-e-e-como-pode-ficar-a-previdencia\/\">Previd\u00eancia do governo Bolsonaro<\/a>.\u00a0Foi relan\u00e7ada nesta quarta-feira 20\u00a0a chamada Frente Parlamentar Mista em Defesa da Previd\u00eancia Social, que re\u00fane representantes da C\u00e2mara e do Senado.<\/span><\/p>\n<p><span style=\"font-size: 18px;\">Trinta senadores e noventa deputados assinaram o texto at\u00e9 agora, al\u00e9m de mais de 100 entidades de classes. Esse n\u00famero deve aumentar nas pr\u00f3ximas horas, j\u00e1 que os interessados podem formalizar o apoio ao longo do dia.<\/span><\/p>\n<p><span style=\"font-size: 18px;\">Coordenam a iniciativa o senador Paulo Paim (PT) e o deputado Andr\u00e9 Figueiredo, l\u00edder do PDT na C\u00e2mara \u2013 o partido fechou quest\u00e3o contra Reforma.\u00a0O grupo deve apresentar uma proposta alternativa.<\/span><\/p>\n<p><span style=\"font-size: 18px;\">A organiza\u00e7\u00e3o j\u00e1 havia sido lan\u00e7ada em 2016, quando a PEC foi apresentada pelo governo Temer. Nessa nova roupagem, os parlamentares criticam principalmente o\u00a0<a href=\"https:\/\/www.cartacapital.com.br\/economia\/capitalizacao-transformou-adultos-de-classe-media-em-idosos-pobres\/\">regime de capitaliza\u00e7\u00e3o<\/a>\u00a0e as diferen\u00e7as entre a proposta dos militares e do regime geral.\u00a0\u201cEsse governo tem que entender que a Previd\u00eancia brasileira n\u00e3o \u00e9 do sistema financeiro. Sistema de reparti\u00e7\u00e3o \u00e9 cl\u00e1usula p\u00e9trea\u201d, diz Paim.<\/span><\/p>\n<p><span style=\"font-size: 18px;\">Na legislatura anterior, o total de apoiadores chegou a 270 na C\u00e2mara e 23 no Senado.<\/span><\/p>\n<p style=\"text-align: right;\"><em><span style=\"color: #ff0000;\">Fonte: Carta Capital<\/span><\/em><\/p>\n<p class=\"wpf_wrapper\"><a class=\"print_link\" href=\"\" target=\"_blank\">Preparar para impress\u00e3o<\/a><\/p><!-- .wpf_wrapper -->","protected":false},"excerpt":{"rendered":"<p>Prestes a\u00a0receber o texto que altera as regras de aposentadoria dos militares, a oposi\u00e7\u00e3o se organiza para barrar a\u00a0Previd\u00eancia do&hellip; <\/p>\n","protected":false},"author":1,"featured_media":0,"comment_status":"closed","ping_status":"closed","sticky":false,"template":"","format":"standard","meta":{"footnotes":""},"categories":[7],"tags":[],"class_list":["post-12506","post","type-post","status-publish","format-standard","hentry","category-noticias"],"jetpack_featured_media_url":"","_links":{"self":[{"href":"https:\/\/sindesvdf.com.br\/news\/wp-json\/wp\/v2\/posts\/12506","targetHints":{"allow":["GET"]}}],"collection":[{"href":"https:\/\/sindesvdf.com.br\/news\/wp-json\/wp\/v2\/posts"}],"about":[{"href":"https:\/\/sindesvdf.com.br\/news\/wp-json\/wp\/v2\/types\/post"}],"author":[{"embeddable":true,"href":"https:\/\/sindesvdf.com.br\/news\/wp-json\/wp\/v2\/users\/1"}],"replies":[{"embeddable":true,"href":"https:\/\/sindesvdf.com.br\/news\/wp-json\/wp\/v2\/comments?post=12506"}],"version-history":[{"count":1,"href":"https:\/\/sindesvdf.com.br\/news\/wp-json\/wp\/v2\/posts\/12506\/revisions"}],"predecessor-version":[{"id":12508,"href":"https:\/\/sindesvdf.com.br\/news\/wp-json\/wp\/v2\/posts\/12506\/revisions\/12508"}],"wp:attachment":[{"href":"https:\/\/sindesvdf.com.br\/news\/wp-json\/wp\/v2\/media?parent=12506"}],"wp:term":[{"taxonomy":"category","embeddable":true,"href":"https:\/\/sindesvdf.com.br\/news\/wp-json\/wp\/v2\/categories?post=12506"},{"taxonomy":"post_tag","embeddable":true,"href":"https:\/\/sindesvdf.com.br\/news\/wp-json\/wp\/v2\/tags?post=12506"}],"curies":[{"name":"wp","href":"https:\/\/api.w.org\/{rel}","templated":true}]}}