{"id":12511,"date":"2019-03-21T15:30:13","date_gmt":"2019-03-21T18:30:13","guid":{"rendered":"http:\/\/sindesvdf.com.br\/news\/?p=12511"},"modified":"2019-03-21T15:30:13","modified_gmt":"2019-03-21T18:30:13","slug":"trabalhadores-vao-as-ruas-nesta-sexta-dizer-nao-a-reforma-da-previdencia","status":"publish","type":"post","link":"https:\/\/sindesvdf.com.br\/news\/trabalhadores-vao-as-ruas-nesta-sexta-dizer-nao-a-reforma-da-previdencia\/","title":{"rendered":"Trabalhadores v\u00e3o \u00e0s ruas nesta sexta dizer n\u00e3o \u00e0 &#8216;reforma&#8217; da Previd\u00eancia"},"content":{"rendered":"<figure id=\"attachment_12512\" aria-describedby=\"caption-attachment-12512\" style=\"width: 700px\" class=\"wp-caption aligncenter\"><img loading=\"lazy\" decoding=\"async\" class=\"wp-image-12512 size-full\" src=\"http:\/\/sindesvdf.com.br\/news\/wp-content\/uploads\/2019\/03\/CUT.png\" alt=\"\" width=\"700\" height=\"400\" srcset=\"https:\/\/sindesvdf.com.br\/news\/wp-content\/uploads\/2019\/03\/CUT.png 700w, https:\/\/sindesvdf.com.br\/news\/wp-content\/uploads\/2019\/03\/CUT-300x171.png 300w, https:\/\/sindesvdf.com.br\/news\/wp-content\/uploads\/2019\/03\/CUT-150x86.png 150w, https:\/\/sindesvdf.com.br\/news\/wp-content\/uploads\/2019\/03\/CUT-250x143.png 250w\" sizes=\"auto, (max-width: 700px) 100vw, 700px\" \/><figcaption id=\"caption-attachment-12512\" class=\"wp-caption-text\">Ao menos 78 cidades organizam atividades para amanh\u00e3 contra o pacote de propostas que altera as regras para aposentadorias da popula\u00e7\u00e3o, sem combater privil\u00e9gios e favorecendo o sistema financeiro<\/figcaption><\/figure>\n<p class=\" \"><span style=\"font-size: 18px;\">Todos os estados do pa\u00eds e o Distrito Federal organizam manifesta\u00e7\u00f5es para o\u00a0<a class=\"external-link\" title=\"\" href=\"http:\/\/minhaaposentadoria.net.br\/centrais-protestos-22-de-marco\/\" target=\"_blank\" rel=\"noopener noreferrer\">Dia Nacional de Luta em Defesa da Previd\u00eancia<\/a>, nesta sexta-feira (22), em resposta \u00e0 proposta de &#8220;reforma&#8221; apresentada pelo governo de Jair\u00a0<strong>Bolsonaro<\/strong>. Ao todo, atos, panfletagens e outras a\u00e7\u00f5es\u00a0<a class=\"internal-link\" title=\"\" href=\"https:\/\/www.redebrasilatual.com.br\/trabalho\/2019\/03\/reforma-da-previdencia-joga-onus-da-crise-nos-trabalhadores\" target=\"_blank\" rel=\"noopener noreferrer\">contra a retirada de direitos<\/a>\u00a0devem ocorrer ao menos em 78 cidades brasileiras.<\/span><\/p>\n<p class=\" \"><span style=\"font-size: 18px;\">Na capital paulista, a concentra\u00e7\u00e3o est\u00e1 marcada para as 17h, em frente ao Masp, na Avenida Paulista. Na regi\u00e3o do ABC, haver\u00e1 passeata logo cedo saindo da f\u00e1brica da Ford, em S\u00e3o Bernardo do Campo. No Rio de Janeiro, o ato ocorre \u00e0s 16h, na Candel\u00e1ria, regi\u00e3o central. Em Belo Horizonte, a manifesta\u00e7\u00e3o come\u00e7a tamb\u00e9m \u00e0s 17h na Pra\u00e7a Sete, no centro da cidade. H\u00e1 ainda na parte da manh\u00e3 atividades nos bairros Barreiro e Venda Nova.<\/span><\/p>\n<p class=\" \"><span style=\"font-size: 18px;\">Reuni\u00e3o, semin\u00e1rios, assembleias, atos e paralisa\u00e7\u00f5es est\u00e3o previstas para denunciar os riscos dos trabalhadores com a\u00a0<a class=\"external-link\" title=\"\" href=\"http:\/\/minhaaposentadoria.net.br\/noticias\" target=\"_blank\" rel=\"noopener noreferrer\">&#8220;reforma&#8221; da Previd\u00eancia<\/a>\u00a0em Bras\u00edlia, al\u00e9m do ato agendado para as 17h, na Pra\u00e7a Zumbi dos Palmares, no Setor de Divers\u00f5es Sul. Em Manaus, a concentra\u00e7\u00e3o est\u00e1 prevista para as 15h, na Pra\u00e7a da Pol\u00edcia e deve seguir at\u00e9 a Pra\u00e7a da Matriz, no centro.<\/span><\/p>\n<p class=\" \"><span style=\"font-size: 18px;\">Al\u00e9m das capitais, outras 51 cidades das regi\u00f5es metropolitanas e no interior tamb\u00e9m programam atos contra a &#8220;reforma&#8221; da Previd\u00eancia. As ades\u00f5es \u00e0s atividades tamb\u00e9m acontecem por categorias, como os banc\u00e1rios, que abrir\u00e3o o dia de manifesta\u00e7\u00f5es com diversas atividades em ag\u00eancias e concentra\u00e7\u00f5es de trabalhadores do ramo financeiro, de acordo com informa\u00e7\u00f5es da\u00a0<a class=\"external-link\" title=\"\" href=\"https:\/\/contrafcut.com.br\/noticias\/trabalhadores-vao-as-ruas-contra-a-reforma-da-previdencia\/\" target=\"_blank\" rel=\"noopener noreferrer\">Confedera\u00e7\u00e3o Nacional dos Trabalhadores do Ramo Financeiro (Contraf-CUT<\/a>). Desde ter\u00e7a-feira (19), por meio do\u00a0<a class=\"external-link\" title=\"\" href=\"http:\/\/spbancarios.com.br\/03\/2019\/em-defesa-da-previdencia-sindicato-nas-ruas\" target=\"_blank\" rel=\"noopener noreferrer\">Sindicato dos Banc\u00e1rios<\/a>\u00a0de S\u00e3o Paulo, Osasco e Regi\u00e3o, a categoria tem se articulado na regi\u00e3o central da cidade para alertar a popula\u00e7\u00e3o sobre os riscos da proposta de destrui\u00e7\u00e3o da Previd\u00eancia pelo governo Bolsonaro.<\/span><\/p>\n<p class=\" \"><span style=\"font-size: 18px;\">Com o mesmo intuito, a CUT lan\u00e7ou ainda uma campanha e um\u00a0<em>site\u00a0<\/em>&#8220;<a class=\"external-link\" title=\"\" href=\"http:\/\/reajaagora.org.br\/\" target=\"_blank\" rel=\"noopener noreferrer\">Reaja agora&#8221;<\/a>\u00a0informando sobre os pontos da &#8220;reforma&#8221; e seus impactos sobre os trabalhadores, al\u00e9m de pe\u00e7as e materiais informativos que podem ser acessados por\u00a0<a class=\"external-link\" title=\"\" href=\"https:\/\/www.cut.org.br\/acao\/22-de-marco-dia-nacional-de-luta-em-defesa-da-previdencia-4148\" target=\"_blank\" rel=\"noopener noreferrer\">aqui<\/a>.\u00a0<\/span><\/p>\n<p class=\" \"><span style=\"font-size: 18px;\">Toda a mobiliza\u00e7\u00e3o \u00e9, no entanto, um &#8220;esquenta&#8221; para uma greve geral, caso a proposta de retirada dos direitos trabalhistas seja levada adiante pelo Congresso. A exemplo das paralisa\u00e7\u00f5es que ocorreram em 28 de abril de 2017, os dirigentes sindicais e movimentos sociais avaliam a campanha como um passo essencial para frear os retrocessos do governo Bolsonaro.<\/span><\/p>\n<p class=\" \"><em><span class=\"discreet\">(Com informa\u00e7\u00f5es da CUT)<\/span><\/em><\/p>\n<p style=\"text-align: right;\"><span style=\"color: #ff0000;\">Fonte: Rede Brasil Atual<\/span><\/p>\n<p class=\"wpf_wrapper\"><a class=\"print_link\" href=\"\" target=\"_blank\">Preparar para impress\u00e3o<\/a><\/p><!-- .wpf_wrapper -->","protected":false},"excerpt":{"rendered":"<p>Todos os estados do pa\u00eds e o Distrito Federal organizam manifesta\u00e7\u00f5es para o\u00a0Dia Nacional de Luta em Defesa da Previd\u00eancia,&hellip; <\/p>\n","protected":false},"author":1,"featured_media":0,"comment_status":"closed","ping_status":"closed","sticky":false,"template":"","format":"standard","meta":{"footnotes":""},"categories":[7],"tags":[],"class_list":["post-12511","post","type-post","status-publish","format-standard","hentry","category-noticias"],"jetpack_featured_media_url":"","_links":{"self":[{"href":"https:\/\/sindesvdf.com.br\/news\/wp-json\/wp\/v2\/posts\/12511","targetHints":{"allow":["GET"]}}],"collection":[{"href":"https:\/\/sindesvdf.com.br\/news\/wp-json\/wp\/v2\/posts"}],"about":[{"href":"https:\/\/sindesvdf.com.br\/news\/wp-json\/wp\/v2\/types\/post"}],"author":[{"embeddable":true,"href":"https:\/\/sindesvdf.com.br\/news\/wp-json\/wp\/v2\/users\/1"}],"replies":[{"embeddable":true,"href":"https:\/\/sindesvdf.com.br\/news\/wp-json\/wp\/v2\/comments?post=12511"}],"version-history":[{"count":1,"href":"https:\/\/sindesvdf.com.br\/news\/wp-json\/wp\/v2\/posts\/12511\/revisions"}],"predecessor-version":[{"id":12513,"href":"https:\/\/sindesvdf.com.br\/news\/wp-json\/wp\/v2\/posts\/12511\/revisions\/12513"}],"wp:attachment":[{"href":"https:\/\/sindesvdf.com.br\/news\/wp-json\/wp\/v2\/media?parent=12511"}],"wp:term":[{"taxonomy":"category","embeddable":true,"href":"https:\/\/sindesvdf.com.br\/news\/wp-json\/wp\/v2\/categories?post=12511"},{"taxonomy":"post_tag","embeddable":true,"href":"https:\/\/sindesvdf.com.br\/news\/wp-json\/wp\/v2\/tags?post=12511"}],"curies":[{"name":"wp","href":"https:\/\/api.w.org\/{rel}","templated":true}]}}