{"id":12514,"date":"2019-03-22T13:31:41","date_gmt":"2019-03-22T16:31:41","guid":{"rendered":"http:\/\/sindesvdf.com.br\/news\/?p=12514"},"modified":"2019-03-22T13:31:41","modified_gmt":"2019-03-22T16:31:41","slug":"mais-uma-atividade-do-mes-da-mulher-e-realizada-pelo-sindesv-df","status":"publish","type":"post","link":"https:\/\/sindesvdf.com.br\/news\/mais-uma-atividade-do-mes-da-mulher-e-realizada-pelo-sindesv-df\/","title":{"rendered":"Mais uma atividade do m\u00eas da Mulher \u00e9 realizada pelo SINDESV-DF"},"content":{"rendered":"<p><img loading=\"lazy\" decoding=\"async\" class=\"aligncenter size-full wp-image-12515\" src=\"http:\/\/sindesvdf.com.br\/news\/wp-content\/uploads\/2019\/03\/RODA-DE-CONVERSA_QUINTA.png\" alt=\"\" width=\"700\" height=\"400\" srcset=\"https:\/\/sindesvdf.com.br\/news\/wp-content\/uploads\/2019\/03\/RODA-DE-CONVERSA_QUINTA.png 700w, https:\/\/sindesvdf.com.br\/news\/wp-content\/uploads\/2019\/03\/RODA-DE-CONVERSA_QUINTA-300x171.png 300w, https:\/\/sindesvdf.com.br\/news\/wp-content\/uploads\/2019\/03\/RODA-DE-CONVERSA_QUINTA-150x86.png 150w, https:\/\/sindesvdf.com.br\/news\/wp-content\/uploads\/2019\/03\/RODA-DE-CONVERSA_QUINTA-250x143.png 250w\" sizes=\"auto, (max-width: 700px) 100vw, 700px\" \/><\/p>\n<p><span style=\"font-size: 18px;\">Nestas quinta e sexta-feira, 21 e 22 de mar\u00e7o, o Sindicato dos Vigilantes do DF (SINDESV-DF), dando continuidade \u00e0 Programa\u00e7\u00e3o do M\u00eas da Mulher, realizou Rodas de Conversa com a participa\u00e7\u00e3o da psic\u00f3loga Dr\u00aa Sandra Studart. No dia 21\/03 o tema abordado foi \u201c<strong>Os problemas psicol\u00f3gicos enfrentados no ambiente de trabalho<\/strong>\u201d e no dia 22\/03 o tema da roda de conversa foi sobre \u201c<strong>Ass\u00e9dio moral e sexual no local de trabalho, e as narrativas discriminat\u00f3rias que sempre colocam minorias em locais de inferioridade<\/strong>\u201d.<\/span><\/p>\n<p><span style=\"font-size: 18px;\">S\u00e3o temas bem atuais e que precisam estar na agenda do trabalhador e da trabalhadora, pois ao enfrentar o problema, seja assumindo o mesmo, desabafando, ou buscando ajuda, damos o primeiro passo para a sua solu\u00e7\u00e3o ou redu\u00e7\u00e3o dos males causados.<\/span><\/p>\n<p><span style=\"font-size: 18px;\">Aos poucos, vamos quebrando as barreiras e resist\u00eancias para que os trabalhadores possam expressar seus conflitos internos e externos e assim possamos buscar melhores condi\u00e7\u00f5es de vida e de trabalho para todas e todos.<\/span><\/p>\n<p>&nbsp;<\/p>\n<p class=\"wpf_wrapper\"><a class=\"print_link\" href=\"\" target=\"_blank\">Preparar para impress\u00e3o<\/a><\/p><!-- .wpf_wrapper -->","protected":false},"excerpt":{"rendered":"<p>Nestas quinta e sexta-feira, 21 e 22 de mar\u00e7o, o Sindicato dos Vigilantes do DF (SINDESV-DF), dando continuidade \u00e0 Programa\u00e7\u00e3o&hellip; <\/p>\n","protected":false},"author":1,"featured_media":0,"comment_status":"closed","ping_status":"closed","sticky":false,"template":"","format":"standard","meta":{"footnotes":""},"categories":[7],"tags":[],"class_list":["post-12514","post","type-post","status-publish","format-standard","hentry","category-noticias"],"jetpack_featured_media_url":"","_links":{"self":[{"href":"https:\/\/sindesvdf.com.br\/news\/wp-json\/wp\/v2\/posts\/12514","targetHints":{"allow":["GET"]}}],"collection":[{"href":"https:\/\/sindesvdf.com.br\/news\/wp-json\/wp\/v2\/posts"}],"about":[{"href":"https:\/\/sindesvdf.com.br\/news\/wp-json\/wp\/v2\/types\/post"}],"author":[{"embeddable":true,"href":"https:\/\/sindesvdf.com.br\/news\/wp-json\/wp\/v2\/users\/1"}],"replies":[{"embeddable":true,"href":"https:\/\/sindesvdf.com.br\/news\/wp-json\/wp\/v2\/comments?post=12514"}],"version-history":[{"count":1,"href":"https:\/\/sindesvdf.com.br\/news\/wp-json\/wp\/v2\/posts\/12514\/revisions"}],"predecessor-version":[{"id":12516,"href":"https:\/\/sindesvdf.com.br\/news\/wp-json\/wp\/v2\/posts\/12514\/revisions\/12516"}],"wp:attachment":[{"href":"https:\/\/sindesvdf.com.br\/news\/wp-json\/wp\/v2\/media?parent=12514"}],"wp:term":[{"taxonomy":"category","embeddable":true,"href":"https:\/\/sindesvdf.com.br\/news\/wp-json\/wp\/v2\/categories?post=12514"},{"taxonomy":"post_tag","embeddable":true,"href":"https:\/\/sindesvdf.com.br\/news\/wp-json\/wp\/v2\/tags?post=12514"}],"curies":[{"name":"wp","href":"https:\/\/api.w.org\/{rel}","templated":true}]}}