{"id":12526,"date":"2019-03-22T18:00:51","date_gmt":"2019-03-22T21:00:51","guid":{"rendered":"http:\/\/sindesvdf.com.br\/news\/?p=12526"},"modified":"2019-03-22T18:02:50","modified_gmt":"2019-03-22T21:02:50","slug":"pagamento-do-reajuste-salarial-2019","status":"publish","type":"post","link":"https:\/\/sindesvdf.com.br\/news\/pagamento-do-reajuste-salarial-2019\/","title":{"rendered":"Pagamento do Reajuste Salarial 2019"},"content":{"rendered":"\n<div class=\"wp-block-image\"><figure class=\"aligncenter\"><img loading=\"lazy\" decoding=\"async\" width=\"700\" height=\"400\" src=\"http:\/\/sindesvdf.com.br\/news\/wp-content\/uploads\/2019\/03\/RETROATIVO-.png\" alt=\"\" class=\"wp-image-12527\" srcset=\"https:\/\/sindesvdf.com.br\/news\/wp-content\/uploads\/2019\/03\/RETROATIVO-.png 700w, https:\/\/sindesvdf.com.br\/news\/wp-content\/uploads\/2019\/03\/RETROATIVO--300x171.png 300w, https:\/\/sindesvdf.com.br\/news\/wp-content\/uploads\/2019\/03\/RETROATIVO--150x86.png 150w, https:\/\/sindesvdf.com.br\/news\/wp-content\/uploads\/2019\/03\/RETROATIVO--250x143.png 250w\" sizes=\"auto, (max-width: 700px) 100vw, 700px\" \/><\/figure><\/div>\n\n\n\n<p><span style=\"font-size: 18px;\">Conforme a cl\u00e1usula quinta da nossa CCT 2019, o pagamento das diferen\u00e7as retroativas da nossa Conven\u00e7\u00e3o de janeiro e fevereiro de 2019, ser\u00e1 feito da seguinte maneira:<\/span><\/p>\n\n\n\n<ol class=\"wp-block-list\"><li><span style=\"font-size: 18px;\">Janeiro\/2019 ser\u00e1 pago na compet\u00eancia do m\u00eas de mar\u00e7o\/2019 (<em>quinto dia \u00fatil de abril<\/em>)<\/span><\/li><li><span style=\"font-size: 18px;\">Fevereiro\/2019 ser\u00e1 pago na compet\u00eancia de abril\/2019 (<em>quinto dia \u00fatil de maio<\/em>)<\/span><\/li><\/ol>\n\n\n\n<p><strong><span style=\"font-size: 18px;\">Confira tabela salarial 2019:<\/span><\/strong><\/p>\n\n\n\n<div class=\"wp-block-image\"><figure class=\"aligncenter\"><img loading=\"lazy\" decoding=\"async\" width=\"790\" height=\"649\" src=\"http:\/\/sindesvdf.com.br\/news\/wp-content\/uploads\/2019\/03\/TABELA-2019-CORRIGIDA-790x649.png\" alt=\"\" class=\"wp-image-12530\" srcset=\"https:\/\/sindesvdf.com.br\/news\/wp-content\/uploads\/2019\/03\/TABELA-2019-CORRIGIDA-790x649.png 790w, https:\/\/sindesvdf.com.br\/news\/wp-content\/uploads\/2019\/03\/TABELA-2019-CORRIGIDA-300x246.png 300w, https:\/\/sindesvdf.com.br\/news\/wp-content\/uploads\/2019\/03\/TABELA-2019-CORRIGIDA-768x631.png 768w, https:\/\/sindesvdf.com.br\/news\/wp-content\/uploads\/2019\/03\/TABELA-2019-CORRIGIDA-150x123.png 150w, https:\/\/sindesvdf.com.br\/news\/wp-content\/uploads\/2019\/03\/TABELA-2019-CORRIGIDA-183x150.png 183w\" sizes=\"auto, (max-width: 790px) 100vw, 790px\" \/><\/figure><\/div>\n<p class=\"wpf_wrapper\"><a class=\"print_link\" href=\"\" target=\"_blank\">Preparar para impress\u00e3o<\/a><\/p><!-- .wpf_wrapper -->","protected":false},"excerpt":{"rendered":"<p>Conforme a cl\u00e1usula quinta da nossa CCT 2019, o pagamento das diferen\u00e7as retroativas da nossa Conven\u00e7\u00e3o de janeiro e fevereiro&hellip; <\/p>\n","protected":false},"author":1,"featured_media":0,"comment_status":"closed","ping_status":"closed","sticky":false,"template":"","format":"standard","meta":{"footnotes":""},"categories":[7],"tags":[],"class_list":["post-12526","post","type-post","status-publish","format-standard","hentry","category-noticias"],"jetpack_featured_media_url":"","_links":{"self":[{"href":"https:\/\/sindesvdf.com.br\/news\/wp-json\/wp\/v2\/posts\/12526","targetHints":{"allow":["GET"]}}],"collection":[{"href":"https:\/\/sindesvdf.com.br\/news\/wp-json\/wp\/v2\/posts"}],"about":[{"href":"https:\/\/sindesvdf.com.br\/news\/wp-json\/wp\/v2\/types\/post"}],"author":[{"embeddable":true,"href":"https:\/\/sindesvdf.com.br\/news\/wp-json\/wp\/v2\/users\/1"}],"replies":[{"embeddable":true,"href":"https:\/\/sindesvdf.com.br\/news\/wp-json\/wp\/v2\/comments?post=12526"}],"version-history":[{"count":3,"href":"https:\/\/sindesvdf.com.br\/news\/wp-json\/wp\/v2\/posts\/12526\/revisions"}],"predecessor-version":[{"id":12531,"href":"https:\/\/sindesvdf.com.br\/news\/wp-json\/wp\/v2\/posts\/12526\/revisions\/12531"}],"wp:attachment":[{"href":"https:\/\/sindesvdf.com.br\/news\/wp-json\/wp\/v2\/media?parent=12526"}],"wp:term":[{"taxonomy":"category","embeddable":true,"href":"https:\/\/sindesvdf.com.br\/news\/wp-json\/wp\/v2\/categories?post=12526"},{"taxonomy":"post_tag","embeddable":true,"href":"https:\/\/sindesvdf.com.br\/news\/wp-json\/wp\/v2\/tags?post=12526"}],"curies":[{"name":"wp","href":"https:\/\/api.w.org\/{rel}","templated":true}]}}