{"id":12545,"date":"2019-03-25T11:26:52","date_gmt":"2019-03-25T14:26:52","guid":{"rendered":"http:\/\/sindesvdf.com.br\/news\/?p=12545"},"modified":"2019-08-20T15:40:22","modified_gmt":"2019-08-20T18:40:22","slug":"esclarecimento-sobre-o-adicional-noturno","status":"publish","type":"post","link":"https:\/\/sindesvdf.com.br\/news\/esclarecimento-sobre-o-adicional-noturno\/","title":{"rendered":"Esclarecimento sobre o Adicional Noturno"},"content":{"rendered":"\r\n<div class=\"wp-block-image\">\r\n<figure class=\"aligncenter\"><img loading=\"lazy\" decoding=\"async\" width=\"700\" height=\"400\" class=\"wp-image-12546\" src=\"http:\/\/sindesvdf.com.br\/news\/wp-content\/uploads\/2019\/03\/Adicional-noturno.png\" alt=\"\" srcset=\"https:\/\/sindesvdf.com.br\/news\/wp-content\/uploads\/2019\/03\/Adicional-noturno.png 700w, https:\/\/sindesvdf.com.br\/news\/wp-content\/uploads\/2019\/03\/Adicional-noturno-300x171.png 300w, https:\/\/sindesvdf.com.br\/news\/wp-content\/uploads\/2019\/03\/Adicional-noturno-150x86.png 150w, https:\/\/sindesvdf.com.br\/news\/wp-content\/uploads\/2019\/03\/Adicional-noturno-250x143.png 250w\" sizes=\"auto, (max-width: 700px) 100vw, 700px\" \/><\/figure>\r\n<\/div>\r\n\r\n\r\n\r\n<p><span style=\"font-size: 18px;\">O Adicional Noturno, nesta CCT 2019, ser\u00e1 pago tal qual est\u00e1 na reforma trabalhista e foi uma das cl\u00e1usulas que mais mereceu nossa aten\u00e7\u00e3o e resist\u00eancia nos \u00faltimos meses da mesa de negocia\u00e7\u00e3o. Acordadas as reda\u00e7\u00f5es das demais cl\u00e1usulas, somente esta impedia a assinatura da CCT. Ent\u00e3o, entre arrastar a assinatura por mais meses, sem previs\u00e3o de finalizar a Campanha Salarial, pensamos que o momento de crise e desemprego que estamos vivendo, e sem estarmos resguardados pela CCT, poder\u00edamos perder tudo o que temos e que n\u00e3o est\u00e1 na nova CLT\u00a0 (Consolida\u00e7\u00e3o das Leis do Trabalho) da reforma trabalhista como jornada 12&#215;36, piso salarial, uniforme, t\u00edquete refei\u00e7\u00e3o, plano de sa\u00fade, entre outros.<\/span><\/p>\r\n\r\n\r\n\r\n<p><span style=\"font-size: 18px;\">Reconhecemos que houve uma pequena perda para os vigilantes noturnos, optamos pelos demais direitos e benef\u00edcios, e pelo emprego.<\/span><\/p>\r\n\r\n\r\n\r\n<p><span style=\"font-size: 18px;\">Portanto, vivemos o momento de lutar para garantir direitos e o emprego, principalmente.<\/span><\/p>\r\n\r\n\r\n\r\n<p><span style=\"font-size: 18px;\">Agradecemos o apoio dos milhares de vigilantes, conscientes do momento, participativos das nossas lutas e conquistas, que ajudam a fortalecer este sindicato, enquanto alguns poucos tentam desqualificar uma vit\u00f3ria que foi arrancada em um cen\u00e1rio devastador.<\/span><\/p>\r\n<p class=\"wpf_wrapper\"><a class=\"print_link\" href=\"\" target=\"_blank\">Preparar para impress\u00e3o<\/a><\/p><!-- .wpf_wrapper -->","protected":false},"excerpt":{"rendered":"<p>O Adicional Noturno, nesta CCT 2019, ser\u00e1 pago tal qual est\u00e1 na reforma trabalhista e foi uma das cl\u00e1usulas que&hellip; <\/p>\n","protected":false},"author":1,"featured_media":12546,"comment_status":"closed","ping_status":"closed","sticky":false,"template":"","format":"standard","meta":{"footnotes":""},"categories":[7],"tags":[],"class_list":["post-12545","post","type-post","status-publish","format-standard","has-post-thumbnail","hentry","category-noticias"],"jetpack_featured_media_url":"https:\/\/sindesvdf.com.br\/news\/wp-content\/uploads\/2019\/03\/Adicional-noturno.png","_links":{"self":[{"href":"https:\/\/sindesvdf.com.br\/news\/wp-json\/wp\/v2\/posts\/12545","targetHints":{"allow":["GET"]}}],"collection":[{"href":"https:\/\/sindesvdf.com.br\/news\/wp-json\/wp\/v2\/posts"}],"about":[{"href":"https:\/\/sindesvdf.com.br\/news\/wp-json\/wp\/v2\/types\/post"}],"author":[{"embeddable":true,"href":"https:\/\/sindesvdf.com.br\/news\/wp-json\/wp\/v2\/users\/1"}],"replies":[{"embeddable":true,"href":"https:\/\/sindesvdf.com.br\/news\/wp-json\/wp\/v2\/comments?post=12545"}],"version-history":[{"count":3,"href":"https:\/\/sindesvdf.com.br\/news\/wp-json\/wp\/v2\/posts\/12545\/revisions"}],"predecessor-version":[{"id":12906,"href":"https:\/\/sindesvdf.com.br\/news\/wp-json\/wp\/v2\/posts\/12545\/revisions\/12906"}],"wp:featuredmedia":[{"embeddable":true,"href":"https:\/\/sindesvdf.com.br\/news\/wp-json\/wp\/v2\/media\/12546"}],"wp:attachment":[{"href":"https:\/\/sindesvdf.com.br\/news\/wp-json\/wp\/v2\/media?parent=12545"}],"wp:term":[{"taxonomy":"category","embeddable":true,"href":"https:\/\/sindesvdf.com.br\/news\/wp-json\/wp\/v2\/categories?post=12545"},{"taxonomy":"post_tag","embeddable":true,"href":"https:\/\/sindesvdf.com.br\/news\/wp-json\/wp\/v2\/tags?post=12545"}],"curies":[{"name":"wp","href":"https:\/\/api.w.org\/{rel}","templated":true}]}}