{"id":12554,"date":"2019-03-25T17:19:21","date_gmt":"2019-03-25T20:19:21","guid":{"rendered":"http:\/\/sindesvdf.com.br\/news\/?p=12554"},"modified":"2019-03-25T17:19:21","modified_gmt":"2019-03-25T20:19:21","slug":"vigilante-fica-ferido-apos-portao-de-escola-do-df-cair-sobre-ele","status":"publish","type":"post","link":"https:\/\/sindesvdf.com.br\/news\/vigilante-fica-ferido-apos-portao-de-escola-do-df-cair-sobre-ele\/","title":{"rendered":"Vigilante fica ferido ap\u00f3s port\u00e3o de escola do DF cair sobre ele"},"content":{"rendered":"<figure id=\"attachment_12555\" aria-describedby=\"caption-attachment-12555\" style=\"width: 700px\" class=\"wp-caption aligncenter\"><img loading=\"lazy\" decoding=\"async\" class=\"wp-image-12555 size-full\" src=\"http:\/\/sindesvdf.com.br\/news\/wp-content\/uploads\/2019\/03\/cemab.png\" alt=\"\" width=\"700\" height=\"400\" srcset=\"https:\/\/sindesvdf.com.br\/news\/wp-content\/uploads\/2019\/03\/cemab.png 700w, https:\/\/sindesvdf.com.br\/news\/wp-content\/uploads\/2019\/03\/cemab-300x171.png 300w, https:\/\/sindesvdf.com.br\/news\/wp-content\/uploads\/2019\/03\/cemab-150x86.png 150w, https:\/\/sindesvdf.com.br\/news\/wp-content\/uploads\/2019\/03\/cemab-250x143.png 250w\" sizes=\"auto, (max-width: 700px) 100vw, 700px\" \/><figcaption id=\"caption-attachment-12555\" class=\"wp-caption-text\">Diretora da unidade acionou o Samu, que atendeu o funcion\u00e1rio e o transportou ao Hospital Regional de Taguatinga<\/figcaption><\/figure>\n<p><span style=\"font-size: 18px;\">Um vigilante ficou ferido ap\u00f3s o port\u00e3o do Centro de Ensino M\u00e9dio Ave Branca (Cemab),\u00a0na QSA 3 de Taguatinga Sul, cair sobre ele nesta segunda-feira (25\/3). De acordo com a Secretaria de Educa\u00e7\u00e3o do Distrito Federal, a grade descarrilou, e o funcion\u00e1rio teria tentado\u00a0coloc\u00e1-la no lugar, mas n\u00e3o conseguiu, pois era pesada.<\/span><\/p>\n<p><span style=\"font-size: 18px;\">Durante a tentativa, o port\u00e3o caiu sobre o terceirizado da empresa Confederal. Ainda segundo a pasta, a diretora da unidade acionou o Servi\u00e7o de Atendimento M\u00f3vel de Urg\u00eancia (Samu), que atendeu o funcion\u00e1rio e o encaminhou ao Hospital Regional de Taguatinga (HRT).<\/span><\/p>\n<p><span style=\"font-size: 18px;\">Na unidade de sa\u00fade, o profissional foi submetido a exames que, segundo a secretaria, n\u00e3o constataram nenhum ferimento grave. O momento do atendimento foi registrado em v\u00eddeo (<em>veja abaixo<\/em>).<\/span><\/p>\n<p><iframe loading=\"lazy\" src=\"https:\/\/www.youtube.com\/embed\/RRSox5OT-gE?feature=oembed\" width=\"680\" height=\"510\" frameborder=\"0\" allowfullscreen=\"allowfullscreen\" data-mce-fragment=\"1\"><\/iframe><\/p>\n<p style=\"text-align: right;\"><em><span style=\"color: #ff0000;\">Fonte: Metr\u00f3poles<\/span><\/em><\/p>\n<p class=\"wpf_wrapper\"><a class=\"print_link\" href=\"\" target=\"_blank\">Preparar para impress\u00e3o<\/a><\/p><!-- .wpf_wrapper -->","protected":false},"excerpt":{"rendered":"<p>Um vigilante ficou ferido ap\u00f3s o port\u00e3o do Centro de Ensino M\u00e9dio Ave Branca (Cemab),\u00a0na QSA 3 de Taguatinga Sul,&hellip; <\/p>\n","protected":false},"author":1,"featured_media":0,"comment_status":"closed","ping_status":"closed","sticky":false,"template":"","format":"standard","meta":{"footnotes":""},"categories":[7],"tags":[],"class_list":["post-12554","post","type-post","status-publish","format-standard","hentry","category-noticias"],"jetpack_featured_media_url":"","_links":{"self":[{"href":"https:\/\/sindesvdf.com.br\/news\/wp-json\/wp\/v2\/posts\/12554","targetHints":{"allow":["GET"]}}],"collection":[{"href":"https:\/\/sindesvdf.com.br\/news\/wp-json\/wp\/v2\/posts"}],"about":[{"href":"https:\/\/sindesvdf.com.br\/news\/wp-json\/wp\/v2\/types\/post"}],"author":[{"embeddable":true,"href":"https:\/\/sindesvdf.com.br\/news\/wp-json\/wp\/v2\/users\/1"}],"replies":[{"embeddable":true,"href":"https:\/\/sindesvdf.com.br\/news\/wp-json\/wp\/v2\/comments?post=12554"}],"version-history":[{"count":1,"href":"https:\/\/sindesvdf.com.br\/news\/wp-json\/wp\/v2\/posts\/12554\/revisions"}],"predecessor-version":[{"id":12556,"href":"https:\/\/sindesvdf.com.br\/news\/wp-json\/wp\/v2\/posts\/12554\/revisions\/12556"}],"wp:attachment":[{"href":"https:\/\/sindesvdf.com.br\/news\/wp-json\/wp\/v2\/media?parent=12554"}],"wp:term":[{"taxonomy":"category","embeddable":true,"href":"https:\/\/sindesvdf.com.br\/news\/wp-json\/wp\/v2\/categories?post=12554"},{"taxonomy":"post_tag","embeddable":true,"href":"https:\/\/sindesvdf.com.br\/news\/wp-json\/wp\/v2\/tags?post=12554"}],"curies":[{"name":"wp","href":"https:\/\/api.w.org\/{rel}","templated":true}]}}