{"id":12565,"date":"2019-03-26T15:57:28","date_gmt":"2019-03-26T18:57:28","guid":{"rendered":"http:\/\/sindesvdf.com.br\/news\/?p=12565"},"modified":"2019-03-26T15:57:28","modified_gmt":"2019-03-26T18:57:28","slug":"equivocados-alguns-vigilantes-defendem-a-reforma-da-previdencia-e-o-fim-da-aposentadoria-especial-da-categoria","status":"publish","type":"post","link":"https:\/\/sindesvdf.com.br\/news\/equivocados-alguns-vigilantes-defendem-a-reforma-da-previdencia-e-o-fim-da-aposentadoria-especial-da-categoria\/","title":{"rendered":"Equivocados, alguns vigilantes defendem a reforma da previd\u00eancia e o fim da aposentadoria especial da categoria"},"content":{"rendered":"<figure id=\"attachment_12566\" aria-describedby=\"caption-attachment-12566\" style=\"width: 700px\" class=\"wp-caption aligncenter\"><img loading=\"lazy\" decoding=\"async\" class=\"wp-image-12566 size-full\" src=\"http:\/\/sindesvdf.com.br\/news\/wp-content\/uploads\/2019\/03\/previdencia2.png\" alt=\"\" width=\"700\" height=\"400\" srcset=\"https:\/\/sindesvdf.com.br\/news\/wp-content\/uploads\/2019\/03\/previdencia2.png 700w, https:\/\/sindesvdf.com.br\/news\/wp-content\/uploads\/2019\/03\/previdencia2-300x171.png 300w, https:\/\/sindesvdf.com.br\/news\/wp-content\/uploads\/2019\/03\/previdencia2-150x86.png 150w, https:\/\/sindesvdf.com.br\/news\/wp-content\/uploads\/2019\/03\/previdencia2-250x143.png 250w\" sizes=\"auto, (max-width: 700px) 100vw, 700px\" \/><figcaption id=\"caption-attachment-12566\" class=\"wp-caption-text\">Perdida a aposentadoria especial, voc\u00ea, vigilante, entrar\u00e1 na mesma situa\u00e7\u00e3o dos demais trabalhadores<\/figcaption><\/figure>\n<p><span style=\"font-size: 18px;\">Alguns vigilantes, n\u00e3o sabemos se por desinforma\u00e7\u00e3o, fanatismo, ingenuidade ou m\u00e1 f\u00e9, est\u00e3o sempre atacando as mat\u00e9rias que colocamos sobre a proposta de reforma da Previd\u00eancia que Bolsonaro encaminhou ao Congresso Nacional. Nessa proposta de reforma, n\u00e3o h\u00e1 uma \u00fanica linha que diga que v\u00e1 cobrar das grandes empresas e bancos, que est\u00e3o devendo milh\u00f5es ao INSS e que, paga essa d\u00edvida, n\u00e3o haveria d\u00e9ficit.<\/span><\/p>\n<p><span style=\"font-size: 18px;\">O papel deste Sindicato \u00e9 o de alertar os trabalhadores e as trabalhadores sobre os malef\u00edcios dessa reforma que ser\u00e1 muito prejudicial \u00e0 classe trabalhadora. Estamos constantemente nas ruas evitando demiss\u00f5es, negociando, entrando com a\u00e7\u00f5es na justi\u00e7a, defendendo direitos e conquistas.<\/span><\/p>\n<p><span style=\"font-size: 18px;\">Na \u00e9poca da Reforma Trabalhista, foi a mesma coisa, dizendo que o Sindicato deveria se preocupar com outras coisas, que era mentira, que n\u00e3o haveria Reforma Trabalhista. E olha o que deu, j\u00e1 come\u00e7a a afetar o empregado, as campanhas salariais, enfim as datas-base de todas as categorias e o pr\u00f3prio emprego.<\/span><\/p>\n<p><span style=\"font-size: 18px;\">Estamos cumprindo com o nosso papel e continuaremos a defender a nossa aposentadoria especial, pois ela foi fruto de anos e anos de luta, muita passeata, muita negocia\u00e7\u00e3o e por isso, <strong>dia 22\/04<\/strong>, estaremos no Senado em uma audi\u00eancia P\u00fablica com o Senador Paulo Paim para defender a aposentadoria especial.<\/span><\/p>\n<p><span style=\"font-size: 18px;\"><strong>Perdida a aposentadoria especial, voc\u00ea, vigilante, entrar\u00e1 na mesma situa\u00e7\u00e3o dos demais trabalhadores. Veja como ser\u00e1:<\/strong><\/span><\/p>\n<p><em><span style=\"font-size: 18px;\"><strong>A lista de retrocessos \u00e9 longa:<\/strong><\/span><\/em><\/p>\n<p><span style=\"font-size: 18px;\">&#8211; \u00c9 fixada aposentadoria aos 65 anos para homens e 62 para mulheres;<\/span><\/p>\n<p><span style=\"font-size: 18px;\">&#8211;\u00a0Acaba a regra 85\/95 para segurados do INSS e servidores p\u00fablicos, que ter\u00e3o outra regra de 105 pontos para homens e mulheres;<\/span><\/p>\n<p><span style=\"font-size: 18px;\">&#8211; Aposentadoria integral somente com 40 anos de contribui\u00e7\u00e3o;<\/span><\/p>\n<p><span style=\"font-size: 18px;\">&#8211; A aposentadoria dos pobres das cidades piora muito com o aumento de 15 para 20 anos o tempo m\u00ednimo de contribui\u00e7\u00e3o;<\/span><\/p>\n<p><span style=\"font-size: 18px;\">&#8211;\u00a0Praticamente acaba a aposentadoria dos trabalhadores rurais;<\/span><\/p>\n<p><span style=\"font-size: 18px;\">&#8211;\u00a0Professores e professoras ter\u00e3o que trabalhar at\u00e9 os 60 anos;<\/span><\/p>\n<p><span style=\"font-size: 18px;\">&#8211;\u00a0 Governo reduz de 100% para 60% o valor da aposentadoria por invalidez;<\/span><\/p>\n<p><span style=\"font-size: 18px;\">&#8211; Proposta destr\u00f3i a aposentadoria especial dos trabalhadores das \u00e1reas insalubres com fixa\u00e7\u00e3o de idade m\u00ednima;<\/span><\/p>\n<p><span style=\"font-size: 18px;\">&#8211;\u00a0Pens\u00e3o por morte \u00e9 destru\u00edda, com redu\u00e7\u00e3o de 100% para 50% e acaba a revers\u00e3o das cotas;<\/span><\/p>\n<p><span style=\"font-size: 18px;\">&#8211; Acaba o BPC da LOAS, que ser\u00e1 substitu\u00eddo por uma renda miser\u00e1vel de 500,00 e 750,00;<\/span><\/p>\n<p><span style=\"font-size: 18px;\">&#8211; O abono salarial de 1 sal\u00e1rio m\u00ednimo ser\u00e1 pago apenas para quem ganha 1 sal\u00e1rio m\u00ednimo (e n\u00e3o at\u00e9 dois sal\u00e1rios m\u00ednimos, como atualmente);<\/span><\/p>\n<p><span style=\"font-size: 18px;\">&#8211; Os servidores p\u00fablicos que tem direito \u00e0 aposentadoria integral poder\u00e3o exercer o direito somente aos 65 anos de idade e os professores e professoras aos 60 anos de idade;<\/span><\/p>\n<p><span style=\"font-size: 18px;\">&#8211; A previd\u00eancia social ser\u00e1 extinta para os novos trabalhadores, que ser\u00e3o vinculados a uma previd\u00eancia privada;<\/span><\/p>\n<p><span style=\"font-size: 18px;\">&#8211; A reforma da previd\u00eancia vir\u00e1 acompanhada da \u201ccarteira de trabalho verde e amarela\u201d, sem CLT, sem os direitos dos acordos coletivos e sem previd\u00eancia p\u00fablica\u201d.<\/span><\/p>\n<p>&nbsp;<\/p>\n<p class=\"wpf_wrapper\"><a class=\"print_link\" href=\"\" target=\"_blank\">Preparar para impress\u00e3o<\/a><\/p><!-- .wpf_wrapper -->","protected":false},"excerpt":{"rendered":"<p>Alguns vigilantes, n\u00e3o sabemos se por desinforma\u00e7\u00e3o, fanatismo, ingenuidade ou m\u00e1 f\u00e9, est\u00e3o sempre atacando as mat\u00e9rias que colocamos sobre&hellip; <\/p>\n","protected":false},"author":1,"featured_media":0,"comment_status":"closed","ping_status":"closed","sticky":false,"template":"","format":"standard","meta":{"footnotes":""},"categories":[7],"tags":[],"class_list":["post-12565","post","type-post","status-publish","format-standard","hentry","category-noticias"],"jetpack_featured_media_url":"","_links":{"self":[{"href":"https:\/\/sindesvdf.com.br\/news\/wp-json\/wp\/v2\/posts\/12565","targetHints":{"allow":["GET"]}}],"collection":[{"href":"https:\/\/sindesvdf.com.br\/news\/wp-json\/wp\/v2\/posts"}],"about":[{"href":"https:\/\/sindesvdf.com.br\/news\/wp-json\/wp\/v2\/types\/post"}],"author":[{"embeddable":true,"href":"https:\/\/sindesvdf.com.br\/news\/wp-json\/wp\/v2\/users\/1"}],"replies":[{"embeddable":true,"href":"https:\/\/sindesvdf.com.br\/news\/wp-json\/wp\/v2\/comments?post=12565"}],"version-history":[{"count":1,"href":"https:\/\/sindesvdf.com.br\/news\/wp-json\/wp\/v2\/posts\/12565\/revisions"}],"predecessor-version":[{"id":12567,"href":"https:\/\/sindesvdf.com.br\/news\/wp-json\/wp\/v2\/posts\/12565\/revisions\/12567"}],"wp:attachment":[{"href":"https:\/\/sindesvdf.com.br\/news\/wp-json\/wp\/v2\/media?parent=12565"}],"wp:term":[{"taxonomy":"category","embeddable":true,"href":"https:\/\/sindesvdf.com.br\/news\/wp-json\/wp\/v2\/categories?post=12565"},{"taxonomy":"post_tag","embeddable":true,"href":"https:\/\/sindesvdf.com.br\/news\/wp-json\/wp\/v2\/tags?post=12565"}],"curies":[{"name":"wp","href":"https:\/\/api.w.org\/{rel}","templated":true}]}}