{"id":12570,"date":"2019-03-26T17:24:09","date_gmt":"2019-03-26T20:24:09","guid":{"rendered":"http:\/\/sindesvdf.com.br\/news\/?p=12570"},"modified":"2019-03-26T17:24:09","modified_gmt":"2019-03-26T20:24:09","slug":"chico-vigilante-vai-a-secretaria-de-educacao-garantir-vigilantes-nas-escolas-publicas-do-df","status":"publish","type":"post","link":"https:\/\/sindesvdf.com.br\/news\/chico-vigilante-vai-a-secretaria-de-educacao-garantir-vigilantes-nas-escolas-publicas-do-df\/","title":{"rendered":"Chico Vigilante vai \u00e0 Secretaria de Educa\u00e7\u00e3o garantir vigilantes nas escolas p\u00fablicas do DF"},"content":{"rendered":"<p><img loading=\"lazy\" decoding=\"async\" class=\"alignnone size-full wp-image-12571\" src=\"http:\/\/sindesvdf.com.br\/news\/wp-content\/uploads\/2019\/03\/Chico.png\" alt=\"\" width=\"700\" height=\"400\" srcset=\"https:\/\/sindesvdf.com.br\/news\/wp-content\/uploads\/2019\/03\/Chico.png 700w, https:\/\/sindesvdf.com.br\/news\/wp-content\/uploads\/2019\/03\/Chico-300x171.png 300w, https:\/\/sindesvdf.com.br\/news\/wp-content\/uploads\/2019\/03\/Chico-150x86.png 150w, https:\/\/sindesvdf.com.br\/news\/wp-content\/uploads\/2019\/03\/Chico-250x143.png 250w\" sizes=\"auto, (max-width: 700px) 100vw, 700px\" \/><\/p>\n<p><span style=\"font-size: 18px;\">Estive no fim da tarde em uma audi\u00eancia com o secret\u00e1rio de Educa\u00e7\u00e3o, Rafael Parente. Fui acompanhado do presidente da C\u00e2mara Legislativa, deputado Rafael Prudente.<\/span><\/p>\n<p><span style=\"font-size: 18px;\">Fomos levar nossa preocupa\u00e7\u00e3o com a possibilidade de que policiais militares seriam destacados para realizar a seguran\u00e7a das escolas p\u00fablicas do DF no lugar de vigilantes.<\/span><\/p>\n<p><span style=\"font-size: 18px;\">Expusemos ao secret\u00e1rio a nossa preocupa\u00e7\u00e3o com a poss\u00edvel situa\u00e7\u00e3o que vai trazer desemprego para os vigilantes, na certa.<\/span><\/p>\n<p><span style=\"font-size: 18px;\">Os vigilantes s\u00e3o capacitados, treinados para realizar com efetividade a seguran\u00e7a das escolas e, desta forma, n\u00e3o h\u00e1 a necessidade de reduzir o j\u00e1 pequeno contingente de policiais militares para a fun\u00e7\u00e3o escolar.<\/span><\/p>\n<p><span style=\"font-size: 18px;\">Al\u00e9m do mais, a Pol\u00edcia Militar tem que estar nas ruas fazendo seguran\u00e7a p\u00fablica.<\/span><\/p>\n<p><span style=\"font-size: 18px;\">E mais do que isso. Propusemos a amplia\u00e7\u00e3o do n\u00famero de vigilantes nas escolas, pois, h\u00e1 in\u00fameras institui\u00e7\u00f5es de ensino necessitando de seguran\u00e7a em todo o Distrito Federal.<\/span><\/p>\n<p><span style=\"font-size: 18px;\">Aproveitei para falar pelas merendeiras, uma vez que, h\u00e1 um n\u00famero deficit\u00e1rio destas profissionais nas escolas p\u00fablicas. Raz\u00e3o pela qual, as que est\u00e3o empregadas est\u00e3o sendo sobrecarregadas pela demanda.<\/span><\/p>\n<p><span style=\"font-size: 18px;\">O secret\u00e1rio nos prometeu que vai levar em considera\u00e7\u00e3o as preocupa\u00e7\u00f5es levadas nesta tarde.<\/span><\/p>\n<p style=\"text-align: left;\"><span style=\"font-size: 18px;\">Tamb\u00e9m solicitamos que a Secretaria realize um levantamento das necessidades do \u00f3rg\u00e3o em rela\u00e7\u00e3o \u00e0 quantidade de vigilantes, para que, desta forma, possamos procurar o governador Ibaneis Rocha e solicitar a libera\u00e7\u00e3o de mais recursos para a amplia\u00e7\u00e3o desse servi\u00e7o.<\/span><\/p>\n<p style=\"text-align: right;\"><em><span style=\"color: #ff0000;\">Deputado Chico Vigilante (PT)<\/span><\/em><\/p>\n<p class=\"wpf_wrapper\"><a class=\"print_link\" href=\"\" target=\"_blank\">Preparar para impress\u00e3o<\/a><\/p><!-- .wpf_wrapper -->","protected":false},"excerpt":{"rendered":"<p>Estive no fim da tarde em uma audi\u00eancia com o secret\u00e1rio de Educa\u00e7\u00e3o, Rafael Parente. Fui acompanhado do presidente da&hellip; <\/p>\n","protected":false},"author":1,"featured_media":0,"comment_status":"closed","ping_status":"closed","sticky":false,"template":"","format":"standard","meta":{"footnotes":""},"categories":[7],"tags":[],"class_list":["post-12570","post","type-post","status-publish","format-standard","hentry","category-noticias"],"jetpack_featured_media_url":"","_links":{"self":[{"href":"https:\/\/sindesvdf.com.br\/news\/wp-json\/wp\/v2\/posts\/12570","targetHints":{"allow":["GET"]}}],"collection":[{"href":"https:\/\/sindesvdf.com.br\/news\/wp-json\/wp\/v2\/posts"}],"about":[{"href":"https:\/\/sindesvdf.com.br\/news\/wp-json\/wp\/v2\/types\/post"}],"author":[{"embeddable":true,"href":"https:\/\/sindesvdf.com.br\/news\/wp-json\/wp\/v2\/users\/1"}],"replies":[{"embeddable":true,"href":"https:\/\/sindesvdf.com.br\/news\/wp-json\/wp\/v2\/comments?post=12570"}],"version-history":[{"count":1,"href":"https:\/\/sindesvdf.com.br\/news\/wp-json\/wp\/v2\/posts\/12570\/revisions"}],"predecessor-version":[{"id":12572,"href":"https:\/\/sindesvdf.com.br\/news\/wp-json\/wp\/v2\/posts\/12570\/revisions\/12572"}],"wp:attachment":[{"href":"https:\/\/sindesvdf.com.br\/news\/wp-json\/wp\/v2\/media?parent=12570"}],"wp:term":[{"taxonomy":"category","embeddable":true,"href":"https:\/\/sindesvdf.com.br\/news\/wp-json\/wp\/v2\/categories?post=12570"},{"taxonomy":"post_tag","embeddable":true,"href":"https:\/\/sindesvdf.com.br\/news\/wp-json\/wp\/v2\/tags?post=12570"}],"curies":[{"name":"wp","href":"https:\/\/api.w.org\/{rel}","templated":true}]}}