{"id":12577,"date":"2019-03-27T09:41:33","date_gmt":"2019-03-27T12:41:33","guid":{"rendered":"http:\/\/sindesvdf.com.br\/news\/?p=12577"},"modified":"2019-03-27T09:41:33","modified_gmt":"2019-03-27T12:41:33","slug":"ajuda-universitaria-na-hora-de-prestar-contas-ao-leao","status":"publish","type":"post","link":"https:\/\/sindesvdf.com.br\/news\/ajuda-universitaria-na-hora-de-prestar-contas-ao-leao\/","title":{"rendered":"Ajuda universit\u00e1ria na hora de prestar contas ao Le\u00e3o"},"content":{"rendered":"<figure id=\"attachment_12578\" aria-describedby=\"caption-attachment-12578\" style=\"width: 700px\" class=\"wp-caption aligncenter\"><img loading=\"lazy\" decoding=\"async\" class=\"wp-image-12578 size-full\" src=\"http:\/\/sindesvdf.com.br\/news\/wp-content\/uploads\/2019\/03\/IR.png\" alt=\"\" width=\"700\" height=\"400\" srcset=\"https:\/\/sindesvdf.com.br\/news\/wp-content\/uploads\/2019\/03\/IR.png 700w, https:\/\/sindesvdf.com.br\/news\/wp-content\/uploads\/2019\/03\/IR-300x171.png 300w, https:\/\/sindesvdf.com.br\/news\/wp-content\/uploads\/2019\/03\/IR-150x86.png 150w, https:\/\/sindesvdf.com.br\/news\/wp-content\/uploads\/2019\/03\/IR-250x143.png 250w\" sizes=\"auto, (max-width: 700px) 100vw, 700px\" \/><figcaption id=\"caption-attachment-12578\" class=\"wp-caption-text\">Programas de universidades do Distrito Federal ajudam, gratuitamente, a comunidade a tirar d\u00favidas em rela\u00e7\u00e3o \u00e0 declara\u00e7\u00e3o do Imposto de Renda 2019. Pontos de atendimento ficam nas institui\u00e7\u00f5es e at\u00e9 em shopping<\/figcaption><\/figure>\n<p><span style=\"font-size: 18px;\">Quando chega a \u00e9poca de enfrentar o le\u00e3o da Receita Federal, dificilmente algu\u00e9m fica livre de d\u00favidas. Universidades do Distrito Federal t\u00eam alunos e professores dispon\u00edveis para tirar d\u00favidas e ajudar os contribuintes com a declara\u00e7\u00e3o do Imposto de Renda 2019. Os servi\u00e7os s\u00e3o gratuitos.<\/span><\/p>\n<p><span style=\"font-size: 18px;\">A Universidade de Bras\u00edlia (UnB), por exemplo, est\u00e1 na quarta edi\u00e7\u00e3o do projeto de extens\u00e3o Balc\u00e3o Fiscal, trabalho da Faculdade de Economia, Administra\u00e7\u00e3o, Contabilidade e Gest\u00e3o de Pol\u00edticas P\u00fablicas (Face). Em 2018, cerca de 120 pessoas procuraram o servi\u00e7o.<\/span><\/p>\n<p><span style=\"font-size: 18px;\">Desde segunda-feira, estudantes e professores atendem pessoalmente, na UnB, e por e-mail. A coordenadora do projeto, professora Cl\u00e9sia Pereira, do Departamento de Ci\u00eancias Cont\u00e1beis e Atuariais, diz que a iniciativa tamb\u00e9m \u00e9 uma \u00f3tima ferramenta para os alunos, que t\u00eam a oportunidade de colocar em pr\u00e1tica aquilo que far\u00e3o na vida profissional.<\/span><\/p>\n<p><span style=\"font-size: 18px;\">O Balc\u00e3o faz uma parceria com a Receita Federal, que d\u00e1 assist\u00eancia na hora de tirar as d\u00favidas mais complexas, al\u00e9m de oferecer semin\u00e1rios e divulgar o servi\u00e7o prestado pelos estudantes. \u201cO feedback tem sido muito positivo. Hoje em dia, \u00e9 t\u00e3o dif\u00edcil obter informa\u00e7\u00f5es de forma segura, ent\u00e3o, quem vem sempre sai agradecendo pelo projeto e se sentindo acolhido\u201d, garante Cl\u00e9sia.<\/span><\/p>\n<p><span style=\"font-size: 18px;\">Os alunos do s\u00e9timo semestre de Ci\u00eancias Cont\u00e1beis Gabriela Souza, 20, e Yuri Guerra, 19, participam do Balc\u00e3o Fiscal pela terceira vez e afirmam que aprendem muito. \u201cA gente consegue perceber essa evolu\u00e7\u00e3o e ver o quanto crescemos dentro do assunto\u201d, diz Yuri. Eles relatam que as principais d\u00favidas s\u00e3o a respeito de dependentes, rendas recebidas por mais de uma fonte pagadora e sobre a obrigatoriedade de declarar.<\/span><\/p>\n<p><span style=\"font-size: 18px;\">Cada d\u00favida \u00e9 muito pessoal. \u201cO que \u00e9 gen\u00e9rico \u00e9 f\u00e1cil, j\u00e1 est\u00e1 na internet; ent\u00e3o, ningu\u00e9m pergunta isso. \u00c9 o caso espec\u00edfico que faz a pessoa ficar perdida\u201d, explica Cl\u00e9sia. \u201cNo ano passado, chegaram perguntas sobre moedas virtuais, algo novo e que nem a Receita tinha dispositivos em rela\u00e7\u00e3o a isso. Precisamos entrar em contato com auditores para poder entender como resolver a quest\u00e3o\u201d, recorda Gabriela.<\/span><\/p>\n<p>&nbsp;<\/p>\n<p><span style=\"font-size: 18px;\"><strong>Custo-benef\u00edcio<\/strong><\/span><\/p>\n<p><span style=\"font-size: 18px;\">Ao todo, 16 universit\u00e1rios se revezam nos 13 dias de atendimento presencial em hor\u00e1rios variados. Em mar\u00e7o, todas as sess\u00f5es acontecem na UnB, mas, em abril, as mesas ficar\u00e3o montadas tamb\u00e9m no shopping Conjunto Nacional. No ano passado, mais de 50 pessoas tiraram suas d\u00favidas por l\u00e1.<\/span><\/p>\n<p><span style=\"font-size: 18px;\">Muitos chegam com medo de cair na temida malha fina, mas quem procurou o balc\u00e3o neste ano, recomenda. O militar Jai F\u00e1bio Louren\u00e7o, 45 anos, destaca o custo-benef\u00edcio. \u201cOs alunos foram excelentes. Se voc\u00ea faz uma consulta com um contador, ele te cobra R$ 300 e ser\u00e1 que o papo ter\u00e1 esse n\u00edvel de tranquilidade?\u201d, pondera.<\/span><\/p>\n<p><span style=\"font-size: 18px;\">Entre os questionamentos, ele quis saber sobre a declara\u00e7\u00e3o de dependente. \u201cMinha esposa \u00e9 professora tempor\u00e1ria; ent\u00e3o, ela trabalha em alguns anos, sim, e outros, n\u00e3o. Queria saber se poderia declar\u00e1-la como dependente minha e eles me explicaram direitinho como fazer\u201d, elogia.<\/span><\/p>\n<p><span style=\"font-size: 18px;\"><strong>\u00a0<\/strong><\/span><\/p>\n<p><span style=\"font-size: 18px;\"><strong>Plant\u00e3o<\/strong><\/span><\/p>\n<p><span style=\"font-size: 18px;\">No Centro Universit\u00e1rio do Distrito Federal (UDF), o plant\u00e3o fiscal funciona o ano todo, sempre \u00e0s ter\u00e7as e quintas-feiras. No m\u00eas que vem, no entanto, o time \u00e9 refor\u00e7ado. Os contribuintes ter\u00e3o at\u00e9 30 de abril para acertar as contas. As regras para a entrega do ajuste anual est\u00e3o na Instru\u00e7\u00e3o Normativa 1871\/2019, da Receita Federal, publicada no Di\u00e1rio Oficial da Uni\u00e3o de 22 de fevereiro. Por isso, os alunos estar\u00e3o dispon\u00edveis de segunda a sexta-feira para quem quiser aquela forcinha.<\/span><\/p>\n<p><span style=\"font-size: 18px;\">O professor Deypson Carvalho, coordenador do curso de ci\u00eancias cont\u00e1beis e do N\u00facleo de Atendimento Fiscal, explica que desde 2015, mais de 500 atendimentos presenciais foram feitos, todos para pessoas f\u00edsicas com renda mensal de at\u00e9 R$ 5 mil, incluindo microempreendedores individuais e empregadores dom\u00e9sticos. O servi\u00e7o \u00e9 gratuito mas, quem quiser, pode levar 1kg de alimento. O arrecadado ser\u00e1 doado a uma entidade filantr\u00f3pica escolhida pelos cerca de 40 estudantes que fazem parte do projeto.<\/span><\/p>\n<p><span style=\"font-size: 18px;\">Para este ano, a meta \u00e9 fazer 400 atendimentos at\u00e9 30 de abril \u00a0\u201cNosso foco \u00e9 orientar, mas tem aqueles casos de quem quer fazer a declara\u00e7\u00e3o, mas n\u00e3o consegue por falta de equipamento e, a\u00ed, n\u00f3s tamb\u00e9m damos o apoio. O contribuinte tem que estar presente e a\u00ed j\u00e1 sai com recibo impresso, ou seja, declara\u00e7\u00e3o entregue\u201d, explica o professor.<\/span><\/p>\n<p><span style=\"font-size: 18px;\">Deypson garante que a iniciativa \u00e9 boa tanto para a comunidade quanto para os futuros contadores. Segundo ele, as maiores d\u00favidas s\u00e3o em rela\u00e7\u00e3o \u00e0s despesas m\u00e9dicas. \u201c\u00c9 a campe\u00e3 de malha fiscal porque \u00e9 a \u00fanica que se pode deduzir o valor integral\u201d. Mas ele alerta: aten\u00e7\u00e3o \u00e9 fundamental. \u201cA declara\u00e7\u00e3o do imposto de renda \u00e9 processo que come\u00e7a com a organiza\u00e7\u00e3o da documenta\u00e7\u00e3o no momento que acontece o fato. A declara\u00e7\u00e3o n\u00e3o acaba quando manda para a Receita\u201d, ressalta. Para evitar a malha fina, \u00e9 preciso acompanhar o processamento do come\u00e7o ao fim.<\/span><\/p>\n<p><span style=\"font-size: 18px;\"><strong>Atendimento<\/strong><strong><\/p>\n<p><\/strong><\/span><\/p>\n<p><span style=\"font-size: 18px;\">Confira locais e hor\u00e1rios dos servi\u00e7os gratuitos oferecidos\u00a0pelas universidades aos contribuintes<strong><\/p>\n<p><\/strong><\/span><\/p>\n<h3>\n<span style=\"font-size: 18px;\"><strong>UnB<\/strong><\/span><\/h3>\n<p><span style=\"font-size: 18px;\"><strong>e-mail:\u00a0<\/strong><em>balcaofiscal@gmail.com<\/em><\/span><\/p>\n<p><span style=\"font-size: 18px;\"><strong>Dias:\u00a0<\/strong>25 e 27 de mar\u00e7o<\/span><\/p>\n<p><span style=\"font-size: 18px;\"><strong>Hor\u00e1rio:\u00a0<\/strong>das 8h \u00e0s 10h<\/span><\/p>\n<p><span style=\"font-size: 18px;\"><strong>Local:\u00a0<\/strong>UnB, sala 06\/38, Bloco D, Pr\u00e9dio da Face, no Campus Darcy Ribeiro (Asa Norte)<\/span><\/p>\n<p><span style=\"font-size: 18px;\"><strong>Dias:\u00a0<\/strong>26 de mar\u00e7o, 2, 9, 16 e 23 de abril<\/span><\/p>\n<p><span style=\"font-size: 18px;\"><strong>Hor\u00e1rio:\u00a0<\/strong>das 14h \u00e0s 18h<\/span><\/p>\n<p><span style=\"font-size: 18px;\"><strong>Local:\u00a0<\/strong>Conjunto Nacional<\/span><\/p>\n<p><span style=\"font-size: 18px;\"><strong>Dias:\u00a0<\/strong>6, 13 e 27 de abril<\/span><\/p>\n<p><span style=\"font-size: 18px;\"><strong>Hor\u00e1rio:\u00a0<\/strong>9h \u00e0s 18h<strong>.<\/strong><\/span><\/p>\n<h3><span style=\"font-size: 18px;\"><strong>Unip<\/strong><\/span><\/h3>\n<p><span style=\"font-size: 18px;\"><strong>Dias: \u00a0<\/strong>6, 13 e 27 de abril<\/span><\/p>\n<p><span style=\"font-size: 18px;\"><strong>Local:\u00a0<\/strong>c\u00e2mpus da Unip na 913 Sul<\/span><\/p>\n<p><span style=\"font-size: 18px;\"><strong>Hor\u00e1rio:\u00a0<\/strong>das 9h \u00e0s 13h<\/span><\/p>\n<p><span style=\"font-size: 18px;\"><strong><\/p>\n<p><\/strong><\/span><\/p>\n<h3><span style=\"font-size: 18px;\"><strong>UDF<\/strong><\/span><\/h3>\n<p><span style=\"font-size: 18px;\"><strong>Dias:\u00a0<\/strong>em abril, todos os dias \u00fateis<\/span><\/p>\n<p><span style=\"font-size: 18px;\"><strong>Hor\u00e1rio:\u00a0<\/strong>18h30 \u00e0s 19h15<\/span><\/p>\n<p><span style=\"font-size: 18px;\"><strong>Local:\u00a0<\/strong>704\/904 Sul, primeiro andar do edif\u00edcio Sede da UDF<\/span><\/p>\n<p>&nbsp;<\/p>\n<h3><\/h3>\n<h3><span style=\"font-size: 18px;\"><strong>UniEuro<\/strong><\/span><\/h3>\n<p><span style=\"font-size: 18px;\"><strong>Dias:\u00a0<\/strong>em abril, todos os dias \u00fateis<\/span><\/p>\n<p><span style=\"font-size: 18px;\"><strong>Locais:\u00a0<\/strong>Unidades de \u00c1guas Claras\u00a0e da Asa Sul<\/span><\/p>\n<p><span style=\"font-size: 18px;\"><strong>Hor\u00e1rios:\u00a0<\/strong>de 12h \u00e0s 18h<\/span><\/p>\n<p><span style=\"font-size: 18px;\">A lista de documentos necess\u00e1rios est\u00e1 dispon\u00edvel no site\u00a0<a href=\"https:\/\/imgsapp2.correiobraziliense.com.br\/www.unieuro.edu.br\/portal\/\">www.unieuro.edu.br\/portal\/<\/a><\/span><\/p>\n<p><span style=\"font-size: 18px;\"><strong>Tira-d\u00favidas<\/strong><\/span><\/p>\n<p><span style=\"font-size: 18px;\">Confira algumas das quest\u00f5es mais comuns j\u00e1 esclarecidas por estudantes<\/span><\/p>\n<p>&nbsp;<\/p>\n<h3><span style=\"font-size: 18px;\"><strong>Se eu pago a escola do\u00a0meu neto, posso declar\u00e1-lo\u00a0como dependente?<\/strong><\/span><\/h3>\n<p><span style=\"font-size: 18px;\">Apenas se voc\u00ea tem a guarda dele ou se ele n\u00e3o tiver arrimo dos pais, ou seja, os pais n\u00e3o s\u00e3o respons\u00e1veis pelo sustento dele.<\/span><\/p>\n<h3><span style=\"font-size: 18px;\"><strong><br \/>\n<\/strong><strong>Meu filho pode ser ao mesmo tempo meu alimentando\u00a0(benefici\u00e1rio de pens\u00e3o\u00a0aliment\u00edcia) e meu dependente<\/strong>?<\/span><\/h3>\n<p><span style=\"font-size: 18px;\">A princ\u00edpio, n\u00e3o. Contudo, se o casal se separou depois que o ano j\u00e1 tinha come\u00e7ado, a crian\u00e7a pode ser declarada como dependente at\u00e9 o momento da separa\u00e7\u00e3o e depois apenas como alimentando. Lembrando que o valor que deve constar para as despesas com pens\u00e3o aliment\u00edcia s\u00f3 pode ser aquele estabelecido em decis\u00e3o judicial (ainda que por vontade pr\u00f3pria um valor a mais seja pago).<\/span><\/p>\n<p>&nbsp;<\/p>\n<h3><span style=\"font-size: 18px;\"><strong>Sou obrigada a declarar Imposto de Renda, mas sou dependente no plano de sa\u00fade do meu filho. Posso declarar as despesas\u00a0que tiver com o plano?<\/strong><\/span><\/h3>\n<p><span style=\"font-size: 18px;\">Sim, desde que voc\u00ea comprove ter repassado financeiramente o valor para o filho. Isso pode ser feito apresentando, por exemplo, o extrato banc\u00e1rio.<\/span><\/p>\n<p>&nbsp;<\/p>\n<p style=\"text-align: right;\"><em><span style=\"color: #ff0000;\">Fonte: Correio Braziliense \u00a0<\/span><\/em><\/p>\n<p class=\"wpf_wrapper\"><a class=\"print_link\" href=\"\" target=\"_blank\">Preparar para impress\u00e3o<\/a><\/p><!-- .wpf_wrapper -->","protected":false},"excerpt":{"rendered":"<p>Quando chega a \u00e9poca de enfrentar o le\u00e3o da Receita Federal, dificilmente algu\u00e9m fica livre de d\u00favidas. Universidades do Distrito&hellip; <\/p>\n","protected":false},"author":1,"featured_media":0,"comment_status":"closed","ping_status":"closed","sticky":false,"template":"","format":"standard","meta":{"footnotes":""},"categories":[7],"tags":[],"class_list":["post-12577","post","type-post","status-publish","format-standard","hentry","category-noticias"],"jetpack_featured_media_url":"","_links":{"self":[{"href":"https:\/\/sindesvdf.com.br\/news\/wp-json\/wp\/v2\/posts\/12577","targetHints":{"allow":["GET"]}}],"collection":[{"href":"https:\/\/sindesvdf.com.br\/news\/wp-json\/wp\/v2\/posts"}],"about":[{"href":"https:\/\/sindesvdf.com.br\/news\/wp-json\/wp\/v2\/types\/post"}],"author":[{"embeddable":true,"href":"https:\/\/sindesvdf.com.br\/news\/wp-json\/wp\/v2\/users\/1"}],"replies":[{"embeddable":true,"href":"https:\/\/sindesvdf.com.br\/news\/wp-json\/wp\/v2\/comments?post=12577"}],"version-history":[{"count":1,"href":"https:\/\/sindesvdf.com.br\/news\/wp-json\/wp\/v2\/posts\/12577\/revisions"}],"predecessor-version":[{"id":12579,"href":"https:\/\/sindesvdf.com.br\/news\/wp-json\/wp\/v2\/posts\/12577\/revisions\/12579"}],"wp:attachment":[{"href":"https:\/\/sindesvdf.com.br\/news\/wp-json\/wp\/v2\/media?parent=12577"}],"wp:term":[{"taxonomy":"category","embeddable":true,"href":"https:\/\/sindesvdf.com.br\/news\/wp-json\/wp\/v2\/categories?post=12577"},{"taxonomy":"post_tag","embeddable":true,"href":"https:\/\/sindesvdf.com.br\/news\/wp-json\/wp\/v2\/tags?post=12577"}],"curies":[{"name":"wp","href":"https:\/\/api.w.org\/{rel}","templated":true}]}}