{"id":12591,"date":"2019-04-03T15:42:08","date_gmt":"2019-04-03T18:42:08","guid":{"rendered":"http:\/\/sindesvdf.com.br\/news\/?p=12591"},"modified":"2019-04-03T16:15:52","modified_gmt":"2019-04-03T19:15:52","slug":"em-audiencia-senado-discutira-a-aposentadoria-especial","status":"publish","type":"post","link":"https:\/\/sindesvdf.com.br\/news\/em-audiencia-senado-discutira-a-aposentadoria-especial\/","title":{"rendered":"Em audi\u00eancia, Senado discutir\u00e1 a Aposentadoria Especial"},"content":{"rendered":"\n<figure class=\"wp-block-image\"><img loading=\"lazy\" decoding=\"async\" width=\"790\" height=\"451\" src=\"http:\/\/sindesvdf.com.br\/news\/wp-content\/uploads\/2019\/04\/card-reforma-prev-790x451.jpg\" alt=\"\" class=\"wp-image-12593\" srcset=\"https:\/\/sindesvdf.com.br\/news\/wp-content\/uploads\/2019\/04\/card-reforma-prev-790x451.jpg 790w, https:\/\/sindesvdf.com.br\/news\/wp-content\/uploads\/2019\/04\/card-reforma-prev-300x171.jpg 300w, https:\/\/sindesvdf.com.br\/news\/wp-content\/uploads\/2019\/04\/card-reforma-prev-768x439.jpg 768w, https:\/\/sindesvdf.com.br\/news\/wp-content\/uploads\/2019\/04\/card-reforma-prev-150x86.jpg 150w, https:\/\/sindesvdf.com.br\/news\/wp-content\/uploads\/2019\/04\/card-reforma-prev-250x143.jpg 250w, https:\/\/sindesvdf.com.br\/news\/wp-content\/uploads\/2019\/04\/card-reforma-prev.jpg 1280w\" sizes=\"auto, (max-width: 790px) 100vw, 790px\" \/><\/figure>\n\n\n\n<p>O Sindicato dos Vigilantes convida toda a categoria para participar de importante audi\u00eancia p\u00fablica para tratar da Aposentadoria Especial. A dos vigilantes e das demais categorias profissionais sujeitas a atividades periculosas e insalubres.<\/p>\n\n\n\n<p>Como todas e todos sabem, na proposta de reforma da Previd\u00eancia encaminhada ao Congresso Nacional pelo governo Bolsonaro, a Aposentadoria Especial sequer foi discutida.<\/p>\n\n\n\n<p>Por iniciativa do senador Paulo Paim, que j\u00e1 provou, atrav\u00e9s de uma CPI, que n\u00e3o existe d\u00e9ficit na Previd\u00eancia e sim sonega\u00e7\u00e3o de grandes empresas, esta audi\u00eancia vai discutir o tema Aposentadoria Especial e tra\u00e7ar estrat\u00e9gias para lutarmos para manter no texto da reforma esse direito conquistado com muita luta.<\/p>\n\n\n\n<hr class=\"wp-block-separator\"\/>\n\n\n\n<p style=\"font-size:24px;text-align:center\" class=\"has-background has-very-light-gray-background-color\"><strong>AUDI\u00caNCIA P\u00daBLICA: APOSENTADORIA ESPECIAL<br \/>Dia: 22\/04\/2019 \u2013 segunda-feira \u2013 8h30  <br \/>Local: Audit\u00f3rio do CDH \u2013 no Senado Federal <\/strong><\/p>\n\n\n\n<hr class=\"wp-block-separator\"\/>\n\n\n\n<p><\/p>\n\n\n\n<p class=\"has-medium-font-size\"><strong>AGUARDEM!<\/strong><br \/>SINDESV-DF realizar\u00e1 plen\u00e1ria em defesa da Aposentadoria Especial<\/p>\n\n\n\n<p>O Sindicato informa que ainda no m\u00eas de maio\/2019 realizar\u00e1 uma plen\u00e1ria de organiza\u00e7\u00e3o e luta em defesa da nossa Aposentadoria Especial. Lembramos da necessidade da participa\u00e7\u00e3o de todas e todos nessas atividades, pois nossa aposentadoria est\u00e1 correndo s\u00e9rio risco de acabar se a reforma da Previd\u00eancia for aprovada com o texto atual proposto pelo governo Bolsonaro.<\/p>\n<p class=\"wpf_wrapper\"><a class=\"print_link\" href=\"\" target=\"_blank\">Preparar para impress\u00e3o<\/a><\/p><!-- .wpf_wrapper -->","protected":false},"excerpt":{"rendered":"<p>O Sindicato dos Vigilantes convida toda a categoria para participar de importante audi\u00eancia p\u00fablica para tratar da Aposentadoria Especial. A&hellip; <\/p>\n","protected":false},"author":1,"featured_media":0,"comment_status":"closed","ping_status":"closed","sticky":false,"template":"","format":"standard","meta":{"footnotes":""},"categories":[],"tags":[],"class_list":["post-12591","post","type-post","status-publish","format-standard","hentry"],"jetpack_featured_media_url":"","_links":{"self":[{"href":"https:\/\/sindesvdf.com.br\/news\/wp-json\/wp\/v2\/posts\/12591","targetHints":{"allow":["GET"]}}],"collection":[{"href":"https:\/\/sindesvdf.com.br\/news\/wp-json\/wp\/v2\/posts"}],"about":[{"href":"https:\/\/sindesvdf.com.br\/news\/wp-json\/wp\/v2\/types\/post"}],"author":[{"embeddable":true,"href":"https:\/\/sindesvdf.com.br\/news\/wp-json\/wp\/v2\/users\/1"}],"replies":[{"embeddable":true,"href":"https:\/\/sindesvdf.com.br\/news\/wp-json\/wp\/v2\/comments?post=12591"}],"version-history":[{"count":8,"href":"https:\/\/sindesvdf.com.br\/news\/wp-json\/wp\/v2\/posts\/12591\/revisions"}],"predecessor-version":[{"id":12600,"href":"https:\/\/sindesvdf.com.br\/news\/wp-json\/wp\/v2\/posts\/12591\/revisions\/12600"}],"wp:attachment":[{"href":"https:\/\/sindesvdf.com.br\/news\/wp-json\/wp\/v2\/media?parent=12591"}],"wp:term":[{"taxonomy":"category","embeddable":true,"href":"https:\/\/sindesvdf.com.br\/news\/wp-json\/wp\/v2\/categories?post=12591"},{"taxonomy":"post_tag","embeddable":true,"href":"https:\/\/sindesvdf.com.br\/news\/wp-json\/wp\/v2\/tags?post=12591"}],"curies":[{"name":"wp","href":"https:\/\/api.w.org\/{rel}","templated":true}]}}