{"id":12603,"date":"2019-04-04T13:37:07","date_gmt":"2019-04-04T16:37:07","guid":{"rendered":"http:\/\/sindesvdf.com.br\/news\/?p=12603"},"modified":"2019-04-04T13:37:07","modified_gmt":"2019-04-04T16:37:07","slug":"aos-vigilantes-da-brasfort","status":"publish","type":"post","link":"https:\/\/sindesvdf.com.br\/news\/aos-vigilantes-da-brasfort\/","title":{"rendered":"Aos vigilantes da Brasfort"},"content":{"rendered":"<h3><span style=\"color: #808080;\"><strong>O SINDESV-DF esclarece a quest\u00e3o dos descontos das mensalidades sindicais<\/strong><\/span><\/h3>\n<p><span style=\"font-size: 18px;\"><img loading=\"lazy\" decoding=\"async\" class=\"aligncenter wp-image-12608 size-large\" src=\"http:\/\/sindesvdf.com.br\/news\/wp-content\/uploads\/2019\/04\/comunicado1-790x461.jpg\" alt=\"\" width=\"790\" height=\"461\" srcset=\"https:\/\/sindesvdf.com.br\/news\/wp-content\/uploads\/2019\/04\/comunicado1-790x461.jpg 790w, https:\/\/sindesvdf.com.br\/news\/wp-content\/uploads\/2019\/04\/comunicado1-300x175.jpg 300w, https:\/\/sindesvdf.com.br\/news\/wp-content\/uploads\/2019\/04\/comunicado1-768x449.jpg 768w, https:\/\/sindesvdf.com.br\/news\/wp-content\/uploads\/2019\/04\/comunicado1-150x88.jpg 150w, https:\/\/sindesvdf.com.br\/news\/wp-content\/uploads\/2019\/04\/comunicado1-250x146.jpg 250w, https:\/\/sindesvdf.com.br\/news\/wp-content\/uploads\/2019\/04\/comunicado1.jpg 1500w\" sizes=\"auto, (max-width: 790px) 100vw, 790px\" \/>Em 2018, quando a nossa data-base foi para Diss\u00eddio Coletivo e a CCT estava vencida, a empresa Brasfort encontrou uma oportunidade para tentar quebrar o Sindicato e inviabilizar a entidade financeiramente para lutar em defesa das reivindica\u00e7\u00f5es da categoria. Essa empresa, a partir de fevereiro de 2018, passou a n\u00e3o descontar a mensalidade sindical de seus empregados, contrariando a vontade dos mesmos.<\/span><\/p>\n<p><span style=\"font-size: 18px;\">Diante disso, o Sindicato na \u00e9poca entrou com uma a\u00e7\u00e3o na Justi\u00e7a para que a Brasfort cumprisse a lei e fizesse o desconto das mensalidades. Atrav\u00e9s de despacho, a Justi\u00e7a est\u00e1 obrigando a empresa Brasfort a fazer os descontos das mensalidades referentes a fevereiro\/2018 a dezembro\/2018.<\/span><\/p>\n<p><span style=\"font-size: 18px;\">Em nota, a empresa afirma que fez de tudo para n\u00e3o efetuar o desconto e que foi obrigada a faz\u00ea-lo por causa da a\u00e7\u00e3o do Sindicato. Lamentavelmente, a empresa ainda se coloca como v\u00edtima, quando na verdade descumpriu a lei e ainda quer se colocar como protetora de seus empregados, mas n\u00e3o diz porque desrespeitou a vontade dos mesmos de serem sindicalizados. E mais, n\u00e3o explica porque essa preocupa\u00e7\u00e3o n\u00e3o se estendeu com o n\u00e3o repasse do Plano de Sa\u00fade, que este Sindicato bancou junto \u00e0 Operadora do Plano de Sa\u00fade para que os vigilantes dessa empresa n\u00e3o ficassem desassistidos.<\/span><\/p>\n<p style=\"text-align: center;\"><strong><span style=\"font-size: 20px;\"><em>Fiquem tranquilos, nenhum vigilante ser\u00e1 prejudicado!<\/em><\/span><\/strong><\/p>\n<p><span style=\"font-size: 18px;\">A dire\u00e7\u00e3o do Sindicato informa que, at\u00e9 o momento, a empresa n\u00e3o repassou os descontos para a conta do SINDESV-DF e assim que isso for feito, ir\u00e1 se pronunciar a respeito.<\/span><\/p>\n<p class=\"wpf_wrapper\"><a class=\"print_link\" href=\"\" target=\"_blank\">Preparar para impress\u00e3o<\/a><\/p><!-- .wpf_wrapper -->","protected":false},"excerpt":{"rendered":"<p>O SINDESV-DF esclarece a quest\u00e3o dos descontos das mensalidades sindicais Em 2018, quando a nossa data-base foi para Diss\u00eddio Coletivo&hellip; <\/p>\n","protected":false},"author":1,"featured_media":0,"comment_status":"closed","ping_status":"closed","sticky":false,"template":"","format":"standard","meta":{"footnotes":""},"categories":[7],"tags":[],"class_list":["post-12603","post","type-post","status-publish","format-standard","hentry","category-noticias"],"jetpack_featured_media_url":"","_links":{"self":[{"href":"https:\/\/sindesvdf.com.br\/news\/wp-json\/wp\/v2\/posts\/12603","targetHints":{"allow":["GET"]}}],"collection":[{"href":"https:\/\/sindesvdf.com.br\/news\/wp-json\/wp\/v2\/posts"}],"about":[{"href":"https:\/\/sindesvdf.com.br\/news\/wp-json\/wp\/v2\/types\/post"}],"author":[{"embeddable":true,"href":"https:\/\/sindesvdf.com.br\/news\/wp-json\/wp\/v2\/users\/1"}],"replies":[{"embeddable":true,"href":"https:\/\/sindesvdf.com.br\/news\/wp-json\/wp\/v2\/comments?post=12603"}],"version-history":[{"count":6,"href":"https:\/\/sindesvdf.com.br\/news\/wp-json\/wp\/v2\/posts\/12603\/revisions"}],"predecessor-version":[{"id":12610,"href":"https:\/\/sindesvdf.com.br\/news\/wp-json\/wp\/v2\/posts\/12603\/revisions\/12610"}],"wp:attachment":[{"href":"https:\/\/sindesvdf.com.br\/news\/wp-json\/wp\/v2\/media?parent=12603"}],"wp:term":[{"taxonomy":"category","embeddable":true,"href":"https:\/\/sindesvdf.com.br\/news\/wp-json\/wp\/v2\/categories?post=12603"},{"taxonomy":"post_tag","embeddable":true,"href":"https:\/\/sindesvdf.com.br\/news\/wp-json\/wp\/v2\/tags?post=12603"}],"curies":[{"name":"wp","href":"https:\/\/api.w.org\/{rel}","templated":true}]}}