{"id":12613,"date":"2019-04-08T14:15:39","date_gmt":"2019-04-08T17:15:39","guid":{"rendered":"http:\/\/sindesvdf.com.br\/news\/?p=12613"},"modified":"2019-04-08T14:17:48","modified_gmt":"2019-04-08T17:17:48","slug":"sindesvdf-devolve-mensalidades-descontadas-pela-brasfort","status":"publish","type":"post","link":"https:\/\/sindesvdf.com.br\/news\/sindesvdf-devolve-mensalidades-descontadas-pela-brasfort\/","title":{"rendered":"SindesvDF devolve mensalidades descontadas pela Brasfort"},"content":{"rendered":"\n<div class=\"wp-block-image\"><figure class=\"aligncenter\"><img loading=\"lazy\" decoding=\"async\" width=\"790\" height=\"451\" src=\"http:\/\/sindesvdf.com.br\/news\/wp-content\/uploads\/2019\/04\/CardDevolu\u00e7\u00e3oMensalidades-7x4-01-1-790x451.png\" alt=\"\" class=\"wp-image-12620\" srcset=\"https:\/\/sindesvdf.com.br\/news\/wp-content\/uploads\/2019\/04\/CardDevolu\u00e7\u00e3oMensalidades-7x4-01-1-790x451.png 790w, https:\/\/sindesvdf.com.br\/news\/wp-content\/uploads\/2019\/04\/CardDevolu\u00e7\u00e3oMensalidades-7x4-01-1-300x171.png 300w, https:\/\/sindesvdf.com.br\/news\/wp-content\/uploads\/2019\/04\/CardDevolu\u00e7\u00e3oMensalidades-7x4-01-1-768x439.png 768w, https:\/\/sindesvdf.com.br\/news\/wp-content\/uploads\/2019\/04\/CardDevolu\u00e7\u00e3oMensalidades-7x4-01-1-150x86.png 150w, https:\/\/sindesvdf.com.br\/news\/wp-content\/uploads\/2019\/04\/CardDevolu\u00e7\u00e3oMensalidades-7x4-01-1-250x143.png 250w, https:\/\/sindesvdf.com.br\/news\/wp-content\/uploads\/2019\/04\/CardDevolu\u00e7\u00e3oMensalidades-7x4-01-1-700x400.png 700w, https:\/\/sindesvdf.com.br\/news\/wp-content\/uploads\/2019\/04\/CardDevolu\u00e7\u00e3oMensalidades-7x4-01-1-620x354.png 620w, https:\/\/sindesvdf.com.br\/news\/wp-content\/uploads\/2019\/04\/CardDevolu\u00e7\u00e3oMensalidades-7x4-01-1-400x229.png 400w\" sizes=\"auto, (max-width: 790px) 100vw, 790px\" \/><\/figure><\/div>\n\n\n\n<p><span style=\"font-size: 20px;\">A Dire\u00e7\u00e3o do Sindicato dos Vigilantes do DF, conforme compromisso assumido com os vigilantes da Brasfort que tiveram 11 mensalidades descontadas de uma \u00fanica vez pela empresa, orienta que a devolu\u00e7\u00e3o ser\u00e1 feita da seguinte forma:<\/span><\/p>\n\n\n\n<ol class=\"wp-block-list\"><li><span style=\"font-size: 20px;\">O vigilante da Brasfort deve comparecer \u00e0 sede do SINDESV-DF a partir do dia<strong> 09\/04\/2019<\/strong> (ter\u00e7a-feira).<\/span><\/li><li><span style=\"font-size: 20px;\">Documentos necess\u00e1rios: <strong>C\u00f3pia do CPF e RG, C\u00f3pia do contracheque e c\u00f3pia de conta corrente ou conta poupan\u00e7a<\/strong><em> (pode ser c\u00f3pia do extrato banc\u00e1rio).<\/em><\/span><\/li><li><span style=\"font-size: 20px;\">O atendimento ser\u00e1 na sede do Sindicato no hor\u00e1rio de <strong>8h \u00e0s 18h<\/strong> e ser\u00e1 distribu\u00edda senha por ordem de chegada.<\/span><\/li><li><span style=\"font-size: 20px;\">Ap\u00f3s a entrega da documenta\u00e7\u00e3o, o Sindicato come\u00e7ar\u00e1 a fazer o dep\u00f3sito de cada vigilante em sua conta corrente ou poupan\u00e7a.<\/span><\/li><li><span style=\"font-size: 20px;\">Lembramos que essa devolu\u00e7\u00e3o envolve mais de dois mil vigilantes, por isso, pedimos a todos e todas a necess\u00e1ria compreens\u00e3o para que possamos agilizar os trabalhos da melhor forma e brevidade poss\u00edveis.<\/span><\/li><\/ol>\n<p class=\"wpf_wrapper\"><a class=\"print_link\" href=\"\" target=\"_blank\">Preparar para impress\u00e3o<\/a><\/p><!-- .wpf_wrapper -->","protected":false},"excerpt":{"rendered":"<p>A Dire\u00e7\u00e3o do Sindicato dos Vigilantes do DF, conforme compromisso assumido com os vigilantes da Brasfort que tiveram 11 mensalidades&hellip; <\/p>\n","protected":false},"author":1,"featured_media":0,"comment_status":"closed","ping_status":"closed","sticky":false,"template":"","format":"standard","meta":{"footnotes":""},"categories":[7],"tags":[],"class_list":["post-12613","post","type-post","status-publish","format-standard","hentry","category-noticias"],"jetpack_featured_media_url":"","_links":{"self":[{"href":"https:\/\/sindesvdf.com.br\/news\/wp-json\/wp\/v2\/posts\/12613","targetHints":{"allow":["GET"]}}],"collection":[{"href":"https:\/\/sindesvdf.com.br\/news\/wp-json\/wp\/v2\/posts"}],"about":[{"href":"https:\/\/sindesvdf.com.br\/news\/wp-json\/wp\/v2\/types\/post"}],"author":[{"embeddable":true,"href":"https:\/\/sindesvdf.com.br\/news\/wp-json\/wp\/v2\/users\/1"}],"replies":[{"embeddable":true,"href":"https:\/\/sindesvdf.com.br\/news\/wp-json\/wp\/v2\/comments?post=12613"}],"version-history":[{"count":3,"href":"https:\/\/sindesvdf.com.br\/news\/wp-json\/wp\/v2\/posts\/12613\/revisions"}],"predecessor-version":[{"id":12623,"href":"https:\/\/sindesvdf.com.br\/news\/wp-json\/wp\/v2\/posts\/12613\/revisions\/12623"}],"wp:attachment":[{"href":"https:\/\/sindesvdf.com.br\/news\/wp-json\/wp\/v2\/media?parent=12613"}],"wp:term":[{"taxonomy":"category","embeddable":true,"href":"https:\/\/sindesvdf.com.br\/news\/wp-json\/wp\/v2\/categories?post=12613"},{"taxonomy":"post_tag","embeddable":true,"href":"https:\/\/sindesvdf.com.br\/news\/wp-json\/wp\/v2\/tags?post=12613"}],"curies":[{"name":"wp","href":"https:\/\/api.w.org\/{rel}","templated":true}]}}