{"id":12627,"date":"2019-04-17T16:56:28","date_gmt":"2019-04-17T19:56:28","guid":{"rendered":"http:\/\/sindesvdf.com.br\/news\/?p=12627"},"modified":"2019-08-20T15:39:42","modified_gmt":"2019-08-20T18:39:42","slug":"atencao-vigilantes-22-04-segunda-feira-e-dia-de-defender-a-nossa-aposentadoria-especial","status":"publish","type":"post","link":"https:\/\/sindesvdf.com.br\/news\/atencao-vigilantes-22-04-segunda-feira-e-dia-de-defender-a-nossa-aposentadoria-especial\/","title":{"rendered":"Aten\u00e7\u00e3o Vigilantes: 22\/04 (segunda-feira) \u00e9 dia de defender a nossa Aposentadoria Especial"},"content":{"rendered":"\r\n<div class=\"wp-block-image\">\r\n<figure class=\"aligncenter\"><img loading=\"lazy\" decoding=\"async\" width=\"790\" height=\"451\" class=\"wp-image-12628\" src=\"http:\/\/sindesvdf.com.br\/news\/wp-content\/uploads\/2019\/04\/Aposentadoria-Especial_2-01-790x451.jpg\" alt=\"\" srcset=\"https:\/\/sindesvdf.com.br\/news\/wp-content\/uploads\/2019\/04\/Aposentadoria-Especial_2-01-790x451.jpg 790w, https:\/\/sindesvdf.com.br\/news\/wp-content\/uploads\/2019\/04\/Aposentadoria-Especial_2-01-300x171.jpg 300w, https:\/\/sindesvdf.com.br\/news\/wp-content\/uploads\/2019\/04\/Aposentadoria-Especial_2-01-768x439.jpg 768w, https:\/\/sindesvdf.com.br\/news\/wp-content\/uploads\/2019\/04\/Aposentadoria-Especial_2-01-150x86.jpg 150w, https:\/\/sindesvdf.com.br\/news\/wp-content\/uploads\/2019\/04\/Aposentadoria-Especial_2-01-250x143.jpg 250w, https:\/\/sindesvdf.com.br\/news\/wp-content\/uploads\/2019\/04\/Aposentadoria-Especial_2-01-700x400.jpg 700w, https:\/\/sindesvdf.com.br\/news\/wp-content\/uploads\/2019\/04\/Aposentadoria-Especial_2-01-620x354.jpg 620w, https:\/\/sindesvdf.com.br\/news\/wp-content\/uploads\/2019\/04\/Aposentadoria-Especial_2-01-400x229.jpg 400w\" sizes=\"auto, (max-width: 790px) 100vw, 790px\" \/><\/figure>\r\n<\/div>\r\n\r\n\r\n\r\n<p><span style=\"font-size: 20px;\">Como todos sabem, na proposta de reforma da Previd\u00eancia encaminhada ao Congresso Nacional pelo governo Bolsonaro n\u00e3o est\u00e1 prevista a Aposentadoria Especial de diversas categorias profissionais, inclusive a nossa, de vigilante, que exerce atividade de risco.<\/span><\/p>\r\n\r\n\r\n\r\n<p><span style=\"font-size: 20px;\">A proposta se encontra na Comiss\u00e3o de Constitui\u00e7\u00e3o e Justi\u00e7a (CCJ) e o parecer do relator \u00e9 totalmente favor\u00e1vel ao texto do jeito que ele est\u00e1. Por isso, \u00e9 importante a nossa manifesta\u00e7\u00e3o em defesa da Aposentadoria Especial e a oportunidade para essa defesa ser\u00e1 <strong>dia 22\/04 \u2013 segunda-feira, a partir das 8h30<\/strong> na Comiss\u00e3o de Direitos Humanos do Senado Federal, em audi\u00eancia p\u00fablica para tratar do tema e proposta pelo Senador Paulo Paim.<\/span><\/p>\r\n\r\n\r\n\r\n<p><span style=\"font-size: 20px;\">Contamos com a sua participa\u00e7\u00e3o.<\/span><\/p>\r\n<p class=\"wpf_wrapper\"><a class=\"print_link\" href=\"\" target=\"_blank\">Preparar para impress\u00e3o<\/a><\/p><!-- .wpf_wrapper -->","protected":false},"excerpt":{"rendered":"<p>Como todos sabem, na proposta de reforma da Previd\u00eancia encaminhada ao Congresso Nacional pelo governo Bolsonaro n\u00e3o est\u00e1 prevista a&hellip; <\/p>\n","protected":false},"author":1,"featured_media":12628,"comment_status":"closed","ping_status":"closed","sticky":false,"template":"","format":"standard","meta":{"footnotes":""},"categories":[7],"tags":[],"class_list":["post-12627","post","type-post","status-publish","format-standard","has-post-thumbnail","hentry","category-noticias"],"jetpack_featured_media_url":"https:\/\/sindesvdf.com.br\/news\/wp-content\/uploads\/2019\/04\/Aposentadoria-Especial_2-01.jpg","_links":{"self":[{"href":"https:\/\/sindesvdf.com.br\/news\/wp-json\/wp\/v2\/posts\/12627","targetHints":{"allow":["GET"]}}],"collection":[{"href":"https:\/\/sindesvdf.com.br\/news\/wp-json\/wp\/v2\/posts"}],"about":[{"href":"https:\/\/sindesvdf.com.br\/news\/wp-json\/wp\/v2\/types\/post"}],"author":[{"embeddable":true,"href":"https:\/\/sindesvdf.com.br\/news\/wp-json\/wp\/v2\/users\/1"}],"replies":[{"embeddable":true,"href":"https:\/\/sindesvdf.com.br\/news\/wp-json\/wp\/v2\/comments?post=12627"}],"version-history":[{"count":6,"href":"https:\/\/sindesvdf.com.br\/news\/wp-json\/wp\/v2\/posts\/12627\/revisions"}],"predecessor-version":[{"id":12905,"href":"https:\/\/sindesvdf.com.br\/news\/wp-json\/wp\/v2\/posts\/12627\/revisions\/12905"}],"wp:featuredmedia":[{"embeddable":true,"href":"https:\/\/sindesvdf.com.br\/news\/wp-json\/wp\/v2\/media\/12628"}],"wp:attachment":[{"href":"https:\/\/sindesvdf.com.br\/news\/wp-json\/wp\/v2\/media?parent=12627"}],"wp:term":[{"taxonomy":"category","embeddable":true,"href":"https:\/\/sindesvdf.com.br\/news\/wp-json\/wp\/v2\/categories?post=12627"},{"taxonomy":"post_tag","embeddable":true,"href":"https:\/\/sindesvdf.com.br\/news\/wp-json\/wp\/v2\/tags?post=12627"}],"curies":[{"name":"wp","href":"https:\/\/api.w.org\/{rel}","templated":true}]}}