{"id":12659,"date":"2019-05-02T09:03:55","date_gmt":"2019-05-02T12:03:55","guid":{"rendered":"http:\/\/sindesvdf.com.br\/news\/?p=12659"},"modified":"2019-05-02T09:03:55","modified_gmt":"2019-05-02T12:03:55","slug":"brasil-tem-atos-para-marcar-o-1o-de-maio-dia-do-trabalho","status":"publish","type":"post","link":"https:\/\/sindesvdf.com.br\/news\/brasil-tem-atos-para-marcar-o-1o-de-maio-dia-do-trabalho\/","title":{"rendered":"Brasil tem atos para marcar o 1\u00ba de Maio, Dia do Trabalho"},"content":{"rendered":"<p><img loading=\"lazy\" decoding=\"async\" class=\"aligncenter size-full wp-image-12660\" src=\"http:\/\/sindesvdf.com.br\/news\/wp-content\/uploads\/2019\/05\/DIA-DO-TRABALHADOR.png\" alt=\"\" width=\"700\" height=\"400\" srcset=\"https:\/\/sindesvdf.com.br\/news\/wp-content\/uploads\/2019\/05\/DIA-DO-TRABALHADOR.png 700w, https:\/\/sindesvdf.com.br\/news\/wp-content\/uploads\/2019\/05\/DIA-DO-TRABALHADOR-300x171.png 300w, https:\/\/sindesvdf.com.br\/news\/wp-content\/uploads\/2019\/05\/DIA-DO-TRABALHADOR-150x86.png 150w, https:\/\/sindesvdf.com.br\/news\/wp-content\/uploads\/2019\/05\/DIA-DO-TRABALHADOR-250x143.png 250w\" sizes=\"auto, (max-width: 700px) 100vw, 700px\" \/><\/p>\n<p><span style=\"font-size: 18px;\">Cidades brasileiras tiveram atos pelo 1\u00ba de Maio nesta quarta-feira, Dia do Trabalho. Milhares foram \u00e0s ruas para protestar ou para acompanhar as comemora\u00e7\u00f5es com programa\u00e7\u00e3o de shows.<\/span><\/p>\n<p><span style=\"font-size: 18px;\">As manifesta\u00e7\u00f5es seguiam pac\u00edficas at\u00e9 por volta de 18 horas. Em alguns dos atos, os organizadores fizeram cr\u00edticas \u00e0 proposta do governo de reforma da Previd\u00eancia, em discuss\u00e3o na C\u00e2mara.<\/span><\/p>\n<p><span style=\"font-size: 18px;\">Tamb\u00e9m houve atos de trabalhadores em v\u00e1rias partes do mundo. Em cidades como Paris, na Fran\u00e7a, e Turim, na It\u00e1lia, houve confronto entre manifestantes e policiais.<\/span><\/p>\n<h2><span style=\"font-size: 18px;\">S\u00e3o Paulo<\/span><\/h2>\n<p><span style=\"font-size: 18px;\">Em S\u00e3o Paulo, pela primeira vez a Central \u00danica dos Trabalhadores (CUT) e a For\u00e7a Sindical se uniram em uma \u00fanica comemora\u00e7\u00e3o. A festa come\u00e7ou \u00e0s 10h no Vale do Anhangaba\u00fa, Centro da capital, e seguiu at\u00e9 a noite. Segundo as centrais sindicais, 200 mil pessoas foram ao evento. A PM n\u00e3o divulgou estimativa.<\/span><\/p>\n<p><span style=\"font-size: 18px;\">A justificativa das entidades organizadoras para fazer um \u00fanico ato \u00e9 o &#8220;momento do Brasil e as dificuldade das centrais sindicais&#8221;, conforme relatou Paulinho da For\u00e7a, da For\u00e7a Sindical.<\/span><\/p>\n<p><span style=\"font-size: 18px;\">Em S\u00e3o Carlos, cerca de 200 pessoas se reuniram nesta quarta-feira (1\u00ba ), feriado do Dia do Trabalhador, em um ato contra a Reforma da Previd\u00eancia. Os manifestantes se concentraram na Pra\u00e7a do Mercado Municipal e, por volta de 10h, percorreram a Avenida S\u00e3o Carlos at\u00e9 a Pra\u00e7a dos Pombos. Durante o trajeto, a faixa de \u00f4nibus continuou liberada e o tr\u00e2nsito n\u00e3o foi afetado.<\/span><\/p>\n<div class=\"mc-column content-text active-extra-styles\" data-block-type=\"raw\" data-block-weight=\"1\" data-block-id=\"11\">\n<div class=\"content-intertitle\">\n<h2><span style=\"font-size: 18px;\">Pernambuco<\/span><\/h2>\n<\/div>\n<\/div>\n<div class=\"row medium-uncollapsed content-media content-photo\" data-block-type=\"backstage-photo\" data-block-id=\"12\">\n<div class=\"mc-column content-media__container\">\n<p class=\"content-media__description \"><span style=\"font-size: 18px;\">Em Pernambuco, representantes de sete centrais sindicais, de partidos pol\u00edticos e trabalhadores de diversos setores se reuniram na \u00e1rea central do Recife nesta manh\u00e3 para <a href=\"https:\/\/g1.globo.com\/pe\/pernambuco\/noticia\/2019\/05\/01\/ato-contra-reforma-da-previdencia-marca-dia-do-trabalhador-no-recife.ghtml\">protestar contra a reforma da Previd\u00eancia<\/a>. Nem PM nem organizadores divulgaram estimativa de p\u00fablico.<\/span><\/p>\n<\/div>\n<\/div>\n<div class=\"mc-column content-text active-extra-styles\" data-block-type=\"raw\" data-block-weight=\"1\" data-block-id=\"14\">\n<div class=\"content-intertitle\">\n<h2><span style=\"font-size: 18px;\">Alagoas<\/span><\/h2>\n<\/div>\n<\/div>\n<div class=\"row medium-uncollapsed content-media content-photo\" data-block-type=\"backstage-photo\" data-block-id=\"15\">\n<div class=\"mc-column content-media__container\">\n<p class=\"content-media__description \"><span style=\"font-size: 18px;\">Em Alagoas, <a href=\"https:\/\/g1.globo.com\/al\/alagoas\/noticia\/2019\/05\/01\/protesto-contra-a-reforma-da-previdencia-marca-dia-do-trabalhador-em-maceio.ghtml\">trabalhadores e integrantes de movimentos sociais e sindicais sa\u00edram em caminhada\u00a0<\/a>pela orla de Macei\u00f3 durante a manh\u00e3. Os manifestantes carregavam cartazes com cr\u00edticas ao desemprego no pa\u00eds. Segundo os organizadores, 5 mil pessoas foram ao ato. A PM n\u00e3o divulgou estimativa.<\/span><\/p>\n<\/div>\n<\/div>\n<div class=\"mc-column content-text active-extra-styles\" data-block-type=\"raw\" data-block-weight=\"1\" data-block-id=\"17\">\n<div class=\"content-intertitle\">\n<h2><span style=\"font-size: 18px;\">Amap\u00e1<\/span><\/h2>\n<\/div>\n<\/div>\n<div class=\"mc-column content-text active-extra-styles \" data-block-type=\"unstyled\" data-block-weight=\"46\" data-block-id=\"18\">\n<p class=\"content-text__container \" data-track-category=\"Link no Texto\" data-track-links=\"\"><span style=\"font-size: 18px;\"><a href=\"https:\/\/g1.globo.com\/ap\/amapa\/noticia\/2019\/05\/01\/grupo-de-servidores-publicos-do-ap-protestam-contra-a-reforma-da-previdencia-no-dia-do-trabalhador.ghtml\">O Dia do Trabalho foi marcado por protesto contra a reforma da previd\u00eancia<\/a>. O ato reuniu um grupo de cerca de 200 pessoas, segundo a organiza\u00e7\u00e3o, na Pra\u00e7a da Bandeira, localizada no Centro de Macap\u00e1. Entre os manifestantes, professores, servidores p\u00fablicos e integrantes de movimento sindicais.<\/span><\/p>\n<\/div>\n<div class=\"mc-column content-text active-extra-styles \" data-block-type=\"unstyled\" data-block-weight=\"50\" data-block-id=\"20\">\n<p class=\"content-text__container \" data-track-category=\"Link no Texto\" data-track-links=\"\"><span style=\"font-size: 18px;\">A manifesta\u00e7\u00e3o teve in\u00edcio \u00e0s 16h e tem previs\u00e3o de encerrar \u00e0s 20h. Nesse per\u00edodo, aconteceram apresenta\u00e7\u00f5es musicais, declama\u00e7\u00e3o de poesias, discursos dos l\u00edderes dos movimentos sindicais e distribui\u00e7\u00e3o de panfletos. O ato faz parte do movimento nacional que acontece em diversas cidades do pa\u00eds, em prol do direitos trabalhistas.<\/span><\/p>\n<\/div>\n<div class=\"mc-column content-text active-extra-styles\" data-block-type=\"raw\" data-block-weight=\"1\" data-block-id=\"21\">\n<div class=\"content-intertitle\">\n<h2><span style=\"font-size: 18px;\">Amazonas<\/span><\/h2>\n<\/div>\n<\/div>\n<div class=\"mc-column content-text active-extra-styles \" data-block-type=\"unstyled\" data-block-weight=\"42\" data-block-id=\"22\">\n<p class=\"content-text__container \" data-track-category=\"Link no Texto\" data-track-links=\"\"><span style=\"font-size: 18px;\">O Dia do Trabalho foi comemorado com protesto da CUT e de outras centrais sindicais contra a reforma da Previd\u00eancia. Houve uma caminhada pelas ruas do centro de Manaus. Segundo a organiza\u00e7\u00e3o, mil pessoas participaram do protesto. A PM informou 400 pessoas.<\/span><\/p>\n<\/div>\n<div class=\"mc-column content-text active-extra-styles\" data-block-type=\"raw\" data-block-weight=\"1\" data-block-id=\"23\">\n<div class=\"content-intertitle\">\n<h2><span style=\"font-size: 18px;\">Cear\u00e1<\/span><\/h2>\n<\/div>\n<\/div>\n<div class=\"row medium-uncollapsed content-media content-photo\" data-block-type=\"backstage-photo\" data-block-id=\"24\">\n<div class=\"mc-column content-media__container\">\n<p class=\"content-media__description \"><span style=\"font-size: 18px;\"><a href=\"https:\/\/g1.globo.com\/ce\/ceara\/noticia\/2019\/05\/01\/ato-de-centrais-sindicais-e-movimentos-sociais-bloqueia-rodovia-br-230-no-ceara.ghtml\">Integrantes de centrais sindicais e movimentos sociais se reuniram nesta quarta-feira (1\u00ba)<\/a>, em um ato na rodovia BR-230, no munic\u00edpio de V\u00e1rzea Alegre, na Regi\u00e3o do Cariri do Cear\u00e1.<\/span><\/p>\n<\/div>\n<\/div>\n<div class=\"mc-column content-text active-extra-styles \" data-block-type=\"unstyled\" data-block-weight=\"53\" data-block-id=\"26\">\n<p class=\"content-text__container \" data-track-category=\"Link no Texto\" data-track-links=\"\"><span style=\"font-size: 18px;\">Segundo a Pol\u00edcia Rodovi\u00e1ria Federal do Cear\u00e1 (PRF-CE), o ato come\u00e7ou por volta das 7h20 e o trecho do Km-83 ficou bloqueado, o que gerou congestionamento de ve\u00edculos. Cerca de 150 pessoas participaram do ato. O grupo exibiu faixas e cartazes em alus\u00e3o ao Dia do Trabalhador. Pneus tamb\u00e9m foram queimados na via.<\/span><\/p>\n<\/div>\n<div class=\"mc-column content-text active-extra-styles \" data-block-type=\"unstyled\" data-block-weight=\"25\" data-block-id=\"27\">\n<p class=\"content-text__container \" data-track-category=\"Link no Texto\" data-track-links=\"\"><span style=\"font-size: 18px;\">No munic\u00edpio de Crato, centenas de pessoas sa\u00edram em caminhada \u00e0s 4h30 da manh\u00e3 e fizeram um percurso de 10 quil\u00f4metros pelas ruas da cidade.<\/span><\/p>\n<\/div>\n<div class=\"content-ads content-ads--reveal\" data-block-type=\"ads\" data-block-id=\"28\"><\/div>\n<div class=\"mc-column content-text active-extra-styles \" data-block-type=\"unstyled\" data-block-weight=\"73\" data-block-id=\"29\">\n<p class=\"content-text__container \" data-track-category=\"Link no Texto\" data-track-links=\"\"><span style=\"font-size: 18px;\"><a href=\"https:\/\/g1.globo.com\/ce\/ceara\/noticia\/2019\/05\/01\/ato-pelo-dia-do-trabalhador-em-fortaleza-questiona-reforma-da-previdencia-e-reajuste-do-salario.ghtml\">J\u00e1 em Fortaleza<\/a>, integrantes de movimentos sociais e das centrais sindicais se reuniram na tarde para participar da caminhada &#8220;Marcha dos Trabalhadores&#8221;, na Avenida Beira-Mar. A mobiliza\u00e7\u00e3o que marca o Dia do Trabalho tem entre as principais pautas a defesa da pol\u00edtica de reajustes do sal\u00e1rio m\u00ednimo, a luta por emprego e o protesto contra a Reforma da Previd\u00eancia. Cerca de 20 mil pessoas participaram, segundo a organiza\u00e7\u00e3o. A PM n\u00e3o divulgou estimativa.<\/span><\/p>\n<\/div>\n<div class=\"mc-column content-text active-extra-styles\" data-block-type=\"raw\" data-block-weight=\"2\" data-block-id=\"30\">\n<div class=\"content-intertitle\">\n<h2><span style=\"font-size: 18px;\">Minas Gerais<\/span><\/h2>\n<\/div>\n<\/div>\n<div class=\"row medium-uncollapsed content-media content-photo\" data-block-type=\"backstage-photo\" data-block-id=\"31\">\n<div class=\"mc-column content-media__container\">\n<p class=\"content-media__description \"><span style=\"font-size: 18px;\">Na tradicional missa do Dia do Trabalhador realizada em Contagem, na Grande BH, <a href=\"https:\/\/g1.globo.com\/mg\/minas-gerais\/noticia\/2019\/05\/01\/vitimas-da-tragedia-de-brumadinho-sao-lembradas-durante-a-missa-do-dia-do-trabalhador-na-grande-bh.ghtml\">representantes do Movimento dos Atingidos por Barragens (MAB) lembraram as v\u00edtimas do rompimento da barragem da Vale<\/a>\u00a0em Brumadinho, na Regi\u00e3o Metropolitana de Belo Horizonte.<\/span><\/p>\n<\/div>\n<\/div>\n<div class=\"mc-column content-text active-extra-styles \" data-block-type=\"unstyled\" data-block-weight=\"50\" data-block-id=\"33\">\n<p class=\"content-text__container \" data-track-category=\"Link no Texto\" data-track-links=\"\"><span style=\"font-size: 18px;\">\u201c<em>O Dia do Trabalhador \u00e9 para lembrar que os trabalhadores est\u00e3o morrendo com a l\u00f3gica da privatiza\u00e7\u00e3o que como a Vale cometeu esse crime levando lucro acima da vida. Ent\u00e3o hoje \u00e9 um dia de protesto, de luta, de solidariedade entre os trabalhadores<\/em>\u201d, disse o membro do MAB, Jocely Andreoli.<\/span><\/p>\n<\/div>\n<div class=\"mc-column content-text active-extra-styles\" data-block-type=\"raw\" data-block-weight=\"1\" data-block-id=\"34\">\n<div class=\"content-intertitle\">\n<h2><span style=\"font-size: 18px;\">Paran\u00e1<\/span><\/h2>\n<div class=\"mc-column content-text active-extra-styles \" data-block-type=\"unstyled\" data-block-weight=\"38\" data-block-id=\"37\">\n<p class=\"content-text__container \" data-track-category=\"Link no Texto\" data-track-links=\"\"><span style=\"font-size: 18px;\">Em Cascavel, no norte do Paran\u00e1, a festa do trabalhador foi\u00a0<a href=\"https:\/\/g1.globo.com\/pr\/oeste-sudoeste\/noticia\/2019\/05\/01\/festa-do-trabalhador-e-comemorada-com-17-toneladas-de-costela-assadas-no-fogo-de-chao-em-cascavel.ghtml\">comemorada com 17 toneladas de carne<\/a>\u00a0num evento que \u00e9 considerado o maior churrasco do Brasil. A expectativa \u00e9 de que 20 mil pessoas v\u00e3o \u00e0 comemora\u00e7\u00e3o.<\/span><\/p>\n<\/div>\n<div class=\"mc-column content-text active-extra-styles \" data-block-type=\"unstyled\" data-block-weight=\"32\" data-block-id=\"38\">\n<p class=\"content-text__container \" data-track-category=\"Link no Texto\" data-track-links=\"\"><span style=\"font-size: 18px;\">Ao todo, ser\u00e3o assados durante seis horas, no fogo de ch\u00e3o, mais de 500 costel\u00f5es. Mais de mil volunt\u00e1rios participam da organiza\u00e7\u00e3o do evento, que \u00e9 tradi\u00e7\u00e3o na cidade h\u00e1 24 anos.<\/span><\/p>\n<\/div>\n<div class=\"mc-column content-text active-extra-styles \" data-block-type=\"unstyled\" data-block-weight=\"10\" data-block-id=\"39\">\n<p class=\"content-text__container \" data-track-category=\"Link no Texto\" data-track-links=\"\"><span style=\"font-size: 18px;\">Em Arapongas, houve um protesto em uma pra\u00e7a de ped\u00e1gio.<\/span><\/p>\n<\/div>\n<div class=\"mc-column content-text active-extra-styles\" data-block-type=\"raw\" data-block-weight=\"1\" data-block-id=\"40\">\n<div class=\"content-intertitle\">\n<h2><span style=\"font-size: 18px;\">Piau\u00ed<\/span><\/h2>\n<\/div>\n<\/div>\n<div class=\"row medium-uncollapsed content-media content-photo\" data-block-type=\"backstage-photo\" data-block-id=\"41\">\n<div class=\"mc-column content-media__container\">\n<p class=\"content-media__description \"><span style=\"font-size: 18px;\"><a href=\"https:\/\/g1.globo.com\/pi\/piaui\/noticia\/2019\/05\/01\/manifestacao-pelo-dia-do-trabalhador-em-teresina-questiona-reforma-da-previdencia.ghtml\">Centrais sindicais, grupos estudantis e representantes dos principais sindicatos de trabalhadores do estado do Piau\u00ed fizeram protesto<\/a>\u00a0na Pra\u00e7a da Integra\u00e7\u00e3o, no bairro Parque Piau\u00ed, Zona Sul de Teresina, neste Dia do Trabalhador (1\u00ba).<\/span><\/p>\n<\/div>\n<\/div>\n<div class=\"mc-column content-text active-extra-styles \" data-block-type=\"unstyled\" data-block-weight=\"42\" data-block-id=\"43\">\n<p class=\"content-text__container \" data-track-category=\"Link no Texto\" data-track-links=\"\"><span style=\"font-size: 18px;\">Na manifesta\u00e7\u00e3o, o grupo seguiu pelas ruas do entorno da pra\u00e7a, com um carro de som, chamando a aten\u00e7\u00e3o da popula\u00e7\u00e3o. As ruas ficaram interditadas por alguns minutos durante o percurso, que aconteceu entre 9h e 10h. O protesto encerrou ao meio-dia.<\/span><\/p>\n<\/div>\n<div class=\"mc-column content-text active-extra-styles\" data-block-type=\"raw\" data-block-weight=\"4\" data-block-id=\"44\">\n<div class=\"content-intertitle\">\n<h2><span style=\"font-size: 18px;\">Rio Grande do Norte<\/span><\/h2>\n<\/div>\n<\/div>\n<div class=\"row medium-uncollapsed content-media content-photo\" data-block-type=\"backstage-photo\" data-block-id=\"45\">\n<div class=\"mc-column content-media__container\">\n<p class=\"content-media__description \"><span style=\"font-size: 18px;\"><a href=\"https:\/\/g1.globo.com\/rn\/rio-grande-do-norte\/noticia\/2019\/05\/01\/em-natal-sindicalistas-marcam-o-1o-de-maio-com-protesto-contra-a-reforma-da-previdencia.ghtml\">Sindicatos e representantes de v\u00e1rias classes de trabalhadores<\/a>\u00a0do Rio Grande do Norte se reuniram na Pra\u00e7a das Flores, no bairro Petr\u00f3polis, na Zona Leste da cidade, de onde partiu em caminhada at\u00e9 a Praia do Meio. A concentra\u00e7\u00e3o come\u00e7ou \u00e0s 8h, mas os manifestantes s\u00f3 sa\u00edram da pra\u00e7a por volta das 10h. Alexandre Guedes, diretor da Central Sindical e Popular Conlutas, disse que cerca de 1.500 pessoas devem participar do manifesto. A Pol\u00edcia Militar n\u00e3o estimou o n\u00famero de presentes.<\/span><\/p>\n<\/div>\n<\/div>\n<div class=\"mc-column content-text active-extra-styles\" data-block-type=\"raw\" data-block-weight=\"4\" data-block-id=\"48\">\n<div class=\"content-intertitle\">\n<h2><span style=\"font-size: 18px;\">Rio Grande do Sul<\/span><\/h2>\n<\/div>\n<\/div>\n<div class=\"mc-column content-text active-extra-styles \" data-block-type=\"unstyled\" data-block-weight=\"45\" data-block-id=\"50\">\n<p class=\"content-text__container \" data-track-category=\"Link no Texto\" data-track-links=\"\"><span style=\"font-size: 18px;\">Um grupo de manifestantes se re\u00fane na tarde desta quarta-feira (1) na Orla do Gua\u00edba, no Centro de Porto Alegre, em um\u00a0<a href=\"https:\/\/g1.globo.com\/rs\/rio-grande-do-sul\/noticia\/2019\/05\/01\/protesto-pelo-dia-do-trabalho-e-realizado-na-orla-do-guaiba-em-porto-alegre.ghtml\">protesto relativo ao Dia do Trabalho<\/a>. Os organizadores estimaram em 5 mil pessoas o p\u00fablico presente; a Brigada Militar fala em 2 mil.<\/span><\/p>\n<\/div>\n<div class=\"mc-column content-text active-extra-styles \" data-block-type=\"unstyled\" data-block-weight=\"42\" data-block-id=\"51\">\n<p class=\"content-text__container \" data-track-category=\"Link no Texto\" data-track-links=\"\"><span style=\"font-size: 18px;\">O ato teve in\u00edcio por volta das 14h, na R\u00f3tula das Cuias, entre as avenidas Edvaldo Pereira Paiva e Augusto de Carvalho. Pouco depois das 15h, teve in\u00edcio uma caminhada at\u00e9 a sede da C\u00e2mara dos Vereadores, na Avenida Loureiro da Silva.<\/span><\/p>\n<\/div>\n<div class=\"mc-column content-text active-extra-styles\" data-block-type=\"raw\" data-block-weight=\"1\" data-block-id=\"52\">\n<div class=\"content-intertitle\">\n<h2><span style=\"font-size: 18px;\">Sergipe<\/span><\/h2>\n<\/div>\n<\/div>\n<div class=\"mc-column content-text active-extra-styles \" data-block-type=\"unstyled\" data-block-weight=\"45\" data-block-id=\"53\">\n<p class=\"content-text__container \" data-track-category=\"Link no Texto\" data-track-links=\"\"><span style=\"font-size: 18px;\"><a href=\"https:\/\/g1.globo.com\/se\/sergipe\/noticia\/2019\/05\/01\/dia-do-trabalhador-tem-protesto-contra-reforma-da-previdencia-em-aracaju.ghtml\">Centrais sindicais, movimentos sociais e grupos estudantis realizaram uma manifesta\u00e7\u00e3o<\/a> nesta quarta-feira (1\u00ba). O protesto teve in\u00edcio \u00e0s 8h30 na Pra\u00e7a da Juventude, no Conjunto Augusto Franco, na Zona Sul de Aracaju (SE) e seguiu at\u00e9 a Orla de Atalaia onde foi finalizado \u00e0s 13h30.<\/span><\/p>\n<\/div>\n<div data-track-category=\"multicontent\" data-track-action=\"ultimo chunk conteudo\" data-track-noninteraction=\"false\" data-track-scroll=\"view\">\n<div class=\"mc-column content-text active-extra-styles \" data-block-type=\"unstyled\" data-block-weight=\"28\" data-block-id=\"55\">\n<p class=\"content-text__container \" data-track-category=\"Link no Texto\" data-track-links=\"\"><span style=\"font-size: 18px;\">Segundo a organiza\u00e7\u00e3o, o ato reuniu 10 mil pessoas e \u00e9 uma prepara\u00e7\u00e3o para a greve geral, que acontecer\u00e1 no dia 14 de junho em todo o pa\u00eds.<\/span><\/p>\n<p style=\"text-align: right;\" data-track-category=\"Link no Texto\" data-track-links=\"\"><span style=\"color: #ff0000;\"><em>Fonte: G1<\/em><\/span><\/p>\n<\/div>\n<\/div>\n<\/div>\n<\/div>\n<p>&nbsp;<\/p>\n<p class=\"wpf_wrapper\"><a class=\"print_link\" href=\"\" target=\"_blank\">Preparar para impress\u00e3o<\/a><\/p><!-- .wpf_wrapper -->","protected":false},"excerpt":{"rendered":"<p>Cidades brasileiras tiveram atos pelo 1\u00ba de Maio nesta quarta-feira, Dia do Trabalho. Milhares foram \u00e0s ruas para protestar ou&hellip; <\/p>\n","protected":false},"author":1,"featured_media":0,"comment_status":"closed","ping_status":"closed","sticky":false,"template":"","format":"standard","meta":{"footnotes":""},"categories":[7],"tags":[],"class_list":["post-12659","post","type-post","status-publish","format-standard","hentry","category-noticias"],"jetpack_featured_media_url":"","_links":{"self":[{"href":"https:\/\/sindesvdf.com.br\/news\/wp-json\/wp\/v2\/posts\/12659","targetHints":{"allow":["GET"]}}],"collection":[{"href":"https:\/\/sindesvdf.com.br\/news\/wp-json\/wp\/v2\/posts"}],"about":[{"href":"https:\/\/sindesvdf.com.br\/news\/wp-json\/wp\/v2\/types\/post"}],"author":[{"embeddable":true,"href":"https:\/\/sindesvdf.com.br\/news\/wp-json\/wp\/v2\/users\/1"}],"replies":[{"embeddable":true,"href":"https:\/\/sindesvdf.com.br\/news\/wp-json\/wp\/v2\/comments?post=12659"}],"version-history":[{"count":1,"href":"https:\/\/sindesvdf.com.br\/news\/wp-json\/wp\/v2\/posts\/12659\/revisions"}],"predecessor-version":[{"id":12661,"href":"https:\/\/sindesvdf.com.br\/news\/wp-json\/wp\/v2\/posts\/12659\/revisions\/12661"}],"wp:attachment":[{"href":"https:\/\/sindesvdf.com.br\/news\/wp-json\/wp\/v2\/media?parent=12659"}],"wp:term":[{"taxonomy":"category","embeddable":true,"href":"https:\/\/sindesvdf.com.br\/news\/wp-json\/wp\/v2\/categories?post=12659"},{"taxonomy":"post_tag","embeddable":true,"href":"https:\/\/sindesvdf.com.br\/news\/wp-json\/wp\/v2\/tags?post=12659"}],"curies":[{"name":"wp","href":"https:\/\/api.w.org\/{rel}","templated":true}]}}