{"id":12666,"date":"2019-05-06T13:23:24","date_gmt":"2019-05-06T16:23:24","guid":{"rendered":"http:\/\/sindesvdf.com.br\/news\/?p=12666"},"modified":"2019-05-06T13:23:24","modified_gmt":"2019-05-06T16:23:24","slug":"equipes-do-sindesv-df-farao-visitas-aos-postos-de-servico","status":"publish","type":"post","link":"https:\/\/sindesvdf.com.br\/news\/equipes-do-sindesv-df-farao-visitas-aos-postos-de-servico\/","title":{"rendered":"Equipes do SINDESV-DF far\u00e3o visitas aos postos de servi\u00e7o"},"content":{"rendered":"<p><img loading=\"lazy\" decoding=\"async\" class=\"aligncenter wp-image-12667 size-full\" src=\"http:\/\/sindesvdf.com.br\/news\/wp-content\/uploads\/2019\/05\/Fiscaliza\u00e7\u00e3o.png\" alt=\"\" width=\"700\" height=\"400\" srcset=\"https:\/\/sindesvdf.com.br\/news\/wp-content\/uploads\/2019\/05\/Fiscaliza\u00e7\u00e3o.png 700w, https:\/\/sindesvdf.com.br\/news\/wp-content\/uploads\/2019\/05\/Fiscaliza\u00e7\u00e3o-300x171.png 300w, https:\/\/sindesvdf.com.br\/news\/wp-content\/uploads\/2019\/05\/Fiscaliza\u00e7\u00e3o-150x86.png 150w, https:\/\/sindesvdf.com.br\/news\/wp-content\/uploads\/2019\/05\/Fiscaliza\u00e7\u00e3o-250x143.png 250w\" sizes=\"auto, (max-width: 700px) 100vw, 700px\" \/><\/p>\n<p><span style=\"font-size: 18px;\">A partir de agora, o Sindicato dos Vigilantes do DF far\u00e1 visitas aos postos de servi\u00e7o para fiscalizar as condi\u00e7\u00f5es de trabalho, pend\u00eancias das empresas junto aos empregados, dentre outras situa\u00e7\u00f5es que possamos resolver para dar mais tranquilidade ao vigilante no exerc\u00edcio da atividade.<\/span><\/p>\n<p><span style=\"font-size: 18px;\">Essas fiscaliza\u00e7\u00f5es j\u00e1 foram realizadas em outras ocasi\u00f5es pelo SINDESV-DF com resultados positivos na solu\u00e7\u00e3o dos problemas apresentados e com melhorias nas condi\u00e7\u00f5es de trabalho. De tempos em tempos \u00e9 necess\u00e1rio que fa\u00e7amos essas fiscaliza\u00e7\u00f5es para garantir que o vigilante tenha condi\u00e7\u00f5es de trabalho dignas, tamb\u00e9m esclarecemos d\u00favidas e outros questionamentos referentes ao ambiente de trabalho, direitos, conquistas e Conven\u00e7\u00e3o Coletiva de Trabalho.<\/span><\/p>\n<p><span style=\"font-size: 18px;\">As equipes chegar\u00e3o aos postos de servi\u00e7o devidamente identificadas.<\/span><\/p>\n<p class=\"wpf_wrapper\"><a class=\"print_link\" href=\"\" target=\"_blank\">Preparar para impress\u00e3o<\/a><\/p><!-- .wpf_wrapper -->","protected":false},"excerpt":{"rendered":"<p>A partir de agora, o Sindicato dos Vigilantes do DF far\u00e1 visitas aos postos de servi\u00e7o para fiscalizar as condi\u00e7\u00f5es&hellip; <\/p>\n","protected":false},"author":1,"featured_media":0,"comment_status":"closed","ping_status":"closed","sticky":false,"template":"","format":"standard","meta":{"footnotes":""},"categories":[7],"tags":[],"class_list":["post-12666","post","type-post","status-publish","format-standard","hentry","category-noticias"],"jetpack_featured_media_url":"","_links":{"self":[{"href":"https:\/\/sindesvdf.com.br\/news\/wp-json\/wp\/v2\/posts\/12666","targetHints":{"allow":["GET"]}}],"collection":[{"href":"https:\/\/sindesvdf.com.br\/news\/wp-json\/wp\/v2\/posts"}],"about":[{"href":"https:\/\/sindesvdf.com.br\/news\/wp-json\/wp\/v2\/types\/post"}],"author":[{"embeddable":true,"href":"https:\/\/sindesvdf.com.br\/news\/wp-json\/wp\/v2\/users\/1"}],"replies":[{"embeddable":true,"href":"https:\/\/sindesvdf.com.br\/news\/wp-json\/wp\/v2\/comments?post=12666"}],"version-history":[{"count":1,"href":"https:\/\/sindesvdf.com.br\/news\/wp-json\/wp\/v2\/posts\/12666\/revisions"}],"predecessor-version":[{"id":12668,"href":"https:\/\/sindesvdf.com.br\/news\/wp-json\/wp\/v2\/posts\/12666\/revisions\/12668"}],"wp:attachment":[{"href":"https:\/\/sindesvdf.com.br\/news\/wp-json\/wp\/v2\/media?parent=12666"}],"wp:term":[{"taxonomy":"category","embeddable":true,"href":"https:\/\/sindesvdf.com.br\/news\/wp-json\/wp\/v2\/categories?post=12666"},{"taxonomy":"post_tag","embeddable":true,"href":"https:\/\/sindesvdf.com.br\/news\/wp-json\/wp\/v2\/tags?post=12666"}],"curies":[{"name":"wp","href":"https:\/\/api.w.org\/{rel}","templated":true}]}}