{"id":12669,"date":"2019-05-06T15:10:58","date_gmt":"2019-05-06T18:10:58","guid":{"rendered":"http:\/\/sindesvdf.com.br\/news\/?p=12669"},"modified":"2019-05-06T15:10:58","modified_gmt":"2019-05-06T18:10:58","slug":"departamento-de-policia-federal-faz-alteracoes-em-declaracoes-e-certificados","status":"publish","type":"post","link":"https:\/\/sindesvdf.com.br\/news\/departamento-de-policia-federal-faz-alteracoes-em-declaracoes-e-certificados\/","title":{"rendered":"Departamento de Pol\u00edcia Federal faz altera\u00e7\u00f5es em declara\u00e7\u00f5es e certificados"},"content":{"rendered":"<p><img loading=\"lazy\" decoding=\"async\" class=\"aligncenter size-full wp-image-12670\" src=\"http:\/\/sindesvdf.com.br\/news\/wp-content\/uploads\/2019\/05\/PF.png\" alt=\"\" width=\"700\" height=\"400\" srcset=\"https:\/\/sindesvdf.com.br\/news\/wp-content\/uploads\/2019\/05\/PF.png 700w, https:\/\/sindesvdf.com.br\/news\/wp-content\/uploads\/2019\/05\/PF-300x171.png 300w, https:\/\/sindesvdf.com.br\/news\/wp-content\/uploads\/2019\/05\/PF-150x86.png 150w, https:\/\/sindesvdf.com.br\/news\/wp-content\/uploads\/2019\/05\/PF-250x143.png 250w\" sizes=\"auto, (max-width: 700px) 100vw, 700px\" \/><\/p>\n<p><span style=\"font-size: 18px;\">A dire\u00e7\u00e3o do SINDESV-DF, assim como os demais sindicatos de vigilantes do Brasil, recebeu of\u00edcio do Departamento de Pol\u00edcia Federal\/Delegacia de Controle de Seguran\u00e7a Privada (DELESP), informando que o \u00f3rg\u00e3o n\u00e3o vai mais carimbar as declara\u00e7\u00f5es de Curso de Reciclagem, bem como os certificados de curso de extens\u00e3o.<\/span><\/p>\n<p><span style=\"font-size: 18px;\">Segundo a DELESP\/SR\/PF \u201ca altera\u00e7\u00e3o visa adequar o processo, tendo em vista que a matriz prim\u00e1ria de consulta e validade \u00e9 o sistema GESP que pode ser acessado pelas empresas, academias e vigilantes\u201d.<\/span><\/p>\n<p><span style=\"font-size: 18px;\">Diante disso, nos foi tamb\u00e9m informado que:<\/span><\/p>\n<p><span style=\"font-size: 18px;\">-Desde o dia 22\/04\/2019 n\u00e3o foi mais recebido e aposto carimbo pela Pol\u00edcia Federal nas Declara\u00e7\u00f5es de Curso de Reciclagem e nos Certificados de Curso de Extens\u00e3o;<\/span><br \/>\n<span style=\"font-size: 18px;\">-Que as academias n\u00e3o est\u00e3o impedidas de emitirem as Declara\u00e7\u00f5es de Curso de Reciclagem e Certificados de Curso de Extens\u00e3o, apenas n\u00e3o ter\u00e3o a aposi\u00e7\u00e3o de carimbo da PF;<\/span><br \/>\n<span style=\"font-size: 18px;\">-Permanece para as Academias a necessidade de encaminhamento dos demais documentos para an\u00e1lise e aprova\u00e7\u00e3o no GESP.<\/span><\/p>\n<p class=\"wpf_wrapper\"><a class=\"print_link\" href=\"\" target=\"_blank\">Preparar para impress\u00e3o<\/a><\/p><!-- .wpf_wrapper -->","protected":false},"excerpt":{"rendered":"<p>A dire\u00e7\u00e3o do SINDESV-DF, assim como os demais sindicatos de vigilantes do Brasil, recebeu of\u00edcio do Departamento de Pol\u00edcia Federal\/Delegacia&hellip; <\/p>\n","protected":false},"author":1,"featured_media":0,"comment_status":"closed","ping_status":"closed","sticky":false,"template":"","format":"standard","meta":{"footnotes":""},"categories":[7],"tags":[],"class_list":["post-12669","post","type-post","status-publish","format-standard","hentry","category-noticias"],"jetpack_featured_media_url":"","_links":{"self":[{"href":"https:\/\/sindesvdf.com.br\/news\/wp-json\/wp\/v2\/posts\/12669","targetHints":{"allow":["GET"]}}],"collection":[{"href":"https:\/\/sindesvdf.com.br\/news\/wp-json\/wp\/v2\/posts"}],"about":[{"href":"https:\/\/sindesvdf.com.br\/news\/wp-json\/wp\/v2\/types\/post"}],"author":[{"embeddable":true,"href":"https:\/\/sindesvdf.com.br\/news\/wp-json\/wp\/v2\/users\/1"}],"replies":[{"embeddable":true,"href":"https:\/\/sindesvdf.com.br\/news\/wp-json\/wp\/v2\/comments?post=12669"}],"version-history":[{"count":1,"href":"https:\/\/sindesvdf.com.br\/news\/wp-json\/wp\/v2\/posts\/12669\/revisions"}],"predecessor-version":[{"id":12671,"href":"https:\/\/sindesvdf.com.br\/news\/wp-json\/wp\/v2\/posts\/12669\/revisions\/12671"}],"wp:attachment":[{"href":"https:\/\/sindesvdf.com.br\/news\/wp-json\/wp\/v2\/media?parent=12669"}],"wp:term":[{"taxonomy":"category","embeddable":true,"href":"https:\/\/sindesvdf.com.br\/news\/wp-json\/wp\/v2\/categories?post=12669"},{"taxonomy":"post_tag","embeddable":true,"href":"https:\/\/sindesvdf.com.br\/news\/wp-json\/wp\/v2\/tags?post=12669"}],"curies":[{"name":"wp","href":"https:\/\/api.w.org\/{rel}","templated":true}]}}