{"id":12675,"date":"2019-05-08T16:12:16","date_gmt":"2019-05-08T19:12:16","guid":{"rendered":"http:\/\/sindesvdf.com.br\/news\/?p=12675"},"modified":"2019-05-08T16:17:55","modified_gmt":"2019-05-08T19:17:55","slug":"governo-federal-publica-decreto-sobre-porte-e-posse-de-arma","status":"publish","type":"post","link":"https:\/\/sindesvdf.com.br\/news\/governo-federal-publica-decreto-sobre-porte-e-posse-de-arma\/","title":{"rendered":"Governo Federal publica decreto sobre porte e posse de arma"},"content":{"rendered":"<p><img loading=\"lazy\" decoding=\"async\" class=\"size-full wp-image-12676 aligncenter\" src=\"http:\/\/sindesvdf.com.br\/news\/wp-content\/uploads\/2019\/05\/Porte-de-arma.png\" alt=\"\" width=\"700\" height=\"400\" srcset=\"https:\/\/sindesvdf.com.br\/news\/wp-content\/uploads\/2019\/05\/Porte-de-arma.png 700w, https:\/\/sindesvdf.com.br\/news\/wp-content\/uploads\/2019\/05\/Porte-de-arma-300x171.png 300w, https:\/\/sindesvdf.com.br\/news\/wp-content\/uploads\/2019\/05\/Porte-de-arma-150x86.png 150w, https:\/\/sindesvdf.com.br\/news\/wp-content\/uploads\/2019\/05\/Porte-de-arma-250x143.png 250w\" sizes=\"auto, (max-width: 700px) 100vw, 700px\" \/><\/p>\n<p><span style=\"font-size: 18px;\">Saiu no Di\u00e1rio Oficial da Uni\u00e3o desta quarta-feira, 08\/05, o Decreto 9.785\/2019, emitido pelo <\/span><span style=\"font-size: 18px;\">governo Federal que regulamenta a Lei n\u00ba 10826\/2003 para dispor sobre a aquisi\u00e7\u00e3o, o <\/span><span style=\"font-size: 18px;\">cadastro, o registro, a posse, o porte e a comercializa\u00e7\u00e3o de armas de fogo e de muni\u00e7\u00e3o e <\/span><span style=\"font-size: 18px;\">sobre o Sistema Nacional de armas e o Sistema Nacional de Gerenciamento Militar de Armas.<\/span><\/p>\n<p><strong><span style=\"font-size: 18px;\">No cap\u00edtulo IV que fala do Porte de Arma de Fogo, artigo 20 e inciso XI, os vigilantes s\u00e3o <\/span><span style=\"font-size: 18px;\">contemplados. Veja o que diz o artigo 20, par\u00e1grafos 1, 2 e 3 e o inciso XI:<\/span><\/strong><\/p>\n<p><span style=\"font-size: 18px;\">Art. 20. O porte de arma de fogo, expedido pela Pol\u00edcia Federal, \u00e9 pessoal, intransfer\u00edvel, ter\u00e1 <\/span><span style=\"font-size: 18px;\">validade no territ\u00f3rio nacional e garantir\u00e1 o direito de portar consigo qualquer arma de fogo, <\/span><span style=\"font-size: 18px;\">acess\u00f3rio ou muni\u00e7\u00e3o do acervo do interessado com registro v\u00e1lido no Sinarm ou no Sigma, <\/span><span style=\"font-size: 18px;\">conforme o caso, por meio da apresenta\u00e7\u00e3o do documento de identifica\u00e7\u00e3o do portador.<\/span><\/p>\n<p><span style=\"font-size: 18px;\">\u00a7 1\u00ba A taxa estipulada para o porte de arma de fogo somente ser\u00e1 recolhida ap\u00f3s a an\u00e1lise e a <\/span><span style=\"font-size: 18px;\">aprova\u00e7\u00e3o dos documentos apresentados.<\/span><\/p>\n<p><span style=\"font-size: 18px;\">\u00a7 2\u00ba O porte de arma de fogo de uso permitido \u00e9 deferido \u00e0s pessoas que cumprirem os <\/span><span style=\"font-size: 18px;\">requisitos previstos no \u00a7 1\u00ba do art. 10 da <a href=\"http:\/\/www.planalto.gov.br\/ccivil_03\/leis\/2003\/l10.826.htm\">Lei n\u00ba 10.826, de 2003<\/a>.<\/span><\/p>\n<p><span style=\"font-size: 18px;\">\u00a7 3\u00ba Considera-se cumprido o requisito previsto no inciso I do \u00a7 1\u00ba do art. 10 da Lei n\u00ba 10.826, <\/span><span style=\"font-size: 18px;\">de 2003, quando o requerente for:<\/span><\/p>\n<p><span style=\"font-size: 18px;\">XI &#8211; funcion\u00e1rios de empresas de seguran\u00e7a privada e de transporte de valores.<\/span><\/p>\n<p><strong><span style=\"font-size: 18px;\">Veja o \u00a7 1\u00b0 do artigo 10 da Lei 10.826, de 2003:<\/span><\/strong><\/p>\n<p><span style=\"font-size: 18px;\">Art. 10. A autoriza\u00e7\u00e3o para o porte de arma de fogo de uso permitido, em todo o territ\u00f3rio <\/span><span style=\"font-size: 18px;\">nacional, \u00e9 de compet\u00eancia da Pol\u00edcia Federal e somente ser\u00e1 concedida ap\u00f3s autoriza\u00e7\u00e3o do <\/span><span style=\"font-size: 18px;\">Sinarm.<\/span><\/p>\n<p><span style=\"font-size: 18px;\">\u00a7 1o A autoriza\u00e7\u00e3o prevista neste artigo poder\u00e1 ser concedida com efic\u00e1cia tempor\u00e1ria e <\/span><span style=\"font-size: 18px;\">territorial limitada, nos termos de atos regulamentares, e depender\u00e1 de o requerente:<\/span><\/p>\n<p><span style=\"font-size: 18px;\">I \u2013 demonstrar a sua efetiva necessidade por exerc\u00edcio de atividade profissional de risco ou <\/span><span style=\"font-size: 18px;\">de amea\u00e7a \u00e0 sua integridade f\u00edsica;<\/span><\/p>\n<p><span style=\"font-size: 18px;\">II \u2013 atender \u00e0s exig\u00eancias previstas no art. 4o desta Lei;<\/span><\/p>\n<p><span style=\"font-size: 18px;\">III \u2013 apresentar documenta\u00e7\u00e3o de propriedade de arma de fogo, bem como o seu devido <\/span><span style=\"font-size: 18px;\">registro no \u00f3rg\u00e3o competente.<\/span><\/p>\n<p><strong><em>Confira a \u00edntegra do decreto<\/em><\/strong>: <a href=\"http:\/\/www.in.gov.br\/en\/web\/dou\/-\/decreto-n\u00ba-9.785-de-7-de-maio-de-2019-87309239\">DECRETO N\u00ba 9.785, DE 7 DE MAIO DE 2019<\/a><\/p>\n<p class=\"wpf_wrapper\"><a class=\"print_link\" href=\"\" target=\"_blank\">Preparar para impress\u00e3o<\/a><\/p><!-- .wpf_wrapper -->","protected":false},"excerpt":{"rendered":"<p>Saiu no Di\u00e1rio Oficial da Uni\u00e3o desta quarta-feira, 08\/05, o Decreto 9.785\/2019, emitido pelo governo Federal que regulamenta a Lei&hellip; <\/p>\n","protected":false},"author":1,"featured_media":0,"comment_status":"closed","ping_status":"closed","sticky":false,"template":"","format":"standard","meta":{"footnotes":""},"categories":[7],"tags":[],"class_list":["post-12675","post","type-post","status-publish","format-standard","hentry","category-noticias"],"jetpack_featured_media_url":"","_links":{"self":[{"href":"https:\/\/sindesvdf.com.br\/news\/wp-json\/wp\/v2\/posts\/12675","targetHints":{"allow":["GET"]}}],"collection":[{"href":"https:\/\/sindesvdf.com.br\/news\/wp-json\/wp\/v2\/posts"}],"about":[{"href":"https:\/\/sindesvdf.com.br\/news\/wp-json\/wp\/v2\/types\/post"}],"author":[{"embeddable":true,"href":"https:\/\/sindesvdf.com.br\/news\/wp-json\/wp\/v2\/users\/1"}],"replies":[{"embeddable":true,"href":"https:\/\/sindesvdf.com.br\/news\/wp-json\/wp\/v2\/comments?post=12675"}],"version-history":[{"count":2,"href":"https:\/\/sindesvdf.com.br\/news\/wp-json\/wp\/v2\/posts\/12675\/revisions"}],"predecessor-version":[{"id":12678,"href":"https:\/\/sindesvdf.com.br\/news\/wp-json\/wp\/v2\/posts\/12675\/revisions\/12678"}],"wp:attachment":[{"href":"https:\/\/sindesvdf.com.br\/news\/wp-json\/wp\/v2\/media?parent=12675"}],"wp:term":[{"taxonomy":"category","embeddable":true,"href":"https:\/\/sindesvdf.com.br\/news\/wp-json\/wp\/v2\/categories?post=12675"},{"taxonomy":"post_tag","embeddable":true,"href":"https:\/\/sindesvdf.com.br\/news\/wp-json\/wp\/v2\/tags?post=12675"}],"curies":[{"name":"wp","href":"https:\/\/api.w.org\/{rel}","templated":true}]}}