{"id":12679,"date":"2019-05-13T09:11:34","date_gmt":"2019-05-13T12:11:34","guid":{"rendered":"http:\/\/sindesvdf.com.br\/news\/?p=12679"},"modified":"2019-05-13T09:11:34","modified_gmt":"2019-05-13T12:11:34","slug":"presos-ladroes-que-explodiram-caixas-eletronicos-no-anexo-do-buriti","status":"publish","type":"post","link":"https:\/\/sindesvdf.com.br\/news\/presos-ladroes-que-explodiram-caixas-eletronicos-no-anexo-do-buriti\/","title":{"rendered":"Presos ladr\u00f5es que explodiram caixas eletr\u00f4nicos no Anexo do Buriti"},"content":{"rendered":"<figure id=\"attachment_12680\" aria-describedby=\"caption-attachment-12680\" style=\"width: 700px\" class=\"wp-caption aligncenter\"><img loading=\"lazy\" decoding=\"async\" class=\"wp-image-12680 size-full\" src=\"http:\/\/sindesvdf.com.br\/news\/wp-content\/uploads\/2019\/05\/Caixa-eletr\u00f4nico.png\" alt=\"\" width=\"700\" height=\"400\" srcset=\"https:\/\/sindesvdf.com.br\/news\/wp-content\/uploads\/2019\/05\/Caixa-eletr\u00f4nico.png 700w, https:\/\/sindesvdf.com.br\/news\/wp-content\/uploads\/2019\/05\/Caixa-eletr\u00f4nico-300x171.png 300w, https:\/\/sindesvdf.com.br\/news\/wp-content\/uploads\/2019\/05\/Caixa-eletr\u00f4nico-150x86.png 150w, https:\/\/sindesvdf.com.br\/news\/wp-content\/uploads\/2019\/05\/Caixa-eletr\u00f4nico-250x143.png 250w\" sizes=\"auto, (max-width: 700px) 100vw, 700px\" \/><figcaption id=\"caption-attachment-12680\" class=\"wp-caption-text\">Quadrilha tamb\u00e9m foi respons\u00e1vel por roubos no Pier 21, Gilberto Salom\u00e3o, Clube do Senado e em um hotel de luxo<\/figcaption><\/figure>\n<p><span style=\"font-size: 18px;\">Uma organiza\u00e7\u00e3o criminosa estruturada, com hierarquia definida e um arsenal \u00e0 disposi\u00e7\u00e3o come\u00e7ou a ser desmantelada pela Pol\u00edcia Civil do Distrito Federal (PCDF). A quadrilha \u00e9 respons\u00e1vel pelas cinco maiores explos\u00f5es em caixas eletr\u00f4nicos nos \u00faltimos 12 meses na capital, incluindo as a\u00e7\u00f5es no pr\u00e9dio\u00a0<a href=\"https:\/\/www.metropoles.com\/distrito-federal\/seguranca-df\/explosao-de-caixas-eletronicos-e-tiros-no-anexo-do-buriti-sede-do-gdf\" target=\"_blank\" rel=\"noopener noreferrer\">Anexo do Pal\u00e1cio do Buriti<\/a>, no Shopping Pier 21, no Centro Comercial\u00a0<a href=\"https:\/\/www.metropoles.com\/distrito-federal\/seguranca-df\/lago-sul-ladroes-explodem-caixas-eletronicos-e-fogem-em-carro-roubado\" target=\"_blank\" rel=\"noopener noreferrer\">Gilberto Salom\u00e3o<\/a>, na\u00a0<span class=\"st\">Associa\u00e7\u00e3o dos Servidores do Senado Federal (Assefe) e\u00a0no\u00a0<a href=\"https:\/\/www.metropoles.com\/distrito-federal\/seguranca-df\/bandidos-explodem-caixas-eletronicos-em-hotel-proximo-ao-alvorada\" target=\"_blank\" rel=\"noopener noreferrer\">hotel Golden Tulip<\/a>, pr\u00f3ximo ao Pal\u00e1cio da Alvorada, resid\u00eancia oficial da Presid\u00eancia da Rep\u00fablica.<\/span><\/span><\/p>\n<p><span style=\"font-size: 18px;\">Ao todo, 10 integrantes do bando foram identificados, sendo que quatro deles j\u00e1 est\u00e3o presos. As apura\u00e7\u00f5es, conduzidas pela Delegacia de Repress\u00e3o a Furtos (DRF),<span class=\"st\">\u00a0vinculada \u00e0 Coordena\u00e7\u00e3o de Repress\u00e3o aos Crimes Patrimoniais<\/span>\u00a0(Corpatri), intensificaram-se depois da a\u00e7\u00e3o audaciosa no\u00a0Golden Tulip, onde cerca de R$ 470 mil foram levados dos caixas. Estima-se que o grupo tenha faturado perto de R$ 1 milh\u00e3o.<\/span><\/p>\n<p><span style=\"font-size: 18px;\">As novas linhas de investiga\u00e7\u00e3o chegaram a at\u00e9 dois suspeitos que tinham como responsabilidade \u201cguardar\u201d os carros usados para a fuga da quadrilha ap\u00f3s as explos\u00f5es. Andrevaldo Ferreira de Souza, 27 anos, e Fernando Barbosa Alves, 26, confessaram a participa\u00e7\u00e3o\u00a0 nas a\u00e7\u00f5es.<\/span><\/p>\n<p><span style=\"font-size: 18px;\">Em seguida, os investigadores da DRF identificaram o \u201cpiloto\u201d da quadrilha, escolhido para empreender fuga ap\u00f3s os crimes. Mikael Mafra Dantas, 25 anos, tamb\u00e9m est\u00e1 preso e recebia cerca de R$ 4 mil, pagos com o dinheiro furtado dos caixas, para dar fuga aos criminosos.<\/span><\/p>\n<p><span style=\"font-size: 18px;\"><strong>Padr\u00e3o de atua\u00e7\u00e3o<br \/>\n<\/strong>As investiga\u00e7\u00f5es conseguiram identificar o\u00a0<em>modus operandi\u00a0<\/em>da quadrilha. Os integrantes do grupo sempre planejavam os ataques depois de acompanhar, durante dias, a rotina dos locais que seriam alvo das explos\u00f5es.<\/span><\/p>\n<p><span style=\"font-size: 18px;\">A organiza\u00e7\u00e3o criminosa agia na madrugada, fortemente armada e amparada por dois ve\u00edculos. Um dos carros sempre era incendiado ap\u00f3s a a\u00e7\u00e3o, e os criminosos fugiam no outro, apelidado de \u201csegundinha\u201d.<\/span><\/p>\n<p><span style=\"font-size: 18px;\">Al\u00e9m do \u201cpiloto\u201d, que tinha a responsabilidade de\u00a0sair do local com os integrantes da quadrilha ap\u00f3s as explos\u00f5es, havia os homens que escondiam os ve\u00edculos em local discreto. Na linha de frente do bando, os \u201cexplosivistas\u201d tinham a miss\u00e3o de abrir buracos nos caixas eletr\u00f4nicos.<\/span><\/p>\n<p><span style=\"font-size: 18px;\">Outros dois indiv\u00edduos fortemente armados tinham como atribui\u00e7\u00e3o garantir um per\u00edmetro de seguran\u00e7a e render vigias e seguran\u00e7as, al\u00e9m de amarr\u00e1-los em algum local, como salas e banheiros. Os dois respons\u00e1veis eram, justamente, os l\u00edderes da quadrilha, identificados como Thiago Alves Sim\u00f5es, 28 anos, e Jaisson Alves de Jesus, 27.<\/span><\/p>\n<p><span style=\"font-size: 18px;\"><strong>Foragidos<br \/>\n<\/strong>Thiago \u00e9 apontado pela pol\u00edcia como o mentor intelectual das explos\u00f5es. Al\u00e9m de ser um dos bra\u00e7os armados da quadrilha, o criminoso organiza toda a log\u00edstica, o posicionamento e a cronologia das explos\u00f5es. Conhecido como TH, o suspeito \u2013 que est\u00e1 com a pris\u00e3o preventiva decretada \u2013 tamb\u00e9m era o respons\u00e1vel pela partilha do dinheiro retirado dos caixas eletr\u00f4nicos.<\/span><\/p>\n<p><span style=\"font-size: 18px;\">Jaisson, outro foragido apontado como figura de destaque na quadrilha, tinha uma fun\u00e7\u00e3o fundamental nas a\u00e7\u00f5es. Com habilidades em marcenaria, o suspeito produzia os pr\u00f3prios explosivos usados nas a\u00e7\u00f5es. O bando comprava roj\u00f5es em lojas de fogos de artif\u00edcio para retirar a p\u00f3lvora.<\/span><\/p>\n<blockquote><p><span style=\"font-size: 18px;\"><strong>Em seguida, Jaisson produzia recipientes de\u00a0um material chamado \u201cmetalon\u201d, esp\u00e9cie de tubo met\u00e1lico galvanizado. Os explosivos eram moldados artesanalmente e usados nos ataques.<\/strong><\/span><\/p><\/blockquote>\n<p><span style=\"font-size: 18px;\">Segundo o coordenador da Coordena\u00e7\u00e3o de Repress\u00e3o aos Crimes Patrimoniais, delegado Andr\u00e9 Leite, n\u00e3o existe qualquer liga\u00e7\u00e3o entre a quadrilha e fac\u00e7\u00f5es criminosas, como se chegou a cogitar.<\/span><\/p>\n<p><span style=\"font-size: 18px;\">\u201cS\u00e3o criminosos do DF e do Entorno que chegaram a um n\u00edvel de organiza\u00e7\u00e3o capaz de realizar esses ataques. Com novas linhas de investiga\u00e7\u00e3o, tivemos sucesso em identificar todos e prender metade do bando. \u00c9 quest\u00e3o de tempo at\u00e9 que todos estejam atr\u00e1s das grades\u201d, afirmou o delegado.<\/span><\/p>\n<p><span style=\"font-size: 18px;\">De acordo com o delegado da Delegacia de Repress\u00e3o a Furtos, Fernando Cocito, que apura o caso, novas pris\u00f5es devem ocorrer nos pr\u00f3ximos dias. \u201c\u00c9 importante ressaltar que conseguimos provas irrefut\u00e1veis da participa\u00e7\u00e3o dessa organiza\u00e7\u00e3o criminosa em todos os grandes casos de explos\u00f5es a caixas eletr\u00f4nicos que estavam sem autoria. A partir da\u00ed, conseguimos localizar parte do bando e evitar novos ataques. Os outros autores est\u00e3o sendo procurados\u201d, disse.<\/span><\/p>\n<p><span style=\"font-size: 18px;\"><strong>Per\u00edcia<\/strong><\/span><br \/>\n<span style=\"font-size: 18px;\">Peritos da\u00a0<a href=\"https:\/\/www.metropoles.com\/violencia-contra-a-mulher\/maria-da-penha-fogo-vira-arma-para-intimidar-mulheres-e-ocultar-crimes-no-df\">Se\u00e7\u00e3o de Inc\u00eandio e Explos\u00e3o<\/a>, vinculada ao Instituto de Criminal\u00edstica da PCDF, s\u00e3o respons\u00e1veis pela per\u00edcia no local dos roubos. Eles explicam que as a\u00e7\u00f5es criminosas costumam durar, no m\u00e1ximo, tr\u00eas minutos. Apesar do risco, a\u00a0busca por\u00a0dinheiro f\u00e1cil segue atraindo os bandidos.\u00a0O Instituto de Criminal\u00edstica\u00a0detectou a evolu\u00e7\u00e3o de alguns bandos na pr\u00e1tica de crimes contra terminais eletr\u00f4nicos.<\/span><\/p>\n<p><span style=\"font-size: 18px;\">\u201c\u00c9 um desafio porque a maioria desses suspeitos j\u00e1 passaram pela pris\u00e3o, sabem exatamente as evid\u00eancias que vamos procurar e se especializam cada vez mais. Nossa equipe est\u00e1 em constante trabalho de inova\u00e7\u00e3o e qualifica\u00e7\u00e3o\u201d, pontua o perito criminal Vitor Rossi.<\/span><\/p>\n<p><span style=\"font-size: 18px;\">De acordo com a perita Camila Guesine, os grupos nunca agem apenas uma vez. Ela explica, ainda, que os\u00a0policiais\u00a0analisam o tipo de explosivo usado, v\u00eddeos, identificam o\u00a0<em>modus operandi<\/em>\u00a0da quadrilha e recolhem digitais.\u00a0\u201cAs ocorr\u00eancias diminu\u00edram bastante. Estamos com m\u00e9dia de uma por m\u00eas. Fica uma equipe de sobreaviso s\u00f3 para atender esses casos.\u00a0Trata-se de um crime premeditado e praticado por quadrilhas extremamente organizadas, que nunca agem apenas uma vez\u201d, ressalta.<\/span><\/p>\n<p><span style=\"font-size: 18px;\"><strong>Mem\u00f3ria<\/strong><\/span><br \/>\n<span style=\"font-size: 18px;\">O primeiro crime foi cometido pelo bando em 24 de julho de 2018, no Anexo do\u00a0<a href=\"https:\/\/www.metropoles.com\/distrito-federal\/seguranca-df\/explosao-de-caixas-eletronicos-e-tiros-no-anexo-do-buriti-sede-do-gdf\">Pal\u00e1cio do Buriti<\/a>. A explos\u00e3o ocorreu por volta de 3h40. Os equipamentos estavam instalados na \u00e1rea do restaurante dos servidores. De acordo com a Pol\u00edcia Militar, os suspeitos estavam fortemente armados e fugiram em um Palio branco. Durante a a\u00e7\u00e3o, os bandidos efetuaram de dois a quatro disparos no local.<\/span><\/p>\n<blockquote><p><span style=\"font-size: 18px;\"><strong>Viaturas da PM e um helic\u00f3ptero da Pol\u00edcia Civil realizaram buscas e, minutos depois, um ve\u00edculo foi encontrado pegando fogo nas proximidades do Est\u00e1dio Nacional Man\u00e9 Garrincha e do Col\u00e9gio Militar de Bras\u00edlia.<\/strong><\/span><\/p><\/blockquote>\n<p><span style=\"font-size: 18px;\">Ap\u00f3s verifica\u00e7\u00e3o, os policiais confirmaram que se tratava do autom\u00f3vel envolvido no crime. No local da explos\u00e3o, foram encontradas c\u00e1psulas de muni\u00e7\u00e3o 5,56 mm. Cerca de R$ 6 mil ficaram espalhados pelo ch\u00e3o.<\/span><\/p>\n<p><span style=\"font-size: 18px;\">O segundo ataque foi no S<a href=\"https:\/\/www.metropoles.com\/distrito-federal\/seguranca-df\/bandidos-explodem-caixa-eletronico-no-pier-21-atiram-em-pms-e-fogem\">hopping Pier 21<\/a>, em 22 de outubro do ano passado. Novamente portando armas de calibre restrito e, at\u00e9 mesmo, fuzil,\u00a0os criminosos explodiram dois caixas eletr\u00f4nicos. O grupo amarrou os vigilantes que faziam a seguran\u00e7a do centro comercial. Durante a fuga, trocaram tiros com policiais militares. Um dos carros utilizados foi abandonado no acesso que vai da L4 Sul para a L2 Sul.<\/span><\/p>\n<blockquote><p><span style=\"font-size: 18px;\"><strong>O grupo disparou pelo menos oito vezes contra os PMs, que revidaram. Cinco bandidos vestidos com balaclavas \u2013 para tapar os rostos \u2013 chegaram em um Mitsubishi Pajero e um deles permaneceu no ve\u00edculo. Enquanto isso, os outros quatro entraram por tr\u00e1s do shopping\u00a0e montaram os explosivos.<\/strong><\/span><\/p><\/blockquote>\n<p><span style=\"font-size: 18px;\">De acordo com a PM, um dos bandidos se feriu na explos\u00e3o. Quando um comparsa foi socorr\u00ea-lo, um dos seguran\u00e7as conseguiu escapar. Durante a fuga, o grupo lan\u00e7ou objetos pontiagudos de metal na pista, com objetivo de furar os pneus das viaturas da PM e, assim, dificultar a persegui\u00e7\u00e3o.<\/span><\/p>\n<p><span style=\"font-size: 18px;\">Em 13 de dezembro passado, a quadrilha explodiu dois caixas eletr\u00f4nicos em um supermercado que funciona no Centro Comercial\u00a0<a href=\"https:\/\/www.metropoles.com\/distrito-federal\/seguranca-df\/lago-sul-ladroes-explodem-caixas-eletronicos-e-fogem-em-carro-roubado\">Gilberto Salom\u00e3o, no Lago Sul<\/a>. De acordo com a PM, os caixas ficaram completamente destru\u00eddos.<\/span><\/p>\n<p><span style=\"font-size: 18px;\">O bando teria usado um carro branco na fuga, que foi abandonado na Estrada Parque Ind\u00fastria e Abastecimento (Epia), na altura da floricultura pr\u00f3ximo \u00e0 Octogonal. No local, os bandidos renderam um motorista e levaram seu ve\u00edculo.<\/span><\/p>\n<div class=\"d-1of4 t-all column_social\"><span style=\"font-size: 18px;\"> <strong>Veja a a\u00e7\u00e3o da quadrilha:<\/strong><\/span><\/div>\n<div id=\"content_post\" class=\"d-3of4 t-all\">\n<p><iframe loading=\"lazy\" src=\"https:\/\/www.youtube.com\/embed\/mx4z1_-iJrA?feature=oembed\" width=\"680\" height=\"383\" frameborder=\"0\" allowfullscreen=\"allowfullscreen\" data-mce-fragment=\"1\"><\/iframe><\/p>\n<\/div>\n<div class=\"d-1of4 t-all column_social\">\n<div id=\"sticky-wrapper\" class=\"sticky-wrapper is-sticky\">\n<div class=\"share-internal\"><\/div>\n<\/div>\n<\/div>\n<div id=\"content_post\" class=\"d-3of4 t-all\">\n<div class=\"new-carousel\">\n<div class=\"owl-carousel owl-loaded owl-drag\" data-galeria=\"3\">\n<div class=\"owl-nav\"><span style=\"font-size: 18px;\">A investida mais recente dos criminosos foi no hotel de luxo <a href=\"https:\/\/www.metropoles.com\/distrito-federal\/seguranca-df\/bandidos-explodem-caixas-eletronicos-em-hotel-proximo-ao-alvorada\">Golden Tulip Bras\u00edlia Alvorada<\/a>, localizado\u00a0no SHTN, em 28 de mar\u00e7o deste ano.\u00a0Quatro bandidos explodiram tr\u00eas caixas eletr\u00f4nicos. Os assaltantes estavam fortemente armados e renderam os funcion\u00e1rios do hotel,\u00a0conhecido\u00a0por\u00a0hospedar empres\u00e1rios, artistas e autoridades que visitam a capital do pa\u00eds.<\/span><\/div>\n<\/div>\n<\/div>\n<blockquote><p><span style=\"font-size: 18px;\"><strong>De acordo com as imagens de c\u00e2meras de seguran\u00e7a, enquanto um criminoso armado rendia um dos funcion\u00e1rios, outros dois comparsas for\u00e7aram a abertura dos equipamentos com aux\u00edlio de uma barra de ferro. Os equipamentos ficam ao lado das escadas que d\u00e3o acesso ao restaurante do hotel. S\u00f3 tem acesso ao local quem passa pela guarita.<\/strong><\/span><\/p><\/blockquote>\n<p><span style=\"font-size: 18px;\">Os homens colocaram explosivos no local e detonaram os artefatos. Toda a a\u00e7\u00e3o durou cerca de dois minutos. Um dos carros usados na fuga dos bandidos foi encontrado pela pol\u00edcia na Asa Norte.<\/span><\/p>\n<\/div>\n<p style=\"text-align: right;\"><em><span style=\"color: #ff0000;\">Fonte: Metr\u00f3poles<\/span><\/em><\/p>\n<p class=\"wpf_wrapper\"><a class=\"print_link\" href=\"\" target=\"_blank\">Preparar para impress\u00e3o<\/a><\/p><!-- .wpf_wrapper -->","protected":false},"excerpt":{"rendered":"<p>Uma organiza\u00e7\u00e3o criminosa estruturada, com hierarquia definida e um arsenal \u00e0 disposi\u00e7\u00e3o come\u00e7ou a ser desmantelada pela Pol\u00edcia Civil do&hellip; <\/p>\n","protected":false},"author":1,"featured_media":0,"comment_status":"closed","ping_status":"closed","sticky":false,"template":"","format":"standard","meta":{"footnotes":""},"categories":[7],"tags":[],"class_list":["post-12679","post","type-post","status-publish","format-standard","hentry","category-noticias"],"jetpack_featured_media_url":"","_links":{"self":[{"href":"https:\/\/sindesvdf.com.br\/news\/wp-json\/wp\/v2\/posts\/12679","targetHints":{"allow":["GET"]}}],"collection":[{"href":"https:\/\/sindesvdf.com.br\/news\/wp-json\/wp\/v2\/posts"}],"about":[{"href":"https:\/\/sindesvdf.com.br\/news\/wp-json\/wp\/v2\/types\/post"}],"author":[{"embeddable":true,"href":"https:\/\/sindesvdf.com.br\/news\/wp-json\/wp\/v2\/users\/1"}],"replies":[{"embeddable":true,"href":"https:\/\/sindesvdf.com.br\/news\/wp-json\/wp\/v2\/comments?post=12679"}],"version-history":[{"count":1,"href":"https:\/\/sindesvdf.com.br\/news\/wp-json\/wp\/v2\/posts\/12679\/revisions"}],"predecessor-version":[{"id":12681,"href":"https:\/\/sindesvdf.com.br\/news\/wp-json\/wp\/v2\/posts\/12679\/revisions\/12681"}],"wp:attachment":[{"href":"https:\/\/sindesvdf.com.br\/news\/wp-json\/wp\/v2\/media?parent=12679"}],"wp:term":[{"taxonomy":"category","embeddable":true,"href":"https:\/\/sindesvdf.com.br\/news\/wp-json\/wp\/v2\/categories?post=12679"},{"taxonomy":"post_tag","embeddable":true,"href":"https:\/\/sindesvdf.com.br\/news\/wp-json\/wp\/v2\/tags?post=12679"}],"curies":[{"name":"wp","href":"https:\/\/api.w.org\/{rel}","templated":true}]}}