{"id":12688,"date":"2019-05-15T14:29:20","date_gmt":"2019-05-15T17:29:20","guid":{"rendered":"http:\/\/sindesvdf.com.br\/news\/?p=12688"},"modified":"2019-05-15T14:29:20","modified_gmt":"2019-05-15T17:29:20","slug":"estudantes-protestam-em-todo-o-pais-contra-cortes-na-educacao","status":"publish","type":"post","link":"https:\/\/sindesvdf.com.br\/news\/estudantes-protestam-em-todo-o-pais-contra-cortes-na-educacao\/","title":{"rendered":"Estudantes protestam em todo o pa\u00eds contra cortes na Educa\u00e7\u00e3o"},"content":{"rendered":"<figure id=\"attachment_12689\" aria-describedby=\"caption-attachment-12689\" style=\"width: 700px\" class=\"wp-caption aligncenter\"><img loading=\"lazy\" decoding=\"async\" class=\"wp-image-12689 size-full\" src=\"http:\/\/sindesvdf.com.br\/news\/wp-content\/uploads\/2019\/05\/Manifesta\u00e7\u00e3o-estudantes.png\" alt=\"\" width=\"700\" height=\"400\" srcset=\"https:\/\/sindesvdf.com.br\/news\/wp-content\/uploads\/2019\/05\/Manifesta\u00e7\u00e3o-estudantes.png 700w, https:\/\/sindesvdf.com.br\/news\/wp-content\/uploads\/2019\/05\/Manifesta\u00e7\u00e3o-estudantes-300x171.png 300w, https:\/\/sindesvdf.com.br\/news\/wp-content\/uploads\/2019\/05\/Manifesta\u00e7\u00e3o-estudantes-150x86.png 150w, https:\/\/sindesvdf.com.br\/news\/wp-content\/uploads\/2019\/05\/Manifesta\u00e7\u00e3o-estudantes-250x143.png 250w\" sizes=\"auto, (max-width: 700px) 100vw, 700px\" \/><figcaption id=\"caption-attachment-12689\" class=\"wp-caption-text\">Al\u00e9m dos alunos, professores e movimentos sociais est\u00e3o nas ruas ap\u00f3s an\u00fancio de contingenciamento de verbas na \u00e1rea<\/figcaption><\/figure>\n<p><span style=\"font-size: 18px;\">Estudantes, professores e movimentos sociais de todo o Brasil protestam, na manh\u00e3 desta quarta-feira (15\/05\/2019), contra o <a href=\"https:\/\/www.metropoles.com\/distrito-federal\/unb-confirma-bloqueio-de-30-em-verba-e-diz-que-nao-faz-balburdia\" target=\"_blank\" rel=\"noopener noreferrer\">contingenciamento de verbas da Educa\u00e7\u00e3o<\/a>, anunciado pelo <a href=\"https:\/\/www.metropoles.com\/brasil\/bolsonaro-afirma-que-vai-cortar-recursos-das-faculdades-de-humanas\" target=\"_blank\" rel=\"noopener noreferrer\">governo de Jair Bolsonaro (PSL)<\/a>.<\/span><\/p>\n<p><span style=\"font-size: 18px;\">A comunidade acad\u00eamica prometeu para esta quarta uma\u00a0<a href=\"https:\/\/www.metropoles.com\/distrito-federal\/um-dia-de-protestos-contra-o-contingenciamento-de-verbas-na-educacao\" target=\"_blank\" rel=\"noopener noreferrer\">Greve Nacional da Educa\u00e7\u00e3o<\/a>,\u00a0protesto unificado em todo o pa\u00eds contra a reforma da Previd\u00eancia (PEC n\u00ba 6\/2019).\u00a0O movimento\u00a0foi convocado pela Confedera\u00e7\u00e3o Nacional dos Trabalhadores em Educa\u00e7\u00e3o (CNTE) e diversos atos\u00a0acontecem\u00a0nas cidades.<\/span><\/p>\n<p><span style=\"font-size: 18px;\">Em Bras\u00edlia, a mobiliza\u00e7\u00e3o\u00a0come\u00e7ou \u00e0s 10h, com concentra\u00e7\u00e3o no Museu Nacional da Rep\u00fablica.\u00a0O movimento abrange as 678 institui\u00e7\u00f5es p\u00fablicas de ensino fundamental e m\u00e9dio na capital, al\u00e9m da Universidade de Bras\u00edlia (UnB) e do Instituto\u00a0Federal de Bras\u00edlia (IFB).<\/span><\/p>\n<p><span style=\"font-size: 18px;\">A\u00a0orienta\u00e7\u00e3o de\u00a0aderir \u00e0 paralisa\u00e7\u00e3o nacional da educa\u00e7\u00e3o foi tomada ap\u00f3s assembleia-geral realizada na\u00a0\u00faltima quarta-feira\u00a0(08\/05\/2019) pelo Diret\u00f3rio Central dos Estudantes (DCE). A UnB sofreu\u00a0<a href=\"https:\/\/www.metropoles.com\/distrito-federal\/nao-temos-mais-de-onde-cortar-nao-vou-sangrar-a-unb-diz-reitora\">contingenciamento de 40% nos recursos<\/a>, perda de\u00a0R$ 48,5 milh\u00f5es que pode afetar gastos com \u00e1gua, luz e seguran\u00e7a.\u00a0<a href=\"https:\/\/www.metropoles.com\/distrito-federal\/corte-da-capes-atinge-123-pesquisas-na-universidade-de-brasilia\" target=\"_blank\" rel=\"noopener noreferrer\">Os bloqueios tamb\u00e9m atingiram a Coordena\u00e7\u00e3o de Aperfei\u00e7oamento de Pessoal de N\u00edvel Superior (Capes).<\/a>\u00a0Somente na institui\u00e7\u00e3o federal de ensino superior, foram\u00a0eliminadas 123 bolsas.<\/span><\/p>\n<p><span style=\"font-size: 18px;\">O presidente Jair Bolsonaro (PSL), em viagem a Dallas, no estado norte-americano de Texas, afirmou que os estudantes que protestam contra o contingenciamento de verbas nesta quarta-feira (15\/05\/2019) <a href=\"https:\/\/www.metropoles.com\/brasil\/politica-br\/bolsonaro-chama-manifestantes-em-prol-da-educacao-de-idiotas-uteis\" target=\"_blank\" rel=\"noopener noreferrer\">s\u00e3o \u201cmassa de manobra\u201d e \u201cidiotas \u00fateis\u201d<\/a>.<\/span><\/p>\n<blockquote><p><span style=\"font-size: 18px;\"><strong>Segundo Bolsonaro, \u201ca maioria ali \u00e9 militante. Se voc\u00ea perguntar a f\u00f3rmula da \u00e1gua, n\u00e3o sabe, n\u00e3o sabe nada. S\u00e3o uns idiotas \u00fateis que est\u00e3o sendo usados como massa de manobra de uma minoria espertalhona que comp\u00f5e o n\u00facleo das universidades federais no Brasil\u201d.<\/strong><\/span><\/p><\/blockquote>\n<p><span style=\"font-size: 18px;\">No Twitter Brasil, a hashtag #TsunamiDaEduca\u00e7\u00e3o est\u00e1 entre as mais comentadas devido \u00e0s manifesta\u00e7\u00f5es organizadas pela comunidade acad\u00eamica.<\/span><\/p>\n<p><span style=\"font-size: 18px;\"><strong>Cortes na educa\u00e7\u00e3o<\/strong><\/span><\/p>\n<p><span style=\"font-size: 18px;\">No \u00faltimo dia de abril, o ministro da Educa\u00e7\u00e3o, Abraham Weintraub, afirmou que cortaria 30% dos recursos de universidades que promovessem \u201cbalb\u00fardia\u201d nos campi. Tr\u00eas universidades foram enquadradas nesse requisito pelo chefe da pasta: a Universidade de Bras\u00edlia (UnB), a Universidade Federal Fluminense (UFF) e a Universidade Federal da Bahia (UFBA). Segundo ele, a Universidade Federal de Juiz de Fora (UFJF), em Minas Gerais, estava sob avalia\u00e7\u00e3o.<\/span><\/p>\n<p><span style=\"font-size: 18px;\">No mesmo dia, a UnB confirmou o bloqueio de 30% anunciado pelo minist\u00e9rio. A institui\u00e7\u00e3o disse n\u00e3o ter sido comunicada anteriormente de nenhum corte e contestou a declara\u00e7\u00e3o de Weintraub de n\u00e3o promover bagun\u00e7a. \u201cComo toda universidade, \u00e9 palco para o debate livre, cr\u00edtico, organizado por sua comunidade, com toler\u00e2ncia e respeito \u00e0 diversidade e \u00e0 pluralidade.\u201d<\/span><\/p>\n<p><span style=\"font-size: 18px;\">Convidado para participar de uma transmiss\u00e3o semanal via Facebook do presidente Jair Bolsonaro (PSL), Weintraub tentou explicar como seriam realizados os bloqueios e refor\u00e7ou que, na verdade, n\u00e3o foram feitos \u201ccortes\u201d, mas um \u201ccontingenciamento\u201d. \u201cN\u00e3o est\u00e1 cortado. Deixa para comer depois de setembro\u201d, disse na ocasi\u00e3o, ao usar chocolates para explicar o or\u00e7amento das institui\u00e7\u00f5es.<\/span><\/p>\n<p><span style=\"font-size: 18px;\">Assim, de acordo com o ministro, o bloqueio \u00e9 de 24,84% das despesas discricion\u00e1rias, que incluem gastos como contas de \u00e1gua, luz, compra de material b\u00e1sico, contrata\u00e7\u00e3o de terceirizados e realiza\u00e7\u00e3o de pesquisas. O valor total contingenciado, considerando todas as universidades, \u00e9 de R$ 1,7 bilh\u00f5es, ou 3,43% do or\u00e7amento completo \u2014 incluindo despesas obrigat\u00f3rias.<\/span><\/p>\n<p style=\"text-align: right;\"><span style=\"color: #ff0000;\"><em>Fonte: Metr\u00f3poles<\/em><\/span><\/p>\n<p class=\"wpf_wrapper\"><a class=\"print_link\" href=\"\" target=\"_blank\">Preparar para impress\u00e3o<\/a><\/p><!-- .wpf_wrapper -->","protected":false},"excerpt":{"rendered":"<p>Estudantes, professores e movimentos sociais de todo o Brasil protestam, na manh\u00e3 desta quarta-feira (15\/05\/2019), contra o contingenciamento de verbas&hellip; <\/p>\n","protected":false},"author":1,"featured_media":0,"comment_status":"closed","ping_status":"closed","sticky":false,"template":"","format":"standard","meta":{"footnotes":""},"categories":[7],"tags":[],"class_list":["post-12688","post","type-post","status-publish","format-standard","hentry","category-noticias"],"jetpack_featured_media_url":"","_links":{"self":[{"href":"https:\/\/sindesvdf.com.br\/news\/wp-json\/wp\/v2\/posts\/12688","targetHints":{"allow":["GET"]}}],"collection":[{"href":"https:\/\/sindesvdf.com.br\/news\/wp-json\/wp\/v2\/posts"}],"about":[{"href":"https:\/\/sindesvdf.com.br\/news\/wp-json\/wp\/v2\/types\/post"}],"author":[{"embeddable":true,"href":"https:\/\/sindesvdf.com.br\/news\/wp-json\/wp\/v2\/users\/1"}],"replies":[{"embeddable":true,"href":"https:\/\/sindesvdf.com.br\/news\/wp-json\/wp\/v2\/comments?post=12688"}],"version-history":[{"count":1,"href":"https:\/\/sindesvdf.com.br\/news\/wp-json\/wp\/v2\/posts\/12688\/revisions"}],"predecessor-version":[{"id":12690,"href":"https:\/\/sindesvdf.com.br\/news\/wp-json\/wp\/v2\/posts\/12688\/revisions\/12690"}],"wp:attachment":[{"href":"https:\/\/sindesvdf.com.br\/news\/wp-json\/wp\/v2\/media?parent=12688"}],"wp:term":[{"taxonomy":"category","embeddable":true,"href":"https:\/\/sindesvdf.com.br\/news\/wp-json\/wp\/v2\/categories?post=12688"},{"taxonomy":"post_tag","embeddable":true,"href":"https:\/\/sindesvdf.com.br\/news\/wp-json\/wp\/v2\/tags?post=12688"}],"curies":[{"name":"wp","href":"https:\/\/api.w.org\/{rel}","templated":true}]}}