{"id":12691,"date":"2019-05-15T14:59:07","date_gmt":"2019-05-15T17:59:07","guid":{"rendered":"http:\/\/sindesvdf.com.br\/news\/?p=12691"},"modified":"2019-05-15T14:59:07","modified_gmt":"2019-05-15T17:59:07","slug":"vigilantes-ja-tem-proposta-para-manter-aposentadoria-especial","status":"publish","type":"post","link":"https:\/\/sindesvdf.com.br\/news\/vigilantes-ja-tem-proposta-para-manter-aposentadoria-especial\/","title":{"rendered":"Vigilantes j\u00e1 t\u00eam proposta para manter aposentadoria especial"},"content":{"rendered":"<p><img loading=\"lazy\" decoding=\"async\" class=\"aligncenter size-full wp-image-12692\" src=\"http:\/\/sindesvdf.com.br\/news\/wp-content\/uploads\/2019\/05\/Capa.png\" alt=\"\" width=\"700\" height=\"400\" srcset=\"https:\/\/sindesvdf.com.br\/news\/wp-content\/uploads\/2019\/05\/Capa.png 700w, https:\/\/sindesvdf.com.br\/news\/wp-content\/uploads\/2019\/05\/Capa-300x171.png 300w, https:\/\/sindesvdf.com.br\/news\/wp-content\/uploads\/2019\/05\/Capa-150x86.png 150w, https:\/\/sindesvdf.com.br\/news\/wp-content\/uploads\/2019\/05\/Capa-250x143.png 250w\" sizes=\"auto, (max-width: 700px) 100vw, 700px\" \/><\/p>\n<p><span style=\"font-size: 18px;\">A plen\u00e1ria realizada no s\u00e1bado (11\/05) pelo deputado Chico Vigilante, Sindicato dos Vigilantes do DF, SINDVALORES-DF e SINDBOMBEIROS-DF que discutiu a reforma da Previd\u00eancia, foi fundamental para que do debate, das propostas e das an\u00e1lises proferidas no evento fosse constru\u00edda uma proposta de emenda \u00e0 PEC 06\/2019, que trata da reforma da Previd\u00eancia. Estavam tamb\u00e9m presentes na plen\u00e1ria os representantes de sindicatos de vigilantes de Porto Alegre (RS), Niter\u00f3i (RJ), Vit\u00f3ria (ES) e Barueri (SP). Lembrando que na proposta apresentada pelo governo Federal, os vigilantes perdem sua aposentadoria especial, assim como outras categorias, e ser\u00e3o enquadrados nas mesmas condi\u00e7\u00f5es dos demais trabalhadores, o que os obrigaria a trabalhar at\u00e9 os 65 anos (homem) ou 62 (mulheres) e possivelmente tendo de contribuir por 40 anos ou mais para se aposentarem na integralidade.<\/span><\/p>\n<p><span style=\"font-size: 18px;\">Logo ap\u00f3s a plen\u00e1ria e em uma grande articula\u00e7\u00e3o, envolvendo a Confedera\u00e7\u00e3o Nacional dos Vigilantes, atrav\u00e9s de seu presidente, Jos\u00e9 Boaventura, o deputado Chico Vigilante, o SINDESV-DF, representado por presidente, Paulo Quadros, juntamente com demais sindicatos de Vigilantes do Brasil, foi elaborada uma sugest\u00e3o de Emenda \u00e0 PEC n\u00ba 06\/2019 (reforma da Previd\u00eancia), propondo que a aposentadoria especial seja destinada aos trabalhadores e \u00e0s trabalhadoras expostos a agentes nocivos qu\u00edmicos, f\u00edsicos e biol\u00f3gicos prejudiciais \u00e0 sa\u00fade, ou associa\u00e7\u00e3o desses agentes, ou ocupa\u00e7\u00e3o e <strong>enquadramento por periculosidade<\/strong>.<\/span><\/p>\n<p><span style=\"font-size: 18px;\">Ap\u00f3s a elabora\u00e7\u00e3o da emenda, as lideran\u00e7as dos vigilantes come\u00e7aram a encaminhar \u00e0s lideran\u00e7as do Congresso Nacional e a emenda precisar\u00e1 da assinatura de 171 parlamentares para que ela seja efetivamente acatada na Comiss\u00e3o Especial que est\u00e1 analisando a proposta de reforma da Previd\u00eancia do governo Bolsonaro. Nesse sentido, buscamos o apoio do deputado Wellington Roberto, do PR-PB \u2013 Partido da Rep\u00fablica e um dos l\u00edderes do Centr\u00e3o e em atividade realizada na manh\u00e3 desta quarta-feira (15\/05), a emenda foi entregue ao parlamentar. Agora, buscaremos novos apoios de deputados, lembrando que j\u00e1 contamos com a ades\u00e3o dos deputados federais Erika Kokay (PT-DF) e Nelson Pelegrino (PT-BA).<\/span><\/p>\n<p><span style=\"font-size: 18px;\">Ressaltamos a import\u00e2ncia da participa\u00e7\u00e3o de todos os vigilantes do Brasil para nos ajudar nessa importante miss\u00e3o de garantir as 171 assinaturas e aprova\u00e7\u00e3o da emenda. Para isso, os vigilantes devem entrar em contato com o seu deputado ou deputado em seu estado e pedindo que assinem a emenda que vai manter a nossa aposentadoria especial<\/span><\/p>\n<p><span style=\"font-size: 18px;\">Lembre a esses parlamentares que \u00e9 imposs\u00edvel um vigilante completar 25 anos de contribui\u00e7\u00e3o e no exerc\u00edcio de atividade de alta periculosidade, aos 50 anos, por exemplo, e ter de trabalhar mais 15 anos para chegar aos 65 anos exigidos na proposta da PEC 06\/2019. Como esse trabalhador sobreviver\u00e1 nessa atividade de elevado risco? Possivelmente n\u00e3o conseguir\u00e1 se manter na profiss\u00e3o, inviabilizando sua aposentadoria.<\/span><\/p>\n<p><span style=\"font-size: 18px;\">Vigilantes, n\u00f3s contamos com voc\u00ea. Vamos defender esse importante direito \u00e0 aposentadoria especial que foi conquistado por todos n\u00f3s nas grandes lutas travadas nas ruas, nas marchas, plen\u00e1rias, reuni\u00f5es no Congresso Nacional e no governo Federal.<\/span><\/p>\n<p><span style=\"font-size: 18px;\">Os vigilantes agradecem ao deputado Wellington Roberto, bem como ao presidente da Comiss\u00e3o Especial, deputado Marcelo Ramos (PR-AM), amigo dos vigilantes pela acolhida \u00e0 nossa proposta de emenda \u00e0 PEC 06\/2019 e reafirmamos nossa luta para defender a aposentadoria especial dos vigilantes de todo o Brasil.<\/span><\/p>\n<p class=\"wpf_wrapper\"><a class=\"print_link\" href=\"\" target=\"_blank\">Preparar para impress\u00e3o<\/a><\/p><!-- .wpf_wrapper -->","protected":false},"excerpt":{"rendered":"<p>A plen\u00e1ria realizada no s\u00e1bado (11\/05) pelo deputado Chico Vigilante, Sindicato dos Vigilantes do DF, SINDVALORES-DF e SINDBOMBEIROS-DF que discutiu&hellip; <\/p>\n","protected":false},"author":1,"featured_media":0,"comment_status":"closed","ping_status":"closed","sticky":false,"template":"","format":"standard","meta":{"footnotes":""},"categories":[7],"tags":[],"class_list":["post-12691","post","type-post","status-publish","format-standard","hentry","category-noticias"],"jetpack_featured_media_url":"","_links":{"self":[{"href":"https:\/\/sindesvdf.com.br\/news\/wp-json\/wp\/v2\/posts\/12691","targetHints":{"allow":["GET"]}}],"collection":[{"href":"https:\/\/sindesvdf.com.br\/news\/wp-json\/wp\/v2\/posts"}],"about":[{"href":"https:\/\/sindesvdf.com.br\/news\/wp-json\/wp\/v2\/types\/post"}],"author":[{"embeddable":true,"href":"https:\/\/sindesvdf.com.br\/news\/wp-json\/wp\/v2\/users\/1"}],"replies":[{"embeddable":true,"href":"https:\/\/sindesvdf.com.br\/news\/wp-json\/wp\/v2\/comments?post=12691"}],"version-history":[{"count":1,"href":"https:\/\/sindesvdf.com.br\/news\/wp-json\/wp\/v2\/posts\/12691\/revisions"}],"predecessor-version":[{"id":12693,"href":"https:\/\/sindesvdf.com.br\/news\/wp-json\/wp\/v2\/posts\/12691\/revisions\/12693"}],"wp:attachment":[{"href":"https:\/\/sindesvdf.com.br\/news\/wp-json\/wp\/v2\/media?parent=12691"}],"wp:term":[{"taxonomy":"category","embeddable":true,"href":"https:\/\/sindesvdf.com.br\/news\/wp-json\/wp\/v2\/categories?post=12691"},{"taxonomy":"post_tag","embeddable":true,"href":"https:\/\/sindesvdf.com.br\/news\/wp-json\/wp\/v2\/tags?post=12691"}],"curies":[{"name":"wp","href":"https:\/\/api.w.org\/{rel}","templated":true}]}}