{"id":12718,"date":"2019-05-22T09:04:28","date_gmt":"2019-05-22T12:04:28","guid":{"rendered":"http:\/\/sindesvdf.com.br\/news\/?p=12718"},"modified":"2019-05-22T09:04:28","modified_gmt":"2019-05-22T12:04:28","slug":"relacao-dos-vigilantes-da-fianca-vipasa-que-nao-receberam-as-verbas-rescisorias","status":"publish","type":"post","link":"https:\/\/sindesvdf.com.br\/news\/relacao-dos-vigilantes-da-fianca-vipasa-que-nao-receberam-as-verbas-rescisorias\/","title":{"rendered":"Rela\u00e7\u00e3o dos vigilantes da Fian\u00e7a\/Vipasa que n\u00e3o receberam as verbas rescis\u00f3rias"},"content":{"rendered":"<p><img loading=\"lazy\" decoding=\"async\" class=\"aligncenter size-full wp-image-12719\" src=\"http:\/\/sindesvdf.com.br\/news\/wp-content\/uploads\/2019\/05\/Verbas-rescis\u00f3rias.png\" alt=\"\" width=\"700\" height=\"400\" srcset=\"https:\/\/sindesvdf.com.br\/news\/wp-content\/uploads\/2019\/05\/Verbas-rescis\u00f3rias.png 700w, https:\/\/sindesvdf.com.br\/news\/wp-content\/uploads\/2019\/05\/Verbas-rescis\u00f3rias-300x171.png 300w, https:\/\/sindesvdf.com.br\/news\/wp-content\/uploads\/2019\/05\/Verbas-rescis\u00f3rias-150x86.png 150w, https:\/\/sindesvdf.com.br\/news\/wp-content\/uploads\/2019\/05\/Verbas-rescis\u00f3rias-250x143.png 250w\" sizes=\"auto, (max-width: 700px) 100vw, 700px\" \/><\/p>\n<p><span style=\"font-size: 18px;\">Aten\u00e7\u00e3o vigilantes da Fian\u00e7a\/Vipasa, que ainda n\u00e3o procuraram o Sindicato dos Vigilantes do DF referente ao PROCESSO\u00a0<strong>N\u00ba<\/strong><strong> 0001653-57.2010.5.10.0010 <\/strong>relacionado a verbas rescis\u00f3rias, devem entrar em contato imediatamente pelo telefone (61) 3224-2052 \/ 3224-2107, ou pessoalmente no SINDESV-DF (Ed. Ven\u00e2ncio IV, 1\u00ba andar\/tesouraria) no hor\u00e1rio das 08h \u00e0s 18h.<\/span><\/p>\n<p><span style=\"font-size: 18px;\"><strong>Rela\u00e7\u00e3o dos vigilantes:<\/strong><\/span><\/p>\n<p><span style=\"font-size: 18px;\">Ant\u00f4nio Jos\u00e9 de P. Campos<\/span><br \/>\n<span style=\"font-size: 18px;\">Ant\u00f4nio Leite Marra<\/span><br \/>\n<span style=\"font-size: 18px;\">Elgenio Lopes de Oliveira<\/span><br \/>\n<span style=\"font-size: 18px;\">Geraldo Magela de Castro<\/span><br \/>\n<span style=\"font-size: 18px;\">Ismael Barbosa da Silva <\/span><br \/>\n<span style=\"font-size: 18px;\">Joaquim Elias de Albuquerque<\/span><br \/>\n<span style=\"font-size: 18px;\">Luiz Ant\u00f4nio da Silva<\/span><br \/>\n<span style=\"font-size: 18px;\">M\u00e1rcio Santos Fornazier<\/span><br \/>\n<span style=\"font-size: 18px;\">M\u00e1rio Elias de Oliveira \u00a0<\/span><\/p>\n<p><strong><br \/>\n<\/strong><\/p>\n<p class=\"wpf_wrapper\"><a class=\"print_link\" href=\"\" target=\"_blank\">Preparar para impress\u00e3o<\/a><\/p><!-- .wpf_wrapper -->","protected":false},"excerpt":{"rendered":"<p>Aten\u00e7\u00e3o vigilantes da Fian\u00e7a\/Vipasa, que ainda n\u00e3o procuraram o Sindicato dos Vigilantes do DF referente ao PROCESSO\u00a0N\u00ba 0001653-57.2010.5.10.0010 relacionado a&hellip; <\/p>\n","protected":false},"author":1,"featured_media":0,"comment_status":"closed","ping_status":"closed","sticky":false,"template":"","format":"standard","meta":{"footnotes":""},"categories":[7],"tags":[],"class_list":["post-12718","post","type-post","status-publish","format-standard","hentry","category-noticias"],"jetpack_featured_media_url":"","_links":{"self":[{"href":"https:\/\/sindesvdf.com.br\/news\/wp-json\/wp\/v2\/posts\/12718","targetHints":{"allow":["GET"]}}],"collection":[{"href":"https:\/\/sindesvdf.com.br\/news\/wp-json\/wp\/v2\/posts"}],"about":[{"href":"https:\/\/sindesvdf.com.br\/news\/wp-json\/wp\/v2\/types\/post"}],"author":[{"embeddable":true,"href":"https:\/\/sindesvdf.com.br\/news\/wp-json\/wp\/v2\/users\/1"}],"replies":[{"embeddable":true,"href":"https:\/\/sindesvdf.com.br\/news\/wp-json\/wp\/v2\/comments?post=12718"}],"version-history":[{"count":1,"href":"https:\/\/sindesvdf.com.br\/news\/wp-json\/wp\/v2\/posts\/12718\/revisions"}],"predecessor-version":[{"id":12720,"href":"https:\/\/sindesvdf.com.br\/news\/wp-json\/wp\/v2\/posts\/12718\/revisions\/12720"}],"wp:attachment":[{"href":"https:\/\/sindesvdf.com.br\/news\/wp-json\/wp\/v2\/media?parent=12718"}],"wp:term":[{"taxonomy":"category","embeddable":true,"href":"https:\/\/sindesvdf.com.br\/news\/wp-json\/wp\/v2\/categories?post=12718"},{"taxonomy":"post_tag","embeddable":true,"href":"https:\/\/sindesvdf.com.br\/news\/wp-json\/wp\/v2\/tags?post=12718"}],"curies":[{"name":"wp","href":"https:\/\/api.w.org\/{rel}","templated":true}]}}