{"id":12753,"date":"2019-06-04T13:46:08","date_gmt":"2019-06-04T16:46:08","guid":{"rendered":"http:\/\/sindesvdf.com.br\/news\/?p=12753"},"modified":"2019-07-03T09:27:44","modified_gmt":"2019-07-03T12:27:44","slug":"assaltantes-invadem-galpao-espancam-vigilante-e-roubam-carro-oficial-em-sobradinho-no-df","status":"publish","type":"post","link":"https:\/\/sindesvdf.com.br\/news\/assaltantes-invadem-galpao-espancam-vigilante-e-roubam-carro-oficial-em-sobradinho-no-df\/","title":{"rendered":"Assaltantes invadem galp\u00e3o, espancam vigilante e roubam carro oficial em Sobradinho- DF"},"content":{"rendered":"<figure id=\"attachment_12754\" aria-describedby=\"caption-attachment-12754\" style=\"width: 700px\" class=\"wp-caption aligncenter\"><img loading=\"lazy\" decoding=\"async\" class=\"size-full wp-image-12754\" src=\"http:\/\/sindesvdf.com.br\/news\/wp-content\/uploads\/2019\/06\/Sobradinho.png\" alt=\"\" width=\"700\" height=\"400\" srcset=\"https:\/\/sindesvdf.com.br\/news\/wp-content\/uploads\/2019\/06\/Sobradinho.png 700w, https:\/\/sindesvdf.com.br\/news\/wp-content\/uploads\/2019\/06\/Sobradinho-300x171.png 300w, https:\/\/sindesvdf.com.br\/news\/wp-content\/uploads\/2019\/06\/Sobradinho-150x86.png 150w, https:\/\/sindesvdf.com.br\/news\/wp-content\/uploads\/2019\/06\/Sobradinho-250x143.png 250w\" sizes=\"auto, (max-width: 700px) 100vw, 700px\" \/><figcaption id=\"caption-attachment-12754\" class=\"wp-caption-text\">Local guarda maquin\u00e1rio da Administra\u00e7\u00e3o Regional. V\u00edtima foi amarrada e levou coronhadas.<\/figcaption><\/figure>\n<p><span style=\"font-size: 18px;\">Pelo menos tr\u00eas assaltantes invadiram na tarde desse domingo (2), um galp\u00e3o da Administra\u00e7\u00e3o Regional de Sobradinho, no DF, onde fica guardado o maquin\u00e1rio. Os homens ainda roubaram uma caminhonete do Governo do Distrito Federal e ferramentas que estavam no local.<\/span><\/p>\n<p><span style=\"font-size: 18px;\">Um vigilante terceirizado foi rendido por um dos criminosos. Ele disse \u00e0 pol\u00edcia que foi amarrado e levou coronhadas. At\u00e9 o momento, ningu\u00e9m foi preso.<\/span><\/p>\n<p><span style=\"font-size: 18px;\">De acordo com a ocorr\u00eancia registrada na 13\u00aa DP, os assaltantes ainda tentaram matar o vigilante de 47 anos. Mas o rev\u00f3lver que usavam falhou.<\/span><\/p>\n<p><span style=\"font-size: 18px;\">A v\u00edtima foi amarrada e, segundo o delegado Hudson Maldonado, que investiga o caso, o vigilante est\u00e1 bastante assustado.<\/span><br \/>\n<span style=\"font-size: 18px;\">&#8220;Os suspeitos foram bem agressivos. Foram agress\u00f5es gratuitas\u201d.<\/span><\/p>\n<p><span style=\"font-size: 18px;\">Em nota, a Administra\u00e7\u00e3o Regional de Sobradinho informou que o vigilante foi levado para o Hospital Regional de Sobradinho (HRS) e recebeu todo o apoio da empresa terceirizada e da Administra\u00e7\u00e3o. Ainda de acordo com o texto, &#8220;o vigilante encontra-se em recupera\u00e7\u00e3o&#8221;.<\/span><\/p>\n<p><span style=\"font-size: 18px;\">Administra\u00e7\u00e3o disse ainda que a per\u00edcia da Pol\u00edcia Civil foi feita nessa segunda-feira (3), por volta das 13h. O levantamento sobre do que foi roubado e o preju\u00edzo sofrido n\u00e3o foi contabilizado.<\/span><\/p>\n<p style=\"text-align: right;\"><em><span style=\"font-size: 16px; color: #ff0000;\">Fonte: G1<\/span><\/em><\/p>\n<p class=\"wpf_wrapper\"><a class=\"print_link\" href=\"\" target=\"_blank\">Preparar para impress\u00e3o<\/a><\/p><!-- .wpf_wrapper -->","protected":false},"excerpt":{"rendered":"<p>Pelo menos tr\u00eas assaltantes invadiram na tarde desse domingo (2), um galp\u00e3o da Administra\u00e7\u00e3o Regional de Sobradinho, no DF, onde&hellip; <\/p>\n","protected":false},"author":1,"featured_media":12754,"comment_status":"closed","ping_status":"closed","sticky":false,"template":"","format":"standard","meta":{"footnotes":""},"categories":[7],"tags":[],"class_list":["post-12753","post","type-post","status-publish","format-standard","has-post-thumbnail","hentry","category-noticias"],"jetpack_featured_media_url":"https:\/\/sindesvdf.com.br\/news\/wp-content\/uploads\/2019\/06\/Sobradinho.png","_links":{"self":[{"href":"https:\/\/sindesvdf.com.br\/news\/wp-json\/wp\/v2\/posts\/12753","targetHints":{"allow":["GET"]}}],"collection":[{"href":"https:\/\/sindesvdf.com.br\/news\/wp-json\/wp\/v2\/posts"}],"about":[{"href":"https:\/\/sindesvdf.com.br\/news\/wp-json\/wp\/v2\/types\/post"}],"author":[{"embeddable":true,"href":"https:\/\/sindesvdf.com.br\/news\/wp-json\/wp\/v2\/users\/1"}],"replies":[{"embeddable":true,"href":"https:\/\/sindesvdf.com.br\/news\/wp-json\/wp\/v2\/comments?post=12753"}],"version-history":[{"count":2,"href":"https:\/\/sindesvdf.com.br\/news\/wp-json\/wp\/v2\/posts\/12753\/revisions"}],"predecessor-version":[{"id":12759,"href":"https:\/\/sindesvdf.com.br\/news\/wp-json\/wp\/v2\/posts\/12753\/revisions\/12759"}],"wp:featuredmedia":[{"embeddable":true,"href":"https:\/\/sindesvdf.com.br\/news\/wp-json\/wp\/v2\/media\/12754"}],"wp:attachment":[{"href":"https:\/\/sindesvdf.com.br\/news\/wp-json\/wp\/v2\/media?parent=12753"}],"wp:term":[{"taxonomy":"category","embeddable":true,"href":"https:\/\/sindesvdf.com.br\/news\/wp-json\/wp\/v2\/categories?post=12753"},{"taxonomy":"post_tag","embeddable":true,"href":"https:\/\/sindesvdf.com.br\/news\/wp-json\/wp\/v2\/tags?post=12753"}],"curies":[{"name":"wp","href":"https:\/\/api.w.org\/{rel}","templated":true}]}}