{"id":12768,"date":"2019-06-06T11:33:33","date_gmt":"2019-06-06T14:33:33","guid":{"rendered":"http:\/\/sindesvdf.com.br\/news\/?p=12768"},"modified":"2019-07-03T09:18:42","modified_gmt":"2019-07-03T12:18:42","slug":"emenda-dos-vigilantes-e-entregue-na-comissao-especial-da-reforma-da-previdencia","status":"publish","type":"post","link":"https:\/\/sindesvdf.com.br\/news\/emenda-dos-vigilantes-e-entregue-na-comissao-especial-da-reforma-da-previdencia\/","title":{"rendered":"Emenda dos Vigilantes \u00e9 entregue na Comiss\u00e3o Especial da Reforma da Previd\u00eancia"},"content":{"rendered":"<p><img loading=\"lazy\" decoding=\"async\" class=\"aligncenter size-full wp-image-12769\" src=\"http:\/\/sindesvdf.com.br\/news\/wp-content\/uploads\/2019\/06\/Reforma-_Chico.png\" alt=\"\" width=\"700\" height=\"400\" srcset=\"https:\/\/sindesvdf.com.br\/news\/wp-content\/uploads\/2019\/06\/Reforma-_Chico.png 700w, https:\/\/sindesvdf.com.br\/news\/wp-content\/uploads\/2019\/06\/Reforma-_Chico-300x171.png 300w, https:\/\/sindesvdf.com.br\/news\/wp-content\/uploads\/2019\/06\/Reforma-_Chico-150x86.png 150w, https:\/\/sindesvdf.com.br\/news\/wp-content\/uploads\/2019\/06\/Reforma-_Chico-250x143.png 250w\" sizes=\"auto, (max-width: 700px) 100vw, 700px\" \/><\/p>\n<p>Companheiros e companheiras vigilantes de todo o Brasil, trago uma importante not\u00edcia para n\u00f3s todos.<\/p>\n<p>Os deputados Wellington Roberto (PL\/PB) e Nelson Pelegrino (PT\/BA) entregaram, na secretaria da Comiss\u00e3o Especial que analisa a PEC 6\/2019, uma Emenda para garantir a aposentadoria especial dos vigilantes que, caso aprovada, ser\u00e1 inclu\u00edda no texto final da reforma da previd\u00eancia.<\/p>\n<p>Esse \u00e9 o mesmo documento que eu, juntamente com a CNTV e o Sindesv-DF, entregamos na C\u00e2mara dos Deputados no \u00faltimo dia 17 de maio.<\/p>\n<p>Isso \u00e9 muito importante e retrata a efici\u00eancia da nossa mobiliza\u00e7\u00e3o para fazer valer nossos direitos \u00e0 aposentadoria especial.<\/p>\n<p>Eles reiteraram que os vigilantes t\u00eam direito \u00e0 caracteriza\u00e7\u00e3o de risco na atividade laboral, seja por exposi\u00e7\u00e3o a agente nocivo, seja por periculosidade, e que a categoria comprovou a necessidade dessa prerrogativa pelas caracter\u00edsticas de suas atividades.<\/p>\n<p>Os deputados reconheceram que a PEC 6\/2019 altera drasticamente as condi\u00e7\u00f5es para todos os trabalhadores que t\u00eam esse direito, adiando a sua obten\u00e7\u00e3o e piorando o valor dos benef\u00edcios.<\/p>\n<p>Eles foram taxativos ao afirmarem que, no caso dos trabalhadores com risco por periculosidade, como vigilantes, bombeiros civis e outros, h\u00e1 uma simples e cruel exclus\u00e3o.<\/p>\n<p>Pelegrino e Roberto afirmaram que as condi\u00e7\u00f5es exigidas para essas atividades exigem aptid\u00f5es f\u00edsicas e mentais que explicam a necessidade de evitar a exclus\u00e3o da aposentadoria especial.<\/p>\n<p>Por fim, os parlamentares argumentaram que uma das caracter\u00edsticas que cabe preservar no sistema de seguridade social, \u00e9 justamente a solidariedade.<\/p>\n<p>Para eles, esse amparo significa reconhecer que algumas atividades de interesse social implicam em maior risco ou desgaste e que cabe ao conjunto da sociedade financiar esse aparente desequil\u00edbrio, que em nenhum momento pode ser tratado como privil\u00e9gio.<\/p>\n<p>Quero ressaltar a import\u00e2ncia da apresenta\u00e7\u00e3o dessa Emenda \u00e0 Comiss\u00e3o Especial da PEC 6, pois, \u00e9 um crime retirar a aposentadoria especial dos vigilantes, como t\u00e3o bem explanaram os deputados Wellington Roberto e Nelson Pelegrino.<\/p>\n<p>Cabe, agora, a n\u00f3s, vigilantes, continuarmos a batalha junto aos parlamentares para que o relator da mat\u00e9ria acate a Emenda no texto final e que seja votada e aprovada pelo Plen\u00e1rio.<\/p>\n<p><img loading=\"lazy\" decoding=\"async\" class=\"aligncenter size-large wp-image-12771\" src=\"http:\/\/sindesvdf.com.br\/news\/wp-content\/uploads\/2019\/06\/1-553x790.jpg\" alt=\"\" width=\"553\" height=\"790\" srcset=\"https:\/\/sindesvdf.com.br\/news\/wp-content\/uploads\/2019\/06\/1-553x790.jpg 553w, https:\/\/sindesvdf.com.br\/news\/wp-content\/uploads\/2019\/06\/1-210x300.jpg 210w, https:\/\/sindesvdf.com.br\/news\/wp-content\/uploads\/2019\/06\/1-105x150.jpg 105w, https:\/\/sindesvdf.com.br\/news\/wp-content\/uploads\/2019\/06\/1.jpg 634w\" sizes=\"auto, (max-width: 553px) 100vw, 553px\" \/><\/p>\n<p><img loading=\"lazy\" decoding=\"async\" class=\"aligncenter size-large wp-image-12772\" src=\"http:\/\/sindesvdf.com.br\/news\/wp-content\/uploads\/2019\/06\/2-555x790.jpg\" alt=\"\" width=\"555\" height=\"790\" srcset=\"https:\/\/sindesvdf.com.br\/news\/wp-content\/uploads\/2019\/06\/2-555x790.jpg 555w, https:\/\/sindesvdf.com.br\/news\/wp-content\/uploads\/2019\/06\/2-211x300.jpg 211w, https:\/\/sindesvdf.com.br\/news\/wp-content\/uploads\/2019\/06\/2-105x150.jpg 105w, https:\/\/sindesvdf.com.br\/news\/wp-content\/uploads\/2019\/06\/2.jpg 636w\" sizes=\"auto, (max-width: 555px) 100vw, 555px\" \/><\/p>\n<p style=\"text-align: right;\"><span style=\"color: #ff0000;\"><em>Fonte: Chico Vigilante\u00a0Deputado distrital (PT)<\/em><\/span><\/p>\n<p class=\"wpf_wrapper\"><a class=\"print_link\" href=\"\" target=\"_blank\">Preparar para impress\u00e3o<\/a><\/p><!-- .wpf_wrapper -->","protected":false},"excerpt":{"rendered":"<p>Companheiros e companheiras vigilantes de todo o Brasil, trago uma importante not\u00edcia para n\u00f3s todos. Os deputados Wellington Roberto (PL\/PB)&hellip; <\/p>\n","protected":false},"author":1,"featured_media":12769,"comment_status":"closed","ping_status":"closed","sticky":false,"template":"","format":"standard","meta":{"footnotes":""},"categories":[7],"tags":[],"class_list":["post-12768","post","type-post","status-publish","format-standard","has-post-thumbnail","hentry","category-noticias"],"jetpack_featured_media_url":"https:\/\/sindesvdf.com.br\/news\/wp-content\/uploads\/2019\/06\/Reforma-_Chico.png","_links":{"self":[{"href":"https:\/\/sindesvdf.com.br\/news\/wp-json\/wp\/v2\/posts\/12768","targetHints":{"allow":["GET"]}}],"collection":[{"href":"https:\/\/sindesvdf.com.br\/news\/wp-json\/wp\/v2\/posts"}],"about":[{"href":"https:\/\/sindesvdf.com.br\/news\/wp-json\/wp\/v2\/types\/post"}],"author":[{"embeddable":true,"href":"https:\/\/sindesvdf.com.br\/news\/wp-json\/wp\/v2\/users\/1"}],"replies":[{"embeddable":true,"href":"https:\/\/sindesvdf.com.br\/news\/wp-json\/wp\/v2\/comments?post=12768"}],"version-history":[{"count":3,"href":"https:\/\/sindesvdf.com.br\/news\/wp-json\/wp\/v2\/posts\/12768\/revisions"}],"predecessor-version":[{"id":12774,"href":"https:\/\/sindesvdf.com.br\/news\/wp-json\/wp\/v2\/posts\/12768\/revisions\/12774"}],"wp:featuredmedia":[{"embeddable":true,"href":"https:\/\/sindesvdf.com.br\/news\/wp-json\/wp\/v2\/media\/12769"}],"wp:attachment":[{"href":"https:\/\/sindesvdf.com.br\/news\/wp-json\/wp\/v2\/media?parent=12768"}],"wp:term":[{"taxonomy":"category","embeddable":true,"href":"https:\/\/sindesvdf.com.br\/news\/wp-json\/wp\/v2\/categories?post=12768"},{"taxonomy":"post_tag","embeddable":true,"href":"https:\/\/sindesvdf.com.br\/news\/wp-json\/wp\/v2\/tags?post=12768"}],"curies":[{"name":"wp","href":"https:\/\/api.w.org\/{rel}","templated":true}]}}