{"id":12782,"date":"2019-06-10T14:29:50","date_gmt":"2019-06-10T17:29:50","guid":{"rendered":"http:\/\/sindesvdf.com.br\/news\/?p=12782"},"modified":"2019-07-03T09:22:32","modified_gmt":"2019-07-03T12:22:32","slug":"convite-para-sessao-solene-em-homenagem-ao-dia-do-vigilante","status":"publish","type":"post","link":"https:\/\/sindesvdf.com.br\/news\/convite-para-sessao-solene-em-homenagem-ao-dia-do-vigilante\/","title":{"rendered":"Convite para Sess\u00e3o Solene em homenagem ao Dia do Vigilante"},"content":{"rendered":"<p><img loading=\"lazy\" decoding=\"async\" class=\"aligncenter size-full wp-image-12783\" src=\"http:\/\/sindesvdf.com.br\/news\/wp-content\/uploads\/2019\/06\/convite.png\" alt=\"\" width=\"700\" height=\"400\" srcset=\"https:\/\/sindesvdf.com.br\/news\/wp-content\/uploads\/2019\/06\/convite.png 700w, https:\/\/sindesvdf.com.br\/news\/wp-content\/uploads\/2019\/06\/convite-300x171.png 300w, https:\/\/sindesvdf.com.br\/news\/wp-content\/uploads\/2019\/06\/convite-150x86.png 150w, https:\/\/sindesvdf.com.br\/news\/wp-content\/uploads\/2019\/06\/convite-250x143.png 250w\" sizes=\"auto, (max-width: 700px) 100vw, 700px\" \/><\/p>\n<p><span style=\"font-size: 18px;\">O Sindicato dos Vigilantes e o deputado Chico Vigilante convidam toda a categoria para participar de Sess\u00e3o Solene em homenagem ao Dia do Vigilante, uma data importante para lembrar as reivindica\u00e7\u00f5es da categoria, suas conquistas e lutas ao longo dos anos, al\u00e9m de reafirmar o compromisso de defender os interesses e anseios de todos os vigilantes.<\/span><\/p>\n<p><span style=\"font-size: 18px;\">Al\u00e9m disso, a data \u00e9 uma comemora\u00e7\u00e3o ao Dia do Vigilante, enaltecendo a profiss\u00e3o, e tamb\u00e9m de confraterniza\u00e7\u00e3o, buscando sempre a unidade, a mobiliza\u00e7\u00e3o e a solidariedade, fundamentais para melhorar as condi\u00e7\u00f5es de vida e de trabalho dos nossos companheiros e companheiras vigilantes.<\/span><\/p>\n<p><strong><span style=\"font-size: 18px;\">Dia 17\/06 \u2013 \u00e0s 15h \u2013 Segunda-feira<br \/>\n<\/span><\/strong><strong><span style=\"font-size: 18px;\">Local: C\u00e2mara Legislativa do Distrito Federal<\/span><\/strong><\/p>\n<p>&nbsp;<\/p>\n<p class=\"wpf_wrapper\"><a class=\"print_link\" href=\"\" target=\"_blank\">Preparar para impress\u00e3o<\/a><\/p><!-- .wpf_wrapper -->","protected":false},"excerpt":{"rendered":"<p>O Sindicato dos Vigilantes e o deputado Chico Vigilante convidam toda a categoria para participar de Sess\u00e3o Solene em homenagem&hellip; <\/p>\n","protected":false},"author":1,"featured_media":12783,"comment_status":"closed","ping_status":"closed","sticky":false,"template":"","format":"standard","meta":{"footnotes":""},"categories":[7],"tags":[],"class_list":["post-12782","post","type-post","status-publish","format-standard","has-post-thumbnail","hentry","category-noticias"],"jetpack_featured_media_url":"https:\/\/sindesvdf.com.br\/news\/wp-content\/uploads\/2019\/06\/convite.png","_links":{"self":[{"href":"https:\/\/sindesvdf.com.br\/news\/wp-json\/wp\/v2\/posts\/12782","targetHints":{"allow":["GET"]}}],"collection":[{"href":"https:\/\/sindesvdf.com.br\/news\/wp-json\/wp\/v2\/posts"}],"about":[{"href":"https:\/\/sindesvdf.com.br\/news\/wp-json\/wp\/v2\/types\/post"}],"author":[{"embeddable":true,"href":"https:\/\/sindesvdf.com.br\/news\/wp-json\/wp\/v2\/users\/1"}],"replies":[{"embeddable":true,"href":"https:\/\/sindesvdf.com.br\/news\/wp-json\/wp\/v2\/comments?post=12782"}],"version-history":[{"count":1,"href":"https:\/\/sindesvdf.com.br\/news\/wp-json\/wp\/v2\/posts\/12782\/revisions"}],"predecessor-version":[{"id":12784,"href":"https:\/\/sindesvdf.com.br\/news\/wp-json\/wp\/v2\/posts\/12782\/revisions\/12784"}],"wp:featuredmedia":[{"embeddable":true,"href":"https:\/\/sindesvdf.com.br\/news\/wp-json\/wp\/v2\/media\/12783"}],"wp:attachment":[{"href":"https:\/\/sindesvdf.com.br\/news\/wp-json\/wp\/v2\/media?parent=12782"}],"wp:term":[{"taxonomy":"category","embeddable":true,"href":"https:\/\/sindesvdf.com.br\/news\/wp-json\/wp\/v2\/categories?post=12782"},{"taxonomy":"post_tag","embeddable":true,"href":"https:\/\/sindesvdf.com.br\/news\/wp-json\/wp\/v2\/tags?post=12782"}],"curies":[{"name":"wp","href":"https:\/\/api.w.org\/{rel}","templated":true}]}}