{"id":12785,"date":"2019-06-10T15:58:18","date_gmt":"2019-06-10T18:58:18","guid":{"rendered":"http:\/\/sindesvdf.com.br\/news\/?p=12785"},"modified":"2019-07-03T09:23:31","modified_gmt":"2019-07-03T12:23:31","slug":"nenhum-diretor-do-sindicato-passou-informacao-sobre-fim-de-contratos-da-multserv","status":"publish","type":"post","link":"https:\/\/sindesvdf.com.br\/news\/nenhum-diretor-do-sindicato-passou-informacao-sobre-fim-de-contratos-da-multserv\/","title":{"rendered":"Nenhum diretor do Sindicato passou informa\u00e7\u00e3o sobre fim de contratos da MULTSERV"},"content":{"rendered":"<p><img loading=\"lazy\" decoding=\"async\" class=\"aligncenter size-full wp-image-12786\" src=\"http:\/\/sindesvdf.com.br\/news\/wp-content\/uploads\/2019\/06\/whatsapp.png\" alt=\"\" width=\"700\" height=\"400\" srcset=\"https:\/\/sindesvdf.com.br\/news\/wp-content\/uploads\/2019\/06\/whatsapp.png 700w, https:\/\/sindesvdf.com.br\/news\/wp-content\/uploads\/2019\/06\/whatsapp-300x171.png 300w, https:\/\/sindesvdf.com.br\/news\/wp-content\/uploads\/2019\/06\/whatsapp-150x86.png 150w, https:\/\/sindesvdf.com.br\/news\/wp-content\/uploads\/2019\/06\/whatsapp-250x143.png 250w\" sizes=\"auto, (max-width: 700px) 100vw, 700px\" \/><\/p>\n<p><span style=\"font-size: 18px;\">A DIRE\u00c7\u00c3O DO Sindicato dos Vigilantes do DF avisa a toda a categoria que os \u00e1udios divulgados nas redes sociais n\u00e3o partiram desta entidade. Estamos apurando a veracidade dos mesmos e de quem partiu a informa\u00e7\u00e3o de que a empresa MULTSERV perdeu todos os contratos e que, por este motivo, haveria muitas vagas de emprego para os vigilantes desempregados.<\/span><\/p>\n<p><span style=\"font-size: 18px;\">Na verdade, temos a cl\u00e1usula da continuidade e se qualquer empresa perder seus contratos, a empresa que assume o seu lugar deve ficar com os vigilantes que j\u00e1 estavam naquele posto.<\/span><\/p>\n<p><span style=\"font-size: 18px;\">Mais uma vez ressaltamos que n\u00e3o partiu do SINDESV-DF qualquer informa\u00e7\u00e3o nesse sentido.<\/span><\/p>\n<p>&nbsp;<\/p>\n<p class=\"wpf_wrapper\"><a class=\"print_link\" href=\"\" target=\"_blank\">Preparar para impress\u00e3o<\/a><\/p><!-- .wpf_wrapper -->","protected":false},"excerpt":{"rendered":"<p>A DIRE\u00c7\u00c3O DO Sindicato dos Vigilantes do DF avisa a toda a categoria que os \u00e1udios divulgados nas redes sociais&hellip; <\/p>\n","protected":false},"author":1,"featured_media":12786,"comment_status":"closed","ping_status":"closed","sticky":false,"template":"","format":"standard","meta":{"footnotes":""},"categories":[7],"tags":[],"class_list":["post-12785","post","type-post","status-publish","format-standard","has-post-thumbnail","hentry","category-noticias"],"jetpack_featured_media_url":"https:\/\/sindesvdf.com.br\/news\/wp-content\/uploads\/2019\/06\/whatsapp.png","_links":{"self":[{"href":"https:\/\/sindesvdf.com.br\/news\/wp-json\/wp\/v2\/posts\/12785","targetHints":{"allow":["GET"]}}],"collection":[{"href":"https:\/\/sindesvdf.com.br\/news\/wp-json\/wp\/v2\/posts"}],"about":[{"href":"https:\/\/sindesvdf.com.br\/news\/wp-json\/wp\/v2\/types\/post"}],"author":[{"embeddable":true,"href":"https:\/\/sindesvdf.com.br\/news\/wp-json\/wp\/v2\/users\/1"}],"replies":[{"embeddable":true,"href":"https:\/\/sindesvdf.com.br\/news\/wp-json\/wp\/v2\/comments?post=12785"}],"version-history":[{"count":1,"href":"https:\/\/sindesvdf.com.br\/news\/wp-json\/wp\/v2\/posts\/12785\/revisions"}],"predecessor-version":[{"id":12787,"href":"https:\/\/sindesvdf.com.br\/news\/wp-json\/wp\/v2\/posts\/12785\/revisions\/12787"}],"wp:featuredmedia":[{"embeddable":true,"href":"https:\/\/sindesvdf.com.br\/news\/wp-json\/wp\/v2\/media\/12786"}],"wp:attachment":[{"href":"https:\/\/sindesvdf.com.br\/news\/wp-json\/wp\/v2\/media?parent=12785"}],"wp:term":[{"taxonomy":"category","embeddable":true,"href":"https:\/\/sindesvdf.com.br\/news\/wp-json\/wp\/v2\/categories?post=12785"},{"taxonomy":"post_tag","embeddable":true,"href":"https:\/\/sindesvdf.com.br\/news\/wp-json\/wp\/v2\/tags?post=12785"}],"curies":[{"name":"wp","href":"https:\/\/api.w.org\/{rel}","templated":true}]}}