{"id":12788,"date":"2019-06-11T12:53:23","date_gmt":"2019-06-11T15:53:23","guid":{"rendered":"http:\/\/sindesvdf.com.br\/news\/?p=12788"},"modified":"2019-07-03T09:25:45","modified_gmt":"2019-07-03T12:25:45","slug":"informe-juridico-sobre-a-acao-da-brasfort","status":"publish","type":"post","link":"https:\/\/sindesvdf.com.br\/news\/informe-juridico-sobre-a-acao-da-brasfort\/","title":{"rendered":"Informe jur\u00eddico sobre a a\u00e7\u00e3o da Brasfort"},"content":{"rendered":"<p><img loading=\"lazy\" decoding=\"async\" class=\"aligncenter size-full wp-image-12789\" src=\"http:\/\/sindesvdf.com.br\/news\/wp-content\/uploads\/2019\/06\/BRASFORT-03.png\" alt=\"\" width=\"700\" height=\"400\" srcset=\"https:\/\/sindesvdf.com.br\/news\/wp-content\/uploads\/2019\/06\/BRASFORT-03.png 700w, https:\/\/sindesvdf.com.br\/news\/wp-content\/uploads\/2019\/06\/BRASFORT-03-300x171.png 300w, https:\/\/sindesvdf.com.br\/news\/wp-content\/uploads\/2019\/06\/BRASFORT-03-150x86.png 150w, https:\/\/sindesvdf.com.br\/news\/wp-content\/uploads\/2019\/06\/BRASFORT-03-250x143.png 250w\" sizes=\"auto, (max-width: 700px) 100vw, 700px\" \/><\/p>\n<p><span style=\"font-size: 18px;\">Nessa segunda-feira (10\/06\/19), o Sindicato dos Vigilantes do DF esteve em uma audi\u00eancia realizada na Justi\u00e7a do Trabalho relacionada ao processo que movemos contra a empresa Brasfort.<\/span><\/p>\n<p><span style=\"font-size: 18px;\">Neste processo fomos vencedores e a Justi\u00e7a determinou que a empresa considerasse o adicional de risco de vida e\/ou periculosidade nas f\u00e9rias e 13\u00ba sal\u00e1rio, com reflexo no FGTS e no adicional noturno.<\/span><\/p>\n<p><span style=\"font-size: 18px;\">Como se trata de muitos vigilantes neste processo, a confec\u00e7\u00e3o dos c\u00e1lculos \u00e9 complexa.<\/span><\/p>\n<p><span style=\"font-size: 18px;\">No entanto, na audi\u00eancia de ontem, a empresa assumiu o compromisso de entregar os c\u00e1lculos completos e individualizados at\u00e9 o dia 20\/07\/19, quando haver\u00e1 outra audi\u00eancia.<\/span><\/p>\n<p><span style=\"font-size: 18px;\">Toda e qualquer posi\u00e7\u00e3o que o Sindicato tomar ser\u00e1 objeto de decis\u00e3o dos pr\u00f3prios empregados interessados, reunidos em assembleia, que ser\u00e1 convocada quando for o momento certo.<\/span><\/p>\n<p class=\"wpf_wrapper\"><a class=\"print_link\" href=\"\" target=\"_blank\">Preparar para impress\u00e3o<\/a><\/p><!-- .wpf_wrapper -->","protected":false},"excerpt":{"rendered":"<p>Nessa segunda-feira (10\/06\/19), o Sindicato dos Vigilantes do DF esteve em uma audi\u00eancia realizada na Justi\u00e7a do Trabalho relacionada ao&hellip; <\/p>\n","protected":false},"author":1,"featured_media":12789,"comment_status":"closed","ping_status":"closed","sticky":false,"template":"","format":"standard","meta":{"footnotes":""},"categories":[7],"tags":[],"class_list":["post-12788","post","type-post","status-publish","format-standard","has-post-thumbnail","hentry","category-noticias"],"jetpack_featured_media_url":"https:\/\/sindesvdf.com.br\/news\/wp-content\/uploads\/2019\/06\/BRASFORT-03.png","_links":{"self":[{"href":"https:\/\/sindesvdf.com.br\/news\/wp-json\/wp\/v2\/posts\/12788","targetHints":{"allow":["GET"]}}],"collection":[{"href":"https:\/\/sindesvdf.com.br\/news\/wp-json\/wp\/v2\/posts"}],"about":[{"href":"https:\/\/sindesvdf.com.br\/news\/wp-json\/wp\/v2\/types\/post"}],"author":[{"embeddable":true,"href":"https:\/\/sindesvdf.com.br\/news\/wp-json\/wp\/v2\/users\/1"}],"replies":[{"embeddable":true,"href":"https:\/\/sindesvdf.com.br\/news\/wp-json\/wp\/v2\/comments?post=12788"}],"version-history":[{"count":1,"href":"https:\/\/sindesvdf.com.br\/news\/wp-json\/wp\/v2\/posts\/12788\/revisions"}],"predecessor-version":[{"id":12790,"href":"https:\/\/sindesvdf.com.br\/news\/wp-json\/wp\/v2\/posts\/12788\/revisions\/12790"}],"wp:featuredmedia":[{"embeddable":true,"href":"https:\/\/sindesvdf.com.br\/news\/wp-json\/wp\/v2\/media\/12789"}],"wp:attachment":[{"href":"https:\/\/sindesvdf.com.br\/news\/wp-json\/wp\/v2\/media?parent=12788"}],"wp:term":[{"taxonomy":"category","embeddable":true,"href":"https:\/\/sindesvdf.com.br\/news\/wp-json\/wp\/v2\/categories?post=12788"},{"taxonomy":"post_tag","embeddable":true,"href":"https:\/\/sindesvdf.com.br\/news\/wp-json\/wp\/v2\/tags?post=12788"}],"curies":[{"name":"wp","href":"https:\/\/api.w.org\/{rel}","templated":true}]}}