{"id":12795,"date":"2019-06-19T13:52:11","date_gmt":"2019-06-19T16:52:11","guid":{"rendered":"http:\/\/sindesvdf.com.br\/news\/?p=12795"},"modified":"2019-07-02T20:31:09","modified_gmt":"2019-07-02T23:31:09","slug":"dia-do-vigilante-2","status":"publish","type":"post","link":"https:\/\/sindesvdf.com.br\/news\/dia-do-vigilante-2\/","title":{"rendered":"Dia do Vigilante"},"content":{"rendered":"<p><img loading=\"lazy\" decoding=\"async\" class=\"aligncenter size-full wp-image-12796\" src=\"http:\/\/sindesvdf.com.br\/news\/wp-content\/uploads\/2019\/06\/Dia-do-Vigilante-700-x-400.png\" alt=\"\" width=\"700\" height=\"400\" srcset=\"https:\/\/sindesvdf.com.br\/news\/wp-content\/uploads\/2019\/06\/Dia-do-Vigilante-700-x-400.png 700w, https:\/\/sindesvdf.com.br\/news\/wp-content\/uploads\/2019\/06\/Dia-do-Vigilante-700-x-400-300x171.png 300w, https:\/\/sindesvdf.com.br\/news\/wp-content\/uploads\/2019\/06\/Dia-do-Vigilante-700-x-400-150x86.png 150w, https:\/\/sindesvdf.com.br\/news\/wp-content\/uploads\/2019\/06\/Dia-do-Vigilante-700-x-400-250x143.png 250w\" sizes=\"auto, (max-width: 700px) 100vw, 700px\" \/><\/p>\n<p><span style=\"font-size: 18px;\">Ser vigilante nos anos 70 era sin\u00f4nimo de baixo sal\u00e1rio e explora\u00e7\u00e3o. A profiss\u00e3o sequer era reconhecida e foi a nossa luta, a partir de 1979 que reconheceu a atividade, inclusive na Carteira de Trabalho.<\/span><\/p>\n<p><span style=\"font-size: 18px;\">Imagine ganhar o sal\u00e1rio m\u00ednimo da \u00e9poca, pagar o uniforme e a alimenta\u00e7\u00e3o do pr\u00f3prio bolso, trabalhar todos os dias, sem jornada definida e sem uma Conven\u00e7\u00e3o Coletiva de Trabalho para assegurar pelo menos algum direito.<\/span><\/p>\n<p><span style=\"font-size: 18px;\">Por isso, na hist\u00f3ria da classe trabalhadora, sempre tem algum que, al\u00e9m de se revoltar, corre atr\u00e1s, luta, enfrenta, convoca, mobiliza e ainda convence aos demais a necessidade de uni\u00e3o para buscar melhorias.<\/span><\/p>\n<p><span style=\"font-size: 18px;\">Esta a hist\u00f3ria do Sindicato dos Vigilantes do DF, exemplo de luta para todo o Brasil. Foi da indigna\u00e7\u00e3o de alguns que muitos ganharam e hoje tem piso salarial, jornada 12&#215;36, risco de vida, plano de sa\u00fade, plano odontol\u00f3gico, \u00e1rea de lazer, t\u00edquete alimenta\u00e7\u00e3o, dentre outras conquistas.<\/span><\/p>\n<p><span style=\"font-size: 18px;\">Nenhuma delas dada pelos patr\u00f5es e sim arrancadas na luta de companheiros e companheiras, que, ao longo dos anos, ajudou nas vit\u00f3rias, conquistas e valoriza\u00e7\u00e3o da profiss\u00e3o de vigilante.<\/span><\/p>\n<p><span style=\"font-size: 18px;\">Parab\u00e9ns pelo 20 de junho, dia do vigilante. Excelente data para lembrar de que somente a luta transforma a vida.<\/span><\/p>\n<p>&nbsp;<\/p>\n<p>&nbsp;<\/p>\n<p>&nbsp;<\/p>\n<p>&nbsp;<\/p>\n<p class=\"wpf_wrapper\"><a class=\"print_link\" href=\"\" target=\"_blank\">Preparar para impress\u00e3o<\/a><\/p><!-- .wpf_wrapper -->","protected":false},"excerpt":{"rendered":"<p>Ser vigilante nos anos 70 era sin\u00f4nimo de baixo sal\u00e1rio e explora\u00e7\u00e3o. A profiss\u00e3o sequer era reconhecida e foi a&hellip; <\/p>\n","protected":false},"author":1,"featured_media":12796,"comment_status":"closed","ping_status":"closed","sticky":false,"template":"","format":"standard","meta":{"footnotes":""},"categories":[7],"tags":[],"class_list":["post-12795","post","type-post","status-publish","format-standard","has-post-thumbnail","hentry","category-noticias"],"jetpack_featured_media_url":"https:\/\/sindesvdf.com.br\/news\/wp-content\/uploads\/2019\/06\/Dia-do-Vigilante-700-x-400.png","_links":{"self":[{"href":"https:\/\/sindesvdf.com.br\/news\/wp-json\/wp\/v2\/posts\/12795","targetHints":{"allow":["GET"]}}],"collection":[{"href":"https:\/\/sindesvdf.com.br\/news\/wp-json\/wp\/v2\/posts"}],"about":[{"href":"https:\/\/sindesvdf.com.br\/news\/wp-json\/wp\/v2\/types\/post"}],"author":[{"embeddable":true,"href":"https:\/\/sindesvdf.com.br\/news\/wp-json\/wp\/v2\/users\/1"}],"replies":[{"embeddable":true,"href":"https:\/\/sindesvdf.com.br\/news\/wp-json\/wp\/v2\/comments?post=12795"}],"version-history":[{"count":12,"href":"https:\/\/sindesvdf.com.br\/news\/wp-json\/wp\/v2\/posts\/12795\/revisions"}],"predecessor-version":[{"id":12811,"href":"https:\/\/sindesvdf.com.br\/news\/wp-json\/wp\/v2\/posts\/12795\/revisions\/12811"}],"wp:featuredmedia":[{"embeddable":true,"href":"https:\/\/sindesvdf.com.br\/news\/wp-json\/wp\/v2\/media\/12796"}],"wp:attachment":[{"href":"https:\/\/sindesvdf.com.br\/news\/wp-json\/wp\/v2\/media?parent=12795"}],"wp:term":[{"taxonomy":"category","embeddable":true,"href":"https:\/\/sindesvdf.com.br\/news\/wp-json\/wp\/v2\/categories?post=12795"},{"taxonomy":"post_tag","embeddable":true,"href":"https:\/\/sindesvdf.com.br\/news\/wp-json\/wp\/v2\/tags?post=12795"}],"curies":[{"name":"wp","href":"https:\/\/api.w.org\/{rel}","templated":true}]}}