{"id":12812,"date":"2019-06-21T16:25:05","date_gmt":"2019-06-21T19:25:05","guid":{"rendered":"http:\/\/sindesvdf.com.br\/news\/?p=12812"},"modified":"2019-07-02T20:30:16","modified_gmt":"2019-07-02T23:30:16","slug":"esclarecimentos-sobre-furto-de-notebook-no-venancio-v","status":"publish","type":"post","link":"https:\/\/sindesvdf.com.br\/news\/esclarecimentos-sobre-furto-de-notebook-no-venancio-v\/","title":{"rendered":"Esclarecimentos sobre furto de notebook no Ven\u00e2ncio V"},"content":{"rendered":"<p><img loading=\"lazy\" decoding=\"async\" class=\"aligncenter size-full wp-image-12813\" src=\"http:\/\/sindesvdf.com.br\/news\/wp-content\/uploads\/2019\/06\/Esclarecimento.png\" alt=\"\" width=\"700\" height=\"400\" srcset=\"https:\/\/sindesvdf.com.br\/news\/wp-content\/uploads\/2019\/06\/Esclarecimento.png 700w, https:\/\/sindesvdf.com.br\/news\/wp-content\/uploads\/2019\/06\/Esclarecimento-300x171.png 300w, https:\/\/sindesvdf.com.br\/news\/wp-content\/uploads\/2019\/06\/Esclarecimento-150x86.png 150w, https:\/\/sindesvdf.com.br\/news\/wp-content\/uploads\/2019\/06\/Esclarecimento-250x143.png 250w\" sizes=\"auto, (max-width: 700px) 100vw, 700px\" \/><\/p>\n<p><span style=\"font-size: 18px;\">No dia 17\/06, um elemento, talvez tenha visto nossos avisos sobre a entrega da carteirinha do odontol\u00f3gico, foi at\u00e9 a portaria do Ven\u00e2ncio V subiu at\u00e9 o 5\u00ba andar e n\u00e3o foi at\u00e9 a cobertura, onde estavam diretores do SINDESV-DF e funcion\u00e1rios da operadora.<\/span><\/p>\n<p><span style=\"font-size: 18px;\">O elemento percorreu todo o 5\u00ba andar, conforme vimos nas filmagens, furtou o notebook e escondeu o mesmo embaixo da camisa e foi embora. No elevador ele tenta esconder o rosto, mas n\u00e3o percebeu que tinha outras c\u00e2meras de seguran\u00e7a no corredor.<\/span><\/p>\n<p><span style=\"font-size: 18px;\">O Sindicato analisou as imagens e ao que tudo indica, o elemento n\u00e3o \u00e9 vigilante, pois o mesmo em momento algum foi at\u00e9 o SINDESV-DF ou at\u00e9 a cobertura do Ven\u00e2ncio V (que corresponde ao 6\u00ba andar) onde havia a entrega da carteirinha odontol\u00f3gica.<\/span><\/p>\n<p class=\"wpf_wrapper\"><a class=\"print_link\" href=\"\" target=\"_blank\">Preparar para impress\u00e3o<\/a><\/p><!-- .wpf_wrapper -->","protected":false},"excerpt":{"rendered":"<p>No dia 17\/06, um elemento, talvez tenha visto nossos avisos sobre a entrega da carteirinha do odontol\u00f3gico, foi at\u00e9 a&hellip; <\/p>\n","protected":false},"author":1,"featured_media":12813,"comment_status":"closed","ping_status":"closed","sticky":false,"template":"","format":"standard","meta":{"footnotes":""},"categories":[7],"tags":[],"class_list":["post-12812","post","type-post","status-publish","format-standard","has-post-thumbnail","hentry","category-noticias"],"jetpack_featured_media_url":"https:\/\/sindesvdf.com.br\/news\/wp-content\/uploads\/2019\/06\/Esclarecimento.png","_links":{"self":[{"href":"https:\/\/sindesvdf.com.br\/news\/wp-json\/wp\/v2\/posts\/12812","targetHints":{"allow":["GET"]}}],"collection":[{"href":"https:\/\/sindesvdf.com.br\/news\/wp-json\/wp\/v2\/posts"}],"about":[{"href":"https:\/\/sindesvdf.com.br\/news\/wp-json\/wp\/v2\/types\/post"}],"author":[{"embeddable":true,"href":"https:\/\/sindesvdf.com.br\/news\/wp-json\/wp\/v2\/users\/1"}],"replies":[{"embeddable":true,"href":"https:\/\/sindesvdf.com.br\/news\/wp-json\/wp\/v2\/comments?post=12812"}],"version-history":[{"count":1,"href":"https:\/\/sindesvdf.com.br\/news\/wp-json\/wp\/v2\/posts\/12812\/revisions"}],"predecessor-version":[{"id":12814,"href":"https:\/\/sindesvdf.com.br\/news\/wp-json\/wp\/v2\/posts\/12812\/revisions\/12814"}],"wp:featuredmedia":[{"embeddable":true,"href":"https:\/\/sindesvdf.com.br\/news\/wp-json\/wp\/v2\/media\/12813"}],"wp:attachment":[{"href":"https:\/\/sindesvdf.com.br\/news\/wp-json\/wp\/v2\/media?parent=12812"}],"wp:term":[{"taxonomy":"category","embeddable":true,"href":"https:\/\/sindesvdf.com.br\/news\/wp-json\/wp\/v2\/categories?post=12812"},{"taxonomy":"post_tag","embeddable":true,"href":"https:\/\/sindesvdf.com.br\/news\/wp-json\/wp\/v2\/tags?post=12812"}],"curies":[{"name":"wp","href":"https:\/\/api.w.org\/{rel}","templated":true}]}}