{"id":12816,"date":"2019-06-24T13:35:54","date_gmt":"2019-06-24T16:35:54","guid":{"rendered":"http:\/\/sindesvdf.com.br\/news\/?p=12816"},"modified":"2019-08-21T15:03:17","modified_gmt":"2019-08-21T18:03:17","slug":"a-campanha-de-esclarecimento-sobre-a-funcao-dos-vigilantes-nos-hospitais-comecou","status":"publish","type":"post","link":"https:\/\/sindesvdf.com.br\/news\/a-campanha-de-esclarecimento-sobre-a-funcao-dos-vigilantes-nos-hospitais-comecou\/","title":{"rendered":"A campanha de esclarecimento sobre a fun\u00e7\u00e3o dos vigilantes nos hospitais come\u00e7ou"},"content":{"rendered":"<p><img loading=\"lazy\" decoding=\"async\" class=\"aligncenter size-full wp-image-12817\" src=\"http:\/\/sindesvdf.com.br\/news\/wp-content\/uploads\/2019\/06\/HRT-1.png\" alt=\"\" width=\"700\" height=\"400\" srcset=\"https:\/\/sindesvdf.com.br\/news\/wp-content\/uploads\/2019\/06\/HRT-1.png 700w, https:\/\/sindesvdf.com.br\/news\/wp-content\/uploads\/2019\/06\/HRT-1-300x171.png 300w, https:\/\/sindesvdf.com.br\/news\/wp-content\/uploads\/2019\/06\/HRT-1-150x86.png 150w, https:\/\/sindesvdf.com.br\/news\/wp-content\/uploads\/2019\/06\/HRT-1-250x143.png 250w\" sizes=\"auto, (max-width: 700px) 100vw, 700px\" \/><\/p>\n<p><span style=\"font-size: 18px;\">Ap\u00f3s v\u00e1rios atritos entre vigilantes e pacientes, acompanhantes e demais usu\u00e1rios do sistema p\u00fablico de sa\u00fade do DF, pois muitos confundem o papel do vigilante e diante da frustra\u00e7\u00e3o no atendimento, acabam descontando nesse profissional, o Sindicato dos Vigilantes do DF come\u00e7ou uma ampla campanha nos hospitais p\u00fablicos do DF com faixas e folhetos explicativos dirigidos \u00e0 popula\u00e7\u00e3o que se desloca a essas unidades de sa\u00fade.<\/span><\/p>\n<p><span style=\"font-size: 18px;\">Nesta segunda-feira, 24\/06, o Sindicato dos Vigilantes do DF come\u00e7ou a campanha pelo HRT \u2013 Hospital Regional de Taguatinga e durante os pr\u00f3ximos dias estaremos com a campanha em um dos hospitais p\u00fablicos do DF e assim sucessivamente at\u00e9 completarmos as visitas em todos os hospitais.<\/span><\/p>\n<p><span style=\"font-size: 18px;\">O objetivo da campanha \u00e9 conscientizar a popula\u00e7\u00e3o do importante papel do vigilante n\u00e3o s\u00f3 nos hospitais, upas e postos de sa\u00fade, mas tamb\u00e9m em todos os \u00f3rg\u00e3os p\u00fablicos na defesa da vida e do patrim\u00f4nio p\u00fablico. Tamb\u00e9m alertamos aos vigilantes que, em situa\u00e7\u00f5es de conflito, mantenham a calma e procurem uma autoridade competente para resolver o problema daqueles mais exaltados ou agressivos.<\/span><\/p>\n<p><span style=\"font-size: 18px;\">Esperamos que esta campanha atinja o seu objetivo quanto ao esclarecimento que estamos fazendo, mas que o GDF melhore a qualidade dos servi\u00e7os de sa\u00fade prestados \u00e0 popula\u00e7\u00e3o que n\u00e3o aguenta mais sofrer nas filas das unidades de sa\u00fade e, na maioria das vezes, sem ter o seu problema resolvido.<\/span><\/p>\n<p>&nbsp;<\/p>\n<p>&nbsp;<\/p>\n<p class=\"wpf_wrapper\"><a class=\"print_link\" href=\"\" target=\"_blank\">Preparar para impress\u00e3o<\/a><\/p><!-- .wpf_wrapper -->","protected":false},"excerpt":{"rendered":"<p>Ap\u00f3s v\u00e1rios atritos entre vigilantes e pacientes, acompanhantes e demais usu\u00e1rios do sistema p\u00fablico de sa\u00fade do DF, pois muitos&hellip; <\/p>\n","protected":false},"author":1,"featured_media":12817,"comment_status":"closed","ping_status":"closed","sticky":false,"template":"","format":"standard","meta":{"footnotes":""},"categories":[7],"tags":[],"class_list":["post-12816","post","type-post","status-publish","format-standard","has-post-thumbnail","hentry","category-noticias"],"jetpack_featured_media_url":"https:\/\/sindesvdf.com.br\/news\/wp-content\/uploads\/2019\/06\/HRT-1.png","_links":{"self":[{"href":"https:\/\/sindesvdf.com.br\/news\/wp-json\/wp\/v2\/posts\/12816","targetHints":{"allow":["GET"]}}],"collection":[{"href":"https:\/\/sindesvdf.com.br\/news\/wp-json\/wp\/v2\/posts"}],"about":[{"href":"https:\/\/sindesvdf.com.br\/news\/wp-json\/wp\/v2\/types\/post"}],"author":[{"embeddable":true,"href":"https:\/\/sindesvdf.com.br\/news\/wp-json\/wp\/v2\/users\/1"}],"replies":[{"embeddable":true,"href":"https:\/\/sindesvdf.com.br\/news\/wp-json\/wp\/v2\/comments?post=12816"}],"version-history":[{"count":1,"href":"https:\/\/sindesvdf.com.br\/news\/wp-json\/wp\/v2\/posts\/12816\/revisions"}],"predecessor-version":[{"id":12818,"href":"https:\/\/sindesvdf.com.br\/news\/wp-json\/wp\/v2\/posts\/12816\/revisions\/12818"}],"wp:featuredmedia":[{"embeddable":true,"href":"https:\/\/sindesvdf.com.br\/news\/wp-json\/wp\/v2\/media\/12817"}],"wp:attachment":[{"href":"https:\/\/sindesvdf.com.br\/news\/wp-json\/wp\/v2\/media?parent=12816"}],"wp:term":[{"taxonomy":"category","embeddable":true,"href":"https:\/\/sindesvdf.com.br\/news\/wp-json\/wp\/v2\/categories?post=12816"},{"taxonomy":"post_tag","embeddable":true,"href":"https:\/\/sindesvdf.com.br\/news\/wp-json\/wp\/v2\/tags?post=12816"}],"curies":[{"name":"wp","href":"https:\/\/api.w.org\/{rel}","templated":true}]}}