{"id":12934,"date":"2019-07-05T19:14:31","date_gmt":"2019-07-05T22:14:31","guid":{"rendered":"http:\/\/sindesvdf.com.br\/news\/?p=12934"},"modified":"2019-08-21T15:02:30","modified_gmt":"2019-08-21T18:02:30","slug":"texto-aprovado-em-comissao-da-camara-acaba-com-aposentadoria-especial-de-vigilantes","status":"publish","type":"post","link":"https:\/\/sindesvdf.com.br\/news\/texto-aprovado-em-comissao-da-camara-acaba-com-aposentadoria-especial-de-vigilantes\/","title":{"rendered":"Texto aprovado em comiss\u00e3o da C\u00e2mara acaba com aposentadoria especial de vigilantes"},"content":{"rendered":"<p><img loading=\"lazy\" decoding=\"async\" class=\"alignnone size-full wp-image-12935\" src=\"http:\/\/sindesvdf.com.br\/news\/wp-content\/uploads\/2019\/07\/Aposenta.png\" alt=\"\" width=\"700\" height=\"400\" srcset=\"https:\/\/sindesvdf.com.br\/news\/wp-content\/uploads\/2019\/07\/Aposenta.png 700w, https:\/\/sindesvdf.com.br\/news\/wp-content\/uploads\/2019\/07\/Aposenta-300x171.png 300w\" sizes=\"auto, (max-width: 700px) 100vw, 700px\" \/><\/p>\n<p>Na noite do dia 04\/07, a classe trabalhadora sofreu um duro golpe e o texto da reforma da Previd\u00eancia foi aprovado por 36 votos a favor e 13 votos contr\u00e1rios em comiss\u00e3o da C\u00e2mara dos Deputados. A Mat\u00e9ria agora vai ao plen\u00e1rio e precisa de mais de 300 votos para ser aprovada.<\/p>\n<p>Foram apresentados mais de 120 destaques, dentre estes o que mantinha a aposentadoria especial dos vigilantes e demais categorias que exercem atividade de risco. No entanto, foram rejeitadas por 36 deputados que votaram nessa comiss\u00e3o.<\/p>\n<p>Temos pouco tempo de luta para reverter essa situa\u00e7\u00e3o. Na pr\u00f3xima semana, a C\u00e2mara se prepara para votar o texto base da reforma da Previd\u00eancia e precisamos contar com a participa\u00e7\u00e3o de cada vigilante nos ajudando a fazer press\u00e3o e cobrar dos deputados e deputadas eleitos pelo DF uma posi\u00e7\u00e3o favor\u00e1vel aos trabalhadores.<\/p>\n<p>Caso o texto seja mantido como est\u00e1, os vigilantes ter\u00e3o de contribuir por 40 anos e se aposentarem somente aos 65 anos para receber a aposentadoria integral.<\/p>\n<p>Vamos \u00e0 luta enquanto \u00e9 tempo.<\/p>\n<p class=\"wpf_wrapper\"><a class=\"print_link\" href=\"\" target=\"_blank\">Preparar para impress\u00e3o<\/a><\/p><!-- .wpf_wrapper -->","protected":false},"excerpt":{"rendered":"<p>Na noite do dia 04\/07, a classe trabalhadora sofreu um duro golpe e o texto da reforma da Previd\u00eancia foi&hellip; <\/p>\n","protected":false},"author":1,"featured_media":12935,"comment_status":"closed","ping_status":"closed","sticky":false,"template":"","format":"standard","meta":{"footnotes":""},"categories":[],"tags":[],"class_list":["post-12934","post","type-post","status-publish","format-standard","has-post-thumbnail","hentry"],"jetpack_featured_media_url":"https:\/\/sindesvdf.com.br\/news\/wp-content\/uploads\/2019\/07\/Aposenta.png","_links":{"self":[{"href":"https:\/\/sindesvdf.com.br\/news\/wp-json\/wp\/v2\/posts\/12934","targetHints":{"allow":["GET"]}}],"collection":[{"href":"https:\/\/sindesvdf.com.br\/news\/wp-json\/wp\/v2\/posts"}],"about":[{"href":"https:\/\/sindesvdf.com.br\/news\/wp-json\/wp\/v2\/types\/post"}],"author":[{"embeddable":true,"href":"https:\/\/sindesvdf.com.br\/news\/wp-json\/wp\/v2\/users\/1"}],"replies":[{"embeddable":true,"href":"https:\/\/sindesvdf.com.br\/news\/wp-json\/wp\/v2\/comments?post=12934"}],"version-history":[{"count":1,"href":"https:\/\/sindesvdf.com.br\/news\/wp-json\/wp\/v2\/posts\/12934\/revisions"}],"predecessor-version":[{"id":12936,"href":"https:\/\/sindesvdf.com.br\/news\/wp-json\/wp\/v2\/posts\/12934\/revisions\/12936"}],"wp:featuredmedia":[{"embeddable":true,"href":"https:\/\/sindesvdf.com.br\/news\/wp-json\/wp\/v2\/media\/12935"}],"wp:attachment":[{"href":"https:\/\/sindesvdf.com.br\/news\/wp-json\/wp\/v2\/media?parent=12934"}],"wp:term":[{"taxonomy":"category","embeddable":true,"href":"https:\/\/sindesvdf.com.br\/news\/wp-json\/wp\/v2\/categories?post=12934"},{"taxonomy":"post_tag","embeddable":true,"href":"https:\/\/sindesvdf.com.br\/news\/wp-json\/wp\/v2\/tags?post=12934"}],"curies":[{"name":"wp","href":"https:\/\/api.w.org\/{rel}","templated":true}]}}