{"id":12946,"date":"2019-07-15T13:21:49","date_gmt":"2019-07-15T16:21:49","guid":{"rendered":"http:\/\/sindesvdf.com.br\/news\/?p=12946"},"modified":"2019-08-21T15:02:08","modified_gmt":"2019-08-21T18:02:08","slug":"sindicato-dos-vigilantes-realiza-ato-em-frente-ao-brb-contra-possivel-futuro-calote-da-soberana","status":"publish","type":"post","link":"https:\/\/sindesvdf.com.br\/news\/sindicato-dos-vigilantes-realiza-ato-em-frente-ao-brb-contra-possivel-futuro-calote-da-soberana\/","title":{"rendered":"Sindicato dos Vigilantes realiza ato em frente ao BRB contra poss\u00edvel futuro calote da Soberana"},"content":{"rendered":"<figure id=\"attachment_12952\" aria-describedby=\"caption-attachment-12952\" style=\"width: 700px\" class=\"wp-caption aligncenter\"><img loading=\"lazy\" decoding=\"async\" class=\"wp-image-12952 size-full\" src=\"http:\/\/sindesvdf.com.br\/news\/wp-content\/uploads\/2019\/07\/BRB-OK.png\" alt=\"\" width=\"700\" height=\"400\" srcset=\"https:\/\/sindesvdf.com.br\/news\/wp-content\/uploads\/2019\/07\/BRB-OK.png 700w, https:\/\/sindesvdf.com.br\/news\/wp-content\/uploads\/2019\/07\/BRB-OK-300x171.png 300w\" sizes=\"auto, (max-width: 700px) 100vw, 700px\" \/><figcaption id=\"caption-attachment-12952\" class=\"wp-caption-text\">Sindicato convocou o ato p\u00fablico e distribuiu aos usu\u00e1rios e banc\u00e1rios um panfleto explicando as raz\u00f5es do evento<\/figcaption><\/figure>\n<p><span style=\"font-size: 14pt;\">Na manh\u00e3 desta segunda, 15\/07, mais de 60 vigilantes do contrato Visan, que prestam servi\u00e7o no BRB, participaram de ato p\u00fablico em frente ao Edif\u00edcio sede do Banco de Bras\u00edlia (BRB), pois temem que a vencedora da licita\u00e7\u00e3o, Preg\u00e3o Edital 19\/2019, a empresa Soberana adote as mesmas pr\u00e1ticas que vem adotando em outros \u00f3rg\u00e3os p\u00fablicos, como atraso constante de sal\u00e1rio e no caso dos vigilantes da C\u00e2mara, estes tiveram que entrar na justi\u00e7a pela multa dos 40% do FGTS. A empresa tamb\u00e9m faz descontos nos sal\u00e1rios dos vigilantes e n\u00e3o repassa a quem de direito.<\/span><\/p>\n<p><span style=\"font-size: 14pt;\">Diante desses in\u00fameros calotes e atrasos de sal\u00e1rios, os vigilantes do BRB, contrato Visan, ficaram muito preocupados de, no futuro, serem v\u00edtimas tamb\u00e9m da empresa Soberana. Por isso, o Sindicato convocou o ato p\u00fablico e distribuiu aos usu\u00e1rios e banc\u00e1rios um panfleto explicando as raz\u00f5es do evento em frente ao Ed. Sede do Banco de Bras\u00edlia.<\/span><\/p>\n<p><span style=\"font-size: 14pt;\">A dire\u00e7\u00e3o do Sindicato participou de uma reuni\u00e3o com a dire\u00e7\u00e3o do Banco e nos foi informado que a licita\u00e7\u00e3o ainda n\u00e3o foi conclu\u00edda e que tem tr\u00eas recursos de outras empresas para serem respondidos. O Sindicato vai acompanhar atentamente o desenrolar dessa licita\u00e7\u00e3o, sempre buscando resguardar o emprego e os direitos dos vigilantes.<\/span><\/p>\n<p><span style=\"font-size: 14pt;\">Agradecemos a presen\u00e7a dos vigilantes que compareceram ao Ato P\u00fablico, dando visibilidade ao mesmo e mostrando que somente com participa\u00e7\u00e3o e mobiliza\u00e7\u00e3o temos um resultado positivo, que foi sermos recebidos pela dire\u00e7\u00e3o do BRB.<\/span><\/p>\n<p><span style=\"font-size: 14pt;\">Parab\u00e9ns aos participantes que compreendem o momento e a necessidade de lutar.<\/span><\/p>\n<p>&nbsp;<\/p>\n<p class=\"wpf_wrapper\"><a class=\"print_link\" href=\"\" target=\"_blank\">Preparar para impress\u00e3o<\/a><\/p><!-- .wpf_wrapper -->","protected":false},"excerpt":{"rendered":"<p>Na manh\u00e3 desta segunda, 15\/07, mais de 60 vigilantes do contrato Visan, que prestam servi\u00e7o no BRB, participaram de ato&hellip; <\/p>\n","protected":false},"author":4,"featured_media":12952,"comment_status":"closed","ping_status":"closed","sticky":false,"template":"","format":"standard","meta":{"footnotes":""},"categories":[7],"tags":[],"class_list":["post-12946","post","type-post","status-publish","format-standard","has-post-thumbnail","hentry","category-noticias"],"jetpack_featured_media_url":"https:\/\/sindesvdf.com.br\/news\/wp-content\/uploads\/2019\/07\/BRB-OK.png","_links":{"self":[{"href":"https:\/\/sindesvdf.com.br\/news\/wp-json\/wp\/v2\/posts\/12946","targetHints":{"allow":["GET"]}}],"collection":[{"href":"https:\/\/sindesvdf.com.br\/news\/wp-json\/wp\/v2\/posts"}],"about":[{"href":"https:\/\/sindesvdf.com.br\/news\/wp-json\/wp\/v2\/types\/post"}],"author":[{"embeddable":true,"href":"https:\/\/sindesvdf.com.br\/news\/wp-json\/wp\/v2\/users\/4"}],"replies":[{"embeddable":true,"href":"https:\/\/sindesvdf.com.br\/news\/wp-json\/wp\/v2\/comments?post=12946"}],"version-history":[{"count":6,"href":"https:\/\/sindesvdf.com.br\/news\/wp-json\/wp\/v2\/posts\/12946\/revisions"}],"predecessor-version":[{"id":12955,"href":"https:\/\/sindesvdf.com.br\/news\/wp-json\/wp\/v2\/posts\/12946\/revisions\/12955"}],"wp:featuredmedia":[{"embeddable":true,"href":"https:\/\/sindesvdf.com.br\/news\/wp-json\/wp\/v2\/media\/12952"}],"wp:attachment":[{"href":"https:\/\/sindesvdf.com.br\/news\/wp-json\/wp\/v2\/media?parent=12946"}],"wp:term":[{"taxonomy":"category","embeddable":true,"href":"https:\/\/sindesvdf.com.br\/news\/wp-json\/wp\/v2\/categories?post=12946"},{"taxonomy":"post_tag","embeddable":true,"href":"https:\/\/sindesvdf.com.br\/news\/wp-json\/wp\/v2\/tags?post=12946"}],"curies":[{"name":"wp","href":"https:\/\/api.w.org\/{rel}","templated":true}]}}