{"id":12962,"date":"2019-07-17T13:24:53","date_gmt":"2019-07-17T16:24:53","guid":{"rendered":"http:\/\/sindesvdf.com.br\/news\/?p=12962"},"modified":"2019-08-21T15:01:52","modified_gmt":"2019-08-21T18:01:52","slug":"atencao-vigilantes-da-brasfort-que-estao-no-processo-187-2014","status":"publish","type":"post","link":"https:\/\/sindesvdf.com.br\/news\/atencao-vigilantes-da-brasfort-que-estao-no-processo-187-2014\/","title":{"rendered":"Aten\u00e7\u00e3o vigilantes da Brasfort que est\u00e3o no processo 187\/2014"},"content":{"rendered":"<p><img loading=\"lazy\" decoding=\"async\" class=\"aligncenter size-full wp-image-12963\" src=\"http:\/\/sindesvdf.com.br\/news\/wp-content\/uploads\/2019\/07\/Brasfort.png\" alt=\"\" width=\"700\" height=\"400\" srcset=\"https:\/\/sindesvdf.com.br\/news\/wp-content\/uploads\/2019\/07\/Brasfort.png 700w, https:\/\/sindesvdf.com.br\/news\/wp-content\/uploads\/2019\/07\/Brasfort-300x171.png 300w\" sizes=\"auto, (max-width: 700px) 100vw, 700px\" \/><\/p>\n<p><span style=\"font-size: 14pt;\">O Sindicato informa aos vigilantes da Brasfort que est\u00e3o no processo 187\/2014, 4\u00aa Vara do Trabalho, que trata do risco de vida, que no dia 15\/07\/2019 aconteceu mais uma audi\u00eancia e existia uma ordem judicial para que a Empresa apresentasse \u00e0 Justi\u00e7a os c\u00e1lculos dos valores devidos aos vigilantes. A Brasfort, mais uma vez, n\u00e3o cumpriu com o determinado pela Justi\u00e7a e assim o processo voltou para a 4\u00aa Vara do Trabalho para dar prosseguimento ao mesmo.<\/span><\/p>\n<p><span style=\"font-size: 14pt;\">Assim que tivermos novo andamento dos tr\u00e2mites, comunicaremos aos interessados.<\/span><\/p>\n<p class=\"wpf_wrapper\"><a class=\"print_link\" href=\"\" target=\"_blank\">Preparar para impress\u00e3o<\/a><\/p><!-- .wpf_wrapper -->","protected":false},"excerpt":{"rendered":"<p>O Sindicato informa aos vigilantes da Brasfort que est\u00e3o no processo 187\/2014, 4\u00aa Vara do Trabalho, que trata do risco&hellip; <\/p>\n","protected":false},"author":4,"featured_media":12963,"comment_status":"closed","ping_status":"closed","sticky":false,"template":"","format":"standard","meta":{"footnotes":""},"categories":[7],"tags":[],"class_list":["post-12962","post","type-post","status-publish","format-standard","has-post-thumbnail","hentry","category-noticias"],"jetpack_featured_media_url":"https:\/\/sindesvdf.com.br\/news\/wp-content\/uploads\/2019\/07\/Brasfort.png","_links":{"self":[{"href":"https:\/\/sindesvdf.com.br\/news\/wp-json\/wp\/v2\/posts\/12962","targetHints":{"allow":["GET"]}}],"collection":[{"href":"https:\/\/sindesvdf.com.br\/news\/wp-json\/wp\/v2\/posts"}],"about":[{"href":"https:\/\/sindesvdf.com.br\/news\/wp-json\/wp\/v2\/types\/post"}],"author":[{"embeddable":true,"href":"https:\/\/sindesvdf.com.br\/news\/wp-json\/wp\/v2\/users\/4"}],"replies":[{"embeddable":true,"href":"https:\/\/sindesvdf.com.br\/news\/wp-json\/wp\/v2\/comments?post=12962"}],"version-history":[{"count":1,"href":"https:\/\/sindesvdf.com.br\/news\/wp-json\/wp\/v2\/posts\/12962\/revisions"}],"predecessor-version":[{"id":12964,"href":"https:\/\/sindesvdf.com.br\/news\/wp-json\/wp\/v2\/posts\/12962\/revisions\/12964"}],"wp:featuredmedia":[{"embeddable":true,"href":"https:\/\/sindesvdf.com.br\/news\/wp-json\/wp\/v2\/media\/12963"}],"wp:attachment":[{"href":"https:\/\/sindesvdf.com.br\/news\/wp-json\/wp\/v2\/media?parent=12962"}],"wp:term":[{"taxonomy":"category","embeddable":true,"href":"https:\/\/sindesvdf.com.br\/news\/wp-json\/wp\/v2\/categories?post=12962"},{"taxonomy":"post_tag","embeddable":true,"href":"https:\/\/sindesvdf.com.br\/news\/wp-json\/wp\/v2\/tags?post=12962"}],"curies":[{"name":"wp","href":"https:\/\/api.w.org\/{rel}","templated":true}]}}