{"id":12965,"date":"2019-07-17T13:44:05","date_gmt":"2019-07-17T16:44:05","guid":{"rendered":"http:\/\/sindesvdf.com.br\/news\/?p=12965"},"modified":"2019-08-21T15:01:42","modified_gmt":"2019-08-21T18:01:42","slug":"os-elos-de-corrente-na-licitacao-do-brb","status":"publish","type":"post","link":"https:\/\/sindesvdf.com.br\/news\/os-elos-de-corrente-na-licitacao-do-brb\/","title":{"rendered":"Os elos de corrente na licita\u00e7\u00e3o do BRB"},"content":{"rendered":"<p><img loading=\"lazy\" decoding=\"async\" class=\"aligncenter size-full wp-image-12966\" src=\"http:\/\/sindesvdf.com.br\/news\/wp-content\/uploads\/2019\/07\/BRB-02.png\" alt=\"\" width=\"700\" height=\"400\" srcset=\"https:\/\/sindesvdf.com.br\/news\/wp-content\/uploads\/2019\/07\/BRB-02.png 700w, https:\/\/sindesvdf.com.br\/news\/wp-content\/uploads\/2019\/07\/BRB-02-300x171.png 300w\" sizes=\"auto, (max-width: 700px) 100vw, 700px\" \/><\/p>\n<p><span style=\"font-size: 14pt;\">O governador de Bras\u00edlia, Ibaneis Rocha (MDB-DF), ainda est\u00e1 preso \u00e0 corrente. Os elos n\u00e3o s\u00e3o desfeitos. Exemplo, a fam\u00edlia piauiense do ex-deputado distrital Cristiano Ara\u00fajo (PSD-DF). A licita\u00e7\u00e3o milion\u00e1ria para atender a empresa da fam\u00edlia de Cristiano Ara\u00fajo no Banco Regional de Bras\u00edlia (BRB) burla os tramites legais. Apesar da derrota do ex-distrital nas elei\u00e7\u00f5es para CLDF, o governador o recompensou pelo apoio que o fez sentar na cadeira de governador e lhe nomeou na Diretoria de Administra\u00e7\u00e3o da Companhia do Metropolitano do Distrito Federal (Metr\u00f4). Sem sucesso! Cristiano foi bombardeado pelo Minist\u00e9rio P\u00fablico (MPDFT), tendo que abrir m\u00e3o de comandar o metr\u00f4.<\/span><\/p>\n<p><span style=\"font-size: 14pt;\">Contudo, Ibaneis tenta emplacar a empresa Soberana Seguran\u00e7a e Vigil\u00e2ncia Ltda que tem de fato no comando, Luiz Vicente Ara\u00fajo J\u00fanior, irm\u00e3o de Cristiano. A licita\u00e7\u00e3o de R$ 33 milh\u00f5es se deu no dia 27 de maio de 2019 tendo a Soberana classificada em 1\u00ba lugar, mesmo sem apresentar os requisitos exigidos no edital. Pelo menos quatro empresas recorreram \u00e0 justi\u00e7a alegando que a Soberana est\u00e1 impedida, por n\u00e3o possuir certid\u00f5es negativas. Documentos b\u00e1sicos para comprovar capacita\u00e7\u00e3o t\u00e9cnica e por isso questionada judicialmente. Segundo dirigentes das empresas que recorreram \u00e0 justi\u00e7a, os tramites foram claramente dirigidos para que a Soberana fosse a vencedora. Inclusive praticando \u2018DUMPING\u2019 com o pre\u00e7o incompat\u00edvel para presta\u00e7\u00e3o do servi\u00e7o, muito abaixo do valor do mercado. A inten\u00e7\u00e3o da Soberana ser\u00e1 de imediato impetrar aditivos para chegar ao \u201cvalor combinado\u201d.<\/span><\/p>\n<p><span style=\"font-size: 14pt;\">Os dirigentes alegam ainda que o tr\u00e2mite para esse tipo de licita\u00e7\u00e3o em geral dura de 10 a 15 dias, por\u00e9m, a Soberana ganhou muito mais tempo para retificar as planilhas e se adequar a licita\u00e7\u00e3o. Mesmo assim, as planilhas n\u00e3o fecham. Entretanto, o BRB habilitou e homologou a licita\u00e7\u00e3o para a Soberana. Com isso, o sindicato amea\u00e7a comunicar a justi\u00e7a trabalhista para que sejam descontadas todas as pend\u00eancias nas faturas a serem pagas pelo BRB para a empresa.<\/span><\/p>\n<div class=\"wp-playlist wp-video-playlist wp-playlist-light\"><span class=\"mejs-offscreen\" style=\"font-size: 14pt;\">\u00a0<\/span><\/div>\n<div class=\"wp-playlist wp-video-playlist wp-playlist-light\">\n<div class=\"wp-playlist-tracks\">\n<div class=\"wp-playlist-item wp-playlist-playing\">\n<p><span style=\"font-size: 14pt;\"><a class=\"wp-playlist-caption\" href=\"http:\/\/quidnovibrasil.com\/wp-content\/uploads\/2019\/07\/Plen\u00e1rio.jpeg.mp4\"> 1. <span class=\"wp-playlist-item-title\">\u201cDeputado Boca Aberta no Plen\u00e1rio da C\u00e2mara Federal denunciando a Soberana\u201d<\/span> <\/a><\/span><\/p>\n<div class=\"wp-playlist-item-length\"><\/div>\n<\/div>\n<\/div>\n<\/div>\n<p><span style=\"font-size: 14pt;\">No Congresso Nacional, a Soberana enfrenta dificuldades por n\u00e3o saldar compromissos firmados em contrato. O deputado federal, Emerson Miguel Petriv (PROS-PR), conhecido popularmente como \u2018Boca Aberta\u2019, foi \u00e0 tribuna e denunciou a Soberana que foi contratada pela C\u00e2mara Federal em 01 de fevereiro de 2017 e teve que encerrar suas atividades em 30 de abril de 2019, por n\u00e3o pagar os sal\u00e1rios dos vigilantes. \u201cA empresa Soberana deu um calote nos vigilantes e n\u00e3o quer pagar. Est\u00e3o vindo buscar a certid\u00e3o negativa nessa casa e n\u00e3o v\u00e3o receber\u201d esbravejou o deputado.<\/span><\/p>\n<p><span style=\"font-size: 14pt;\">Na Junta Comercial, a empresa Soberana est\u00e1 registrada em nome de Irenaldo Pereira Lima (o \u00cdndio). Mas, de fato a empresa \u00e9 comandada por Luiz Vicente Ara\u00fajo J\u00fanior, irm\u00e3o do ex-deputado Cristiano Ara\u00fajo, que sob as b\u00ean\u00e7\u00e3os de Ibaneis Rocha v\u00e3o abocanhar milh\u00f5es de reais nos pr\u00f3ximos 5 anos.<\/span><\/p>\n<p style=\"text-align: right;\"><span style=\"color: #ff0000; font-size: 14pt;\"><em>Fonte: QuidNovi<\/em><\/span><br \/>\n<span style=\"color: #ff0000; font-size: 14pt;\"><em>Por: Mino Pedrosa<\/em><\/span><\/p>\n<p class=\"wpf_wrapper\"><a class=\"print_link\" href=\"\" target=\"_blank\">Preparar para impress\u00e3o<\/a><\/p><!-- .wpf_wrapper -->","protected":false},"excerpt":{"rendered":"<p>O governador de Bras\u00edlia, Ibaneis Rocha (MDB-DF), ainda est\u00e1 preso \u00e0 corrente. Os elos n\u00e3o s\u00e3o desfeitos. Exemplo, a fam\u00edlia&hellip; <\/p>\n","protected":false},"author":4,"featured_media":12966,"comment_status":"closed","ping_status":"closed","sticky":false,"template":"","format":"standard","meta":{"footnotes":""},"categories":[7],"tags":[],"class_list":["post-12965","post","type-post","status-publish","format-standard","has-post-thumbnail","hentry","category-noticias"],"jetpack_featured_media_url":"https:\/\/sindesvdf.com.br\/news\/wp-content\/uploads\/2019\/07\/BRB-02.png","_links":{"self":[{"href":"https:\/\/sindesvdf.com.br\/news\/wp-json\/wp\/v2\/posts\/12965","targetHints":{"allow":["GET"]}}],"collection":[{"href":"https:\/\/sindesvdf.com.br\/news\/wp-json\/wp\/v2\/posts"}],"about":[{"href":"https:\/\/sindesvdf.com.br\/news\/wp-json\/wp\/v2\/types\/post"}],"author":[{"embeddable":true,"href":"https:\/\/sindesvdf.com.br\/news\/wp-json\/wp\/v2\/users\/4"}],"replies":[{"embeddable":true,"href":"https:\/\/sindesvdf.com.br\/news\/wp-json\/wp\/v2\/comments?post=12965"}],"version-history":[{"count":3,"href":"https:\/\/sindesvdf.com.br\/news\/wp-json\/wp\/v2\/posts\/12965\/revisions"}],"predecessor-version":[{"id":12969,"href":"https:\/\/sindesvdf.com.br\/news\/wp-json\/wp\/v2\/posts\/12965\/revisions\/12969"}],"wp:featuredmedia":[{"embeddable":true,"href":"https:\/\/sindesvdf.com.br\/news\/wp-json\/wp\/v2\/media\/12966"}],"wp:attachment":[{"href":"https:\/\/sindesvdf.com.br\/news\/wp-json\/wp\/v2\/media?parent=12965"}],"wp:term":[{"taxonomy":"category","embeddable":true,"href":"https:\/\/sindesvdf.com.br\/news\/wp-json\/wp\/v2\/categories?post=12965"},{"taxonomy":"post_tag","embeddable":true,"href":"https:\/\/sindesvdf.com.br\/news\/wp-json\/wp\/v2\/tags?post=12965"}],"curies":[{"name":"wp","href":"https:\/\/api.w.org\/{rel}","templated":true}]}}