{"id":12970,"date":"2019-07-18T10:10:51","date_gmt":"2019-07-18T13:10:51","guid":{"rendered":"http:\/\/sindesvdf.com.br\/news\/?p=12970"},"modified":"2019-08-21T15:01:30","modified_gmt":"2019-08-21T18:01:30","slug":"novas-informacoes-sobre-o-processo-187-2014-dos-vigilantes-da-brasfort","status":"publish","type":"post","link":"https:\/\/sindesvdf.com.br\/news\/novas-informacoes-sobre-o-processo-187-2014-dos-vigilantes-da-brasfort\/","title":{"rendered":"Novas informa\u00e7\u00f5es sobre o processo 187\/2014 dos vigilantes da Brasfort"},"content":{"rendered":"<p><img loading=\"lazy\" decoding=\"async\" class=\"aligncenter size-full wp-image-12971\" src=\"http:\/\/sindesvdf.com.br\/news\/wp-content\/uploads\/2019\/07\/Brasfort-2.png\" alt=\"\" width=\"700\" height=\"400\" srcset=\"https:\/\/sindesvdf.com.br\/news\/wp-content\/uploads\/2019\/07\/Brasfort-2.png 700w, https:\/\/sindesvdf.com.br\/news\/wp-content\/uploads\/2019\/07\/Brasfort-2-300x171.png 300w\" sizes=\"auto, (max-width: 700px) 100vw, 700px\" \/><\/p>\n<p><span style=\"font-size: 14pt;\">O Sindicato informa aos vigilantes da Brasfort, que est\u00e3o no processo 187\/2014, que nesta quinta-feira, 18\/07\/2019, a empresa Brasfort foi intimada a apresentar os c\u00e1lculos dos valores devidos aos vigilantes no prazo de quinze dias, sob pena de per\u00edcia cont\u00e1bil, em que a Justi\u00e7a poder\u00e1 nomear o perito de sua confian\u00e7a e cujo \u00f4nus da contrata\u00e7\u00e3o ficar\u00e1 atribu\u00eddo \u00e0 empresa Brasfort. <\/span><br \/>\n<span style=\"font-size: 14pt;\">Assim que tivermos novos andamentos nos autos do processo, comunicaremos aos interessados.<\/span><\/p>\n<p class=\"wpf_wrapper\"><a class=\"print_link\" href=\"\" target=\"_blank\">Preparar para impress\u00e3o<\/a><\/p><!-- .wpf_wrapper -->","protected":false},"excerpt":{"rendered":"<p>O Sindicato informa aos vigilantes da Brasfort, que est\u00e3o no processo 187\/2014, que nesta quinta-feira, 18\/07\/2019, a empresa Brasfort foi&hellip; <\/p>\n","protected":false},"author":4,"featured_media":12971,"comment_status":"closed","ping_status":"closed","sticky":false,"template":"","format":"standard","meta":{"footnotes":""},"categories":[7],"tags":[],"class_list":["post-12970","post","type-post","status-publish","format-standard","has-post-thumbnail","hentry","category-noticias"],"jetpack_featured_media_url":"https:\/\/sindesvdf.com.br\/news\/wp-content\/uploads\/2019\/07\/Brasfort-2.png","_links":{"self":[{"href":"https:\/\/sindesvdf.com.br\/news\/wp-json\/wp\/v2\/posts\/12970","targetHints":{"allow":["GET"]}}],"collection":[{"href":"https:\/\/sindesvdf.com.br\/news\/wp-json\/wp\/v2\/posts"}],"about":[{"href":"https:\/\/sindesvdf.com.br\/news\/wp-json\/wp\/v2\/types\/post"}],"author":[{"embeddable":true,"href":"https:\/\/sindesvdf.com.br\/news\/wp-json\/wp\/v2\/users\/4"}],"replies":[{"embeddable":true,"href":"https:\/\/sindesvdf.com.br\/news\/wp-json\/wp\/v2\/comments?post=12970"}],"version-history":[{"count":1,"href":"https:\/\/sindesvdf.com.br\/news\/wp-json\/wp\/v2\/posts\/12970\/revisions"}],"predecessor-version":[{"id":12972,"href":"https:\/\/sindesvdf.com.br\/news\/wp-json\/wp\/v2\/posts\/12970\/revisions\/12972"}],"wp:featuredmedia":[{"embeddable":true,"href":"https:\/\/sindesvdf.com.br\/news\/wp-json\/wp\/v2\/media\/12971"}],"wp:attachment":[{"href":"https:\/\/sindesvdf.com.br\/news\/wp-json\/wp\/v2\/media?parent=12970"}],"wp:term":[{"taxonomy":"category","embeddable":true,"href":"https:\/\/sindesvdf.com.br\/news\/wp-json\/wp\/v2\/categories?post=12970"},{"taxonomy":"post_tag","embeddable":true,"href":"https:\/\/sindesvdf.com.br\/news\/wp-json\/wp\/v2\/tags?post=12970"}],"curies":[{"name":"wp","href":"https:\/\/api.w.org\/{rel}","templated":true}]}}