{"id":13167,"date":"2019-07-28T12:31:43","date_gmt":"2019-07-28T15:31:43","guid":{"rendered":"http:\/\/sindesvdf.com.br\/news\/?p=13167"},"modified":"2019-08-21T15:01:16","modified_gmt":"2019-08-21T18:01:16","slug":"atencao-vigilantes-que-prestam-servico-no-mre-itamaraty","status":"publish","type":"post","link":"https:\/\/sindesvdf.com.br\/news\/atencao-vigilantes-que-prestam-servico-no-mre-itamaraty\/","title":{"rendered":"Aten\u00e7\u00e3o Vigilantes que prestam servi\u00e7o no MRE\/Itamaraty"},"content":{"rendered":"<figure id=\"attachment_13168\" aria-describedby=\"caption-attachment-13168\" style=\"width: 700px\" class=\"wp-caption aligncenter\"><img loading=\"lazy\" decoding=\"async\" class=\"size-full wp-image-13168\" src=\"http:\/\/sindesvdf.com.br\/news\/wp-content\/uploads\/2019\/07\/itamaraty.png\" alt=\"\" width=\"700\" height=\"400\" srcset=\"https:\/\/sindesvdf.com.br\/news\/wp-content\/uploads\/2019\/07\/itamaraty.png 700w, https:\/\/sindesvdf.com.br\/news\/wp-content\/uploads\/2019\/07\/itamaraty-300x171.png 300w\" sizes=\"auto, (max-width: 700px) 100vw, 700px\" \/><figcaption id=\"caption-attachment-13168\" class=\"wp-caption-text\">O Sindicato n\u00e3o agendou paralisa\u00e7\u00e3o nesta segunda, 29\/07<\/figcaption><\/figure>\n<p><span style=\"font-size: 14pt;\">Est\u00e1 circulando uma falsa nota nas redes sociais de que o Sindicato dos Vigilantes far\u00e1 uma paralisa\u00e7\u00e3o no Minist\u00e9rio das Rela\u00e7\u00f5es Exteriores\/Itamaraty nesta segunda-feira, dia 29\/07. N\u00e3o \u00e9 verdade, pessoas mal intencionadas est\u00e3o espalhando essa not\u00edcia.\u00a0<\/span><br \/>\n<span style=\"font-size: 14pt;\">Qualquer problema que ocorra no local de servi\u00e7o dos vigilantes, o Sindicato far\u00e1 comunica\u00e7\u00e3o pessoalmente, atrav\u00e9s de jornais ou panfletos e nossos canais oficiais de comunica\u00e7\u00e3o.<\/span><\/p>\n<p class=\"wpf_wrapper\"><a class=\"print_link\" href=\"\" target=\"_blank\">Preparar para impress\u00e3o<\/a><\/p><!-- .wpf_wrapper -->","protected":false},"excerpt":{"rendered":"<p>Est\u00e1 circulando uma falsa nota nas redes sociais de que o Sindicato dos Vigilantes far\u00e1 uma paralisa\u00e7\u00e3o no Minist\u00e9rio das&hellip; <\/p>\n","protected":false},"author":4,"featured_media":13168,"comment_status":"closed","ping_status":"closed","sticky":false,"template":"","format":"standard","meta":{"footnotes":""},"categories":[7],"tags":[],"class_list":["post-13167","post","type-post","status-publish","format-standard","has-post-thumbnail","hentry","category-noticias"],"jetpack_featured_media_url":"https:\/\/sindesvdf.com.br\/news\/wp-content\/uploads\/2019\/07\/itamaraty.png","_links":{"self":[{"href":"https:\/\/sindesvdf.com.br\/news\/wp-json\/wp\/v2\/posts\/13167","targetHints":{"allow":["GET"]}}],"collection":[{"href":"https:\/\/sindesvdf.com.br\/news\/wp-json\/wp\/v2\/posts"}],"about":[{"href":"https:\/\/sindesvdf.com.br\/news\/wp-json\/wp\/v2\/types\/post"}],"author":[{"embeddable":true,"href":"https:\/\/sindesvdf.com.br\/news\/wp-json\/wp\/v2\/users\/4"}],"replies":[{"embeddable":true,"href":"https:\/\/sindesvdf.com.br\/news\/wp-json\/wp\/v2\/comments?post=13167"}],"version-history":[{"count":1,"href":"https:\/\/sindesvdf.com.br\/news\/wp-json\/wp\/v2\/posts\/13167\/revisions"}],"predecessor-version":[{"id":13171,"href":"https:\/\/sindesvdf.com.br\/news\/wp-json\/wp\/v2\/posts\/13167\/revisions\/13171"}],"wp:featuredmedia":[{"embeddable":true,"href":"https:\/\/sindesvdf.com.br\/news\/wp-json\/wp\/v2\/media\/13168"}],"wp:attachment":[{"href":"https:\/\/sindesvdf.com.br\/news\/wp-json\/wp\/v2\/media?parent=13167"}],"wp:term":[{"taxonomy":"category","embeddable":true,"href":"https:\/\/sindesvdf.com.br\/news\/wp-json\/wp\/v2\/categories?post=13167"},{"taxonomy":"post_tag","embeddable":true,"href":"https:\/\/sindesvdf.com.br\/news\/wp-json\/wp\/v2\/tags?post=13167"}],"curies":[{"name":"wp","href":"https:\/\/api.w.org\/{rel}","templated":true}]}}