{"id":13193,"date":"2019-08-13T16:31:55","date_gmt":"2019-08-13T19:31:55","guid":{"rendered":"http:\/\/sindesvdf.com.br\/news\/?p=13193"},"modified":"2019-08-20T16:07:49","modified_gmt":"2019-08-20T19:07:49","slug":"atencao-vigilantes-da-brasfort-que-estao-no-processo-187-2014-2","status":"publish","type":"post","link":"https:\/\/sindesvdf.com.br\/news\/atencao-vigilantes-da-brasfort-que-estao-no-processo-187-2014-2\/","title":{"rendered":"Aten\u00e7\u00e3o Vigilantes da Brasfort que est\u00e3o no processo 187\/2014"},"content":{"rendered":"<p><img loading=\"lazy\" decoding=\"async\" class=\"aligncenter size-full wp-image-13194\" src=\"http:\/\/sindesvdf.com.br\/news\/wp-content\/uploads\/2019\/08\/C\u00e1lculos-Brasfort.jpg\" alt=\"\" width=\"700\" height=\"400\" srcset=\"https:\/\/sindesvdf.com.br\/news\/wp-content\/uploads\/2019\/08\/C\u00e1lculos-Brasfort.jpg 700w, https:\/\/sindesvdf.com.br\/news\/wp-content\/uploads\/2019\/08\/C\u00e1lculos-Brasfort-300x171.jpg 300w\" sizes=\"auto, (max-width: 700px) 100vw, 700px\" \/><\/p>\n<p><span style=\"font-size: 14pt;\">O Sindicato informa aos vigilantes da Brasfort que est\u00e3o no processo 187\/2014, que trata de risco de vida nas f\u00e9rias e 13\u00ba sal\u00e1rio de 2011 a 2013, que nesta segunda, 12\/08\/2019, a empresa apresentou \u00e0 Justi\u00e7a os c\u00e1lculos dos valores que entende como devidos aos vigilantes representados nesta a\u00e7\u00e3o.<\/span><\/p>\n<p><span style=\"font-size: 14pt;\">Diante disso, a Justi\u00e7a concedeu um prazo ao Sindicato dos Vigilantes para verificar se esses c\u00e1lculos apresentados pela Brasfort est\u00e3o corretos.<\/span><\/p>\n<p><span style=\"font-size: 14pt;\">Os c\u00e1lculos j\u00e1 est\u00e3o sendo verificados por nosso corpo t\u00e9cnico que responder\u00e1 dentro do prazo legal. Assim que houver novos andamentos do processo, comunicaremos aos interessados imediatamente.<\/span><\/p>\n<p class=\"wpf_wrapper\"><a class=\"print_link\" href=\"\" target=\"_blank\">Preparar para impress\u00e3o<\/a><\/p><!-- .wpf_wrapper -->","protected":false},"excerpt":{"rendered":"<p>O Sindicato informa aos vigilantes da Brasfort que est\u00e3o no processo 187\/2014, que trata de risco de vida nas f\u00e9rias&hellip; <\/p>\n","protected":false},"author":4,"featured_media":13194,"comment_status":"closed","ping_status":"closed","sticky":false,"template":"","format":"standard","meta":{"footnotes":""},"categories":[115],"tags":[],"class_list":["post-13193","post","type-post","status-publish","format-standard","has-post-thumbnail","hentry","category-plantao-olho-vivo"],"jetpack_featured_media_url":"https:\/\/sindesvdf.com.br\/news\/wp-content\/uploads\/2019\/08\/C\u00e1lculos-Brasfort.jpg","_links":{"self":[{"href":"https:\/\/sindesvdf.com.br\/news\/wp-json\/wp\/v2\/posts\/13193","targetHints":{"allow":["GET"]}}],"collection":[{"href":"https:\/\/sindesvdf.com.br\/news\/wp-json\/wp\/v2\/posts"}],"about":[{"href":"https:\/\/sindesvdf.com.br\/news\/wp-json\/wp\/v2\/types\/post"}],"author":[{"embeddable":true,"href":"https:\/\/sindesvdf.com.br\/news\/wp-json\/wp\/v2\/users\/4"}],"replies":[{"embeddable":true,"href":"https:\/\/sindesvdf.com.br\/news\/wp-json\/wp\/v2\/comments?post=13193"}],"version-history":[{"count":3,"href":"https:\/\/sindesvdf.com.br\/news\/wp-json\/wp\/v2\/posts\/13193\/revisions"}],"predecessor-version":[{"id":13223,"href":"https:\/\/sindesvdf.com.br\/news\/wp-json\/wp\/v2\/posts\/13193\/revisions\/13223"}],"wp:featuredmedia":[{"embeddable":true,"href":"https:\/\/sindesvdf.com.br\/news\/wp-json\/wp\/v2\/media\/13194"}],"wp:attachment":[{"href":"https:\/\/sindesvdf.com.br\/news\/wp-json\/wp\/v2\/media?parent=13193"}],"wp:term":[{"taxonomy":"category","embeddable":true,"href":"https:\/\/sindesvdf.com.br\/news\/wp-json\/wp\/v2\/categories?post=13193"},{"taxonomy":"post_tag","embeddable":true,"href":"https:\/\/sindesvdf.com.br\/news\/wp-json\/wp\/v2\/tags?post=13193"}],"curies":[{"name":"wp","href":"https:\/\/api.w.org\/{rel}","templated":true}]}}