{"id":13198,"date":"2019-08-14T09:41:00","date_gmt":"2019-08-14T12:41:00","guid":{"rendered":"http:\/\/sindesvdf.com.br\/news\/?p=13198"},"modified":"2019-08-21T15:00:28","modified_gmt":"2019-08-21T18:00:28","slug":"texto-base-da-mp-da-liberdade-economica-muda-regras-trabalhistas","status":"publish","type":"post","link":"https:\/\/sindesvdf.com.br\/news\/texto-base-da-mp-da-liberdade-economica-muda-regras-trabalhistas\/","title":{"rendered":"Texto-base da MP da Liberdade Econ\u00f4mica muda regras trabalhistas"},"content":{"rendered":"<figure id=\"attachment_13199\" aria-describedby=\"caption-attachment-13199\" style=\"width: 700px\" class=\"wp-caption aligncenter\"><img loading=\"lazy\" decoding=\"async\" class=\"wp-image-13199 size-full\" src=\"http:\/\/sindesvdf.com.br\/news\/wp-content\/uploads\/2019\/08\/texto-base.png\" alt=\"\" width=\"700\" height=\"400\" srcset=\"https:\/\/sindesvdf.com.br\/news\/wp-content\/uploads\/2019\/08\/texto-base.png 700w, https:\/\/sindesvdf.com.br\/news\/wp-content\/uploads\/2019\/08\/texto-base-300x171.png 300w\" sizes=\"auto, (max-width: 700px) 100vw, 700px\" \/><figcaption id=\"caption-attachment-13199\" class=\"wp-caption-text\">Com quatro horas de dura\u00e7\u00e3o, reda\u00e7\u00e3o passa por 345 votos a favor, 76 contr\u00e1rios e uma absten\u00e7\u00e3o<\/figcaption><\/figure>\n<p><a href=\"https:\/\/www1.folha.uol.com.br\/mercado\/2019\/08\/governo-enxuga-mp-da-liberdade-economica-para-tentar-aprovar-texto.shtml\"><span style=\"font-size: 14pt;\">Depois de enxugar o texto e retirar pontos controversos<\/span><\/a><span style=\"font-size: 14pt;\"> que avan\u00e7avam sobre a legisla\u00e7\u00e3o trabalhista, a C\u00e2mara dos Deputados conseguiu aprovar, na noite desta ter\u00e7a-feira (13\/08), o texto-base da medida provis\u00f3ria 881, que reduz burocracias e limita o poder de regula\u00e7\u00e3o do Estado.<\/span><\/p>\n<p><span style=\"font-size: 14pt;\">Segundo o presidente da C\u00e2mara, <a href=\"https:\/\/www1.folha.uol.com.br\/mercado\/2019\/08\/maia-e-toffoli-defendem-reforma-que-retire-regras-do-sistema-tributario-da-constituicao.shtml\">Rodrigo Maia (DEM-RJ)<\/a>, foram exclu\u00eddos temas que n\u00e3o tinham rela\u00e7\u00e3o com a ideia inicial da medida provis\u00f3ria para evitar questionamentos judiciais.<\/span><\/p>\n<p><span style=\"font-size: 14pt;\">\u201cSe voc\u00ea tinha um texto grande e virou um texto pequeno, voc\u00ea restringiu a pol\u00eamica&#8221;, disse Maia.<\/span><\/p>\n<p><span style=\"font-size: 14pt;\">Um dos pontos mais controversos, por exemplo, <a href=\"https:\/\/www1.folha.uol.com.br\/mercado\/2019\/06\/governo-vai-dar-autorizacao-para-trabalho-aos-domingos-e-feriados.shtml\">o do repouso semanal remunerado aos domingos<\/a>, foi alterado. Na proposta do relator, isso s\u00f3 precisaria acontecer num domingo a cada sete semanas. O governo, agora, reduziu esse tempo para um domingo a cada quatro semanas.<\/span><\/p>\n<p><span style=\"font-size: 14pt;\">Apesar do recuo, o procurador-geral do Trabalho, Ronaldo Fleury, afirma que a medida prejudica o trabalhador que n\u00e3o ter\u00e1 folga junto com o restante da fam\u00edlia. \u201cVai se passar a ser regra trabalhar aos domingos\u201d.<\/span><\/p>\n<p><span style=\"font-size: 14pt;\">O texto-base foi aprovado por 345 votos a favor, 76 contr\u00e1rios e uma absten\u00e7\u00e3o, em sess\u00e3o que teve in\u00edcio \u00e0s 18h50 e durou quatro horas, em meio a tentativas de obstru\u00e7\u00e3o da oposi\u00e7\u00e3o.<\/span><\/p>\n<p><span style=\"font-size: 14pt;\">Para aprovar a MP da Liberdade Econ\u00f4mica, o governo fez concess\u00f5es e retirou propostas de mudan\u00e7a na legisla\u00e7\u00e3o trabalhista que vinham provocando resist\u00eancia entre parlamentares, a ponto de a chamada MP da Liberdade Econ\u00f4mica ser tachada de <a href=\"https:\/\/www1.folha.uol.com.br\/mercado\/2019\/07\/novo-texto-da-liberdade-economica-propoe-alterar-36-artigos-da-clt.shtml\">minirreforma trabalhista<\/a>.<\/span><\/p>\n<p><span style=\"font-size: 14pt;\">Correndo risco de derrota, articuladores do governo se reuniram no Minist\u00e9rio da Economia e negociaram com parlamentares para remover do texto pontos que poderiam bloquear a vota\u00e7\u00e3o.<\/span><\/p>\n<h2><span style=\"font-size: 14pt;\">O texto-base da Liberdade Econ\u00f4mica aprovado no plen\u00e1rio da C\u00e2mara nesta ter\u00e7a-feira (13):<\/span><\/h2>\n<h3><span style=\"font-size: 14pt;\">1.\u00a0\u00a0\u00a0\u00a0\u00a0 Mant\u00e9m o repouso semanal remunerado um domingo a cada quatro semanas<\/span><\/h3>\n<h3><span style=\"font-size: 14pt;\">2.\u00a0\u00a0\u00a0\u00a0\u00a0 Se o patr\u00e3o der folga em outro dia da semana, n\u00e3o precisa pagar o dobro por domingo ou feriado. O outro dia vira o descanso semanal remunerado<\/span><\/h3>\n<h3><span style=\"font-size: 14pt;\">3.\u00a0\u00a0\u00a0\u00a0\u00a0 Define que o funcion\u00e1rio \u00e9 obrigado a bater ponto em empresas com mais de 20 empregados \u2013atualmente, a regra vale para empresas com pelo menos dez trabalhadores<\/span><\/h3>\n<h3><span style=\"font-size: 14pt;\">4.\u00a0\u00a0\u00a0\u00a0\u00a0 Dispensa o trabalhador de bater cart\u00e3o ao autorizar o chamado ponto por exce\u00e7\u00e3o por meio de negocia\u00e7\u00e3o mediante acordo individual escrito, conven\u00e7\u00e3o coletiva ou acordo coletivo de trabalho. Nessa modalidade, o trabalhador s\u00f3 registra hora extra, atraso, folga, f\u00e9rias e falta. Na jornada regular, chega ao posto de trabalho e sai sem fazer nenhuma anota\u00e7\u00e3o<\/span><\/h3>\n<h3><span style=\"font-size: 14pt;\">5.\u00a0\u00a0\u00a0\u00a0\u00a0 Libera a opera\u00e7\u00e3o de ag\u00eancias banc\u00e1rias aos s\u00e1bados<\/span><\/h3>\n<h3><span style=\"font-size: 14pt;\">6.\u00a0\u00a0\u00a0\u00a0\u00a0 Exime empreendimento de baixo risco de licen\u00e7as, autoriza\u00e7\u00f5es e alvar\u00e1s pr\u00e9vios para iniciar opera\u00e7\u00e3o. A defini\u00e7\u00e3o de baixo risco contempla, por exemplo, dep\u00f3sito e o armazenamento de produtos n\u00e3o explosivos<\/span><\/h3>\n<h3><span style=\"font-size: 14pt;\">7.\u00a0\u00a0\u00a0\u00a0\u00a0 Atividades econ\u00f4micas podem ser desenvolvidas em qualquer hor\u00e1rio ou dia da semana, incluindo feriados, desde que sejam observadas normas ambientais, trabalhistas e de vizinhan\u00e7a, por exemplo<\/span><\/h3>\n<h3><span style=\"font-size: 14pt;\">8.\u00a0\u00a0\u00a0\u00a0\u00a0 Permite que as empresas dedicada \u00e0 inova\u00e7\u00e3o possam testar e oferecer, gratuitamente ou n\u00e3o, seus produtos e servi\u00e7os para um grupo restrito de pessoas<\/span><\/h3>\n<p><span style=\"font-size: 14pt;\">O texto novo praticamente reduz \u00e0 metade o n\u00famero de artigos \u2013<a href=\"https:\/\/www1.folha.uol.com.br\/mercado\/2019\/08\/relator-retira-anistia-de-multas-da-tabela-de-frete-da-mp-da-liberdade-economica.shtml\">o relator Jer\u00f4nimo Goergen (PP-RS) havia deixado<\/a> a MP com mais de 50 artigos. A expectativa da l\u00edder do governo na C\u00e2mara, Joice Hasselmann (PSL-SP), \u00e9 que, com as mudan\u00e7as, a vota\u00e7\u00e3o seja conclu\u00edda nesta quarta, com a aprecia\u00e7\u00e3o de destaques (tentativas de modifica\u00e7\u00e3o do texto). Depois disso, o texto\u00a0vai para o Senado.<\/span><\/p>\n<p><span style=\"font-size: 14pt;\">Maia tamb\u00e9m confia na conclus\u00e3o do processo nesta quarta. Se n\u00e3o for votada at\u00e9 o dia 27, <a href=\"https:\/\/www1.folha.uol.com.br\/mercado\/2019\/08\/tst-derruba-decisao-de-minas-gerais-e-libera-magazine-luiza-para-contratar-intermitente.shtml\">a medida<\/a> perde validade.<\/span><\/p>\n<p><span style=\"font-size: 14pt;\">A nova reda\u00e7\u00e3o <a href=\"https:\/\/www1.folha.uol.com.br\/mercado\/2019\/07\/novo-texto-da-liberdade-economica-propoe-alterar-36-artigos-da-clt.shtml\">exclui a cria\u00e7\u00e3o do documento eletr\u00f4nico de transporte<\/a>, que cont\u00e9m todos os dados tribut\u00e1rios, log\u00edsticos, comerciais, financeiros e outros regulamentados pelos \u00f3rg\u00e3os de transporte nas esferas federal, estadual e municipal.<\/span><\/p>\n<p><span style=\"font-size: 14pt;\">O relator Jer\u00f4nimo Goergen retirou do projeto de lei de convers\u00e3o itens que corriam risco de inconstitucionalidade e pontos que poderiam gerar um debate paralelo.<\/span><\/p>\n<p><span style=\"font-size: 14pt;\">\u201cOutros pontos eu negociei com o governo, como as multas geradas em raz\u00e3o da tabela de frete e o documento \u00fanico de transporte, que \u00e9 oriundo do pr\u00f3prio Minist\u00e9rio dos Transportes, vir\u00e1 na pr\u00f3xima semana em um projeto de lei e eu serei o relator\u201d, afirmou Goergen.<\/span><\/p>\n<p><span style=\"font-size: 14pt;\">Outro trecho, que permitia que contratos de trabalhadores que recebessem mais de 30 sal\u00e1rios m\u00ednimos por m\u00eas fossem regidos pelo direito civil, e n\u00e3o pelo trabalhista, foi suprimido.<\/span><\/p>\n<p><span style=\"font-size: 14pt;\">Foram mantidos alguns pontos, como a obrigatoriedade de ponto dos funcion\u00e1rios para empresas com mais de 20 empregados \u2013atualmente, a regra vale para companhias com pelo menos dez trabalhadores. Ficou ainda o trecho que libera o ponto por exce\u00e7\u00e3o, em que o registro \u00e9 feito nos dias em que o hor\u00e1rio de trabalho foge ao habitual.<\/span><\/p>\n<p><span style=\"font-size: 14pt;\">\u201cA realidade nos mostra que o que vai acontecer \u00e9 a inexist\u00eancia de controle\u201d, afirmou Fleury.<\/span><\/p>\n<p><span style=\"font-size: 14pt;\">Pelo modelo, um funcion\u00e1rio de qualquer empresa poder\u00e1 fazer <a href=\"https:\/\/www1.folha.uol.com.br\/mercado\/2019\/07\/texto-da-mp-da-liberdade-economica-dispensa-trabalhador-de-bater-ponto.shtml\">acordo individual escrito com empregador para n\u00e3o bater <\/a><a href=\"https:\/\/www1.folha.uol.com.br\/mercado\/2019\/07\/texto-da-mp-da-liberdade-economica-dispensa-trabalhador-de-bater-ponto.shtml\">ponto<\/a>, conforme\u00a0conven\u00e7\u00e3o coletiva ou acordo coletivo. Sendo assim, ele poder\u00e1 chegar ao trabalho, cumprir todo o expediente e ir embora sem fazer nenhuma anota\u00e7\u00e3o.<\/span><\/p>\n<p><span style=\"font-size: 14pt;\">A MP revoga uma<a href=\"https:\/\/www1.folha.uol.com.br\/mercado\/2019\/07\/novo-texto-da-mp-da-liberdade-economica-autoriza-abertura-de-bancos-aos-sabados.shtml\"> lei que extinguia trabalho aos s\u00e1bados em bancos<\/a> \u2013ou seja, em tese as ag\u00eancias banc\u00e1rias poderiam abrir aos s\u00e1bados. A medida j\u00e1 enfrenta resist\u00eancia de sindicatos de banc\u00e1rios.<\/span><\/p>\n<p><span style=\"font-size: 14pt;\">O texto continua dispensando empreendimento de baixo risco de licen\u00e7as, autoriza\u00e7\u00f5es e alvar\u00e1s pr\u00e9vios.<\/span><\/p>\n<p><span style=\"font-size: 14pt;\">A defini\u00e7\u00e3o de baixo risco contempla, por exemplo, dep\u00f3sito e o armazenamento de produtos n\u00e3o explosivos. A MP permite que a atividade econ\u00f4mica seja desenvolvida em qualquer hor\u00e1rio ou dia da semana, incluindo feriados, desde que sejam observadas normas ambientais, trabalhistas e de vizinhan\u00e7a, por exemplo.<\/span><\/p>\n<p><span style=\"font-size: 14pt;\">O texto destrava tamb\u00e9m a burocracia para inova\u00e7\u00e3o. Empresas poder\u00e3o testar e oferecer, gratuitamente ou n\u00e3o, seus produtos e servi\u00e7os para um grupo restrito de pessoas.<\/span><\/p>\n<p><span style=\"font-size: 14pt;\">A MP foi envolta de controv\u00e9rsias. A tramita\u00e7\u00e3o ocorreu junto com a reforma da Previd\u00eancia, o que, segundo parlamentares, prejudicou a an\u00e1lise do texto. Al\u00e9m disso, o texto enviado pelo governo ao Congresso no final de abril tinha 19 artigos e avan\u00e7ava pouco sobre as quest\u00f5es trabalhistas. J\u00e1 o documento entregue pelo relator propunha altera\u00e7\u00f5es expressivas na legisla\u00e7\u00e3o trabalhista.<\/span><\/p>\n<h2><span style=\"font-size: 14pt;\">Foram exclu\u00eddos e devem voltar em um novo projeto de lei:<\/span><\/h2>\n<h3><span style=\"font-size: 14pt;\">1.\u00a0\u00a0\u00a0\u00a0\u00a0 Anistia a multas geradas em raz\u00e3o da tabela de frete<\/span><\/h3>\n<h3><span style=\"font-size: 14pt;\">2.\u00a0\u00a0\u00a0\u00a0\u00a0 Cria\u00e7\u00e3o do documento eletr\u00f4nico de transporte, que cont\u00e9m todos os dados tribut\u00e1rios, log\u00edsticos, comerciais, financeiros e outros regulamentados pelos \u00f3rg\u00e3os de transporte nas esferas federal, estadual e municipal<\/span><\/h3>\n<h3><em><span style=\"font-size: 14pt;\">Principais pontos da MP da Liberdade Econ\u00f4mica<\/span><\/em><\/h3>\n<p><span style=\"font-size: 14pt;\"><strong>Autoriza\u00e7\u00e3o\u00a0para trabalho\u00a0aos domingos\u00a0e feriados<\/strong><\/span><\/p>\n<ul>\n<li><span style=\"font-size: 14pt;\">Repouso semanal remunerado dever\u00e1 coincidir com domingo ao menos uma vez em quatro semanas<\/span><\/li>\n<li><span style=\"font-size: 14pt;\">Trabalho aos domingos e feriados ter\u00e1 remunera\u00e7\u00e3o em dobro, exceto se a empresa determinar outro dia de folga compensat\u00f3ria<\/span><\/li>\n<\/ul>\n<p><span style=\"font-size: 14pt;\"><strong>Abertura de ag\u00eancias banc\u00e1rias aos s\u00e1bado<\/strong>s<\/span><\/p>\n<ul>\n<li><span style=\"font-size: 14pt;\">Fica autorizado\u00a0o funcionamento<\/span><\/li>\n<\/ul>\n<p><span style=\"font-size: 14pt;\"><strong>eSocial<\/strong><\/span><\/p>\n<ul>\n<li><span style=\"font-size: 14pt;\">Ser\u00e1 substitu\u00eddo por sistema simplificado<\/span><\/li>\n<\/ul>\n<p><span style=\"font-size: 14pt;\"><strong>Alvar\u00e1s e licen\u00e7as<\/strong><\/span><\/p>\n<ul>\n<li><span style=\"font-size: 14pt;\">Isen\u00e7\u00e3o para neg\u00f3cios de baixo risco, como bares, borracharias, e startups<\/span><\/li>\n<\/ul>\n<p><span style=\"font-size: 14pt;\"><strong>Fundo soberano<\/strong><\/span><\/p>\n<ul>\n<li><span style=\"font-size: 14pt;\"><strong>Extingue a poupan\u00e7a<\/strong> p\u00fablica criada para amenizar efeitos de crise<\/span><\/li>\n<\/ul>\n<p><span style=\"font-size: 14pt;\"><strong>Testes<\/strong><\/span><\/p>\n<ul>\n<li><span style=\"font-size: 14pt;\">Empresas poder\u00e3o testar e oferecer, gratuitamente ou n\u00e3o, produtos e servi\u00e7os a um grupo restrito<\/span><\/li>\n<\/ul>\n<p><span style=\"font-size: 14pt;\"><strong>Patrim\u00f4nio de empresas<\/strong><\/span><\/p>\n<ul>\n<li><span style=\"font-size: 14pt;\">Somente o patrim\u00f4nio social da empresa responder\u00e1 por d\u00edvidas, sem confundir com o patrim\u00f4nio do titular, exceto em casos de fraude<\/span><\/li>\n<\/ul>\n<p><span style=\"font-size: 14pt;\"><strong>Carteira de trabalho<\/strong><\/span><\/p>\n<ul>\n<li><span style=\"font-size: 14pt;\">Documento ter\u00e1 como identifica\u00e7\u00e3o do empregado o n\u00famero do CPF<\/span><\/li>\n<\/ul>\n<p><span style=\"font-size: 14pt;\"><strong>Controle de ponto<\/strong><\/span><\/p>\n<ul>\n<li><span style=\"font-size: 14pt;\">Exig\u00eancia de <strong>anota\u00e7\u00e3o do ponto<\/strong> para empresas com mais de 20 funcion\u00e1rios\u00a0\u2014atualmente, o m\u00ednimo s\u00e3o dez<\/span><\/li>\n<li><span style=\"font-size: 14pt;\">Permite o <strong>ponto por exce\u00e7\u00e3o<\/strong>, em que o registro s\u00f3 \u00e9 feito quando o hor\u00e1rio de trabalho fugir do habitual<\/span><\/li>\n<\/ul>\n<p><span style=\"font-size: 14pt;\"><strong>Inspe\u00e7\u00e3o pr\u00e9via\u00a0de seguran\u00e7a<\/strong><\/span><\/p>\n<ul>\n<li><span style=\"font-size: 14pt;\">Revoga 25 dispositivos da CLT, entre eles um que exigia inspe\u00e7\u00e3o pr\u00e9via de seguran\u00e7a e medicina do trabalho para in\u00edcio de atividades e outro que vedava que <strong>professores dessem aulas e trabalhassem em exames aos domingos<\/strong><\/span><\/li>\n<\/ul>\n<p><span style=\"font-size: 14pt;\"><strong>O que foi retirado do texto<\/strong><\/span><\/p>\n<ul>\n<li><span style=\"font-size: 14pt;\">Permiss\u00e3o de que contrato de trabalhador que recebesse mais de 30 sal\u00e1rios m\u00ednimos por m\u00eas fossem regidos pelo direito civil, e n\u00e3o pelo trabalhista<\/span><\/li>\n<\/ul>\n<p style=\"text-align: right;\"><span style=\"color: #ff0000;\"><em>Fonte: Folha de S.Paulo<\/em><\/span><\/p>\n<p class=\"wpf_wrapper\"><a class=\"print_link\" href=\"\" target=\"_blank\">Preparar para impress\u00e3o<\/a><\/p><!-- .wpf_wrapper -->","protected":false},"excerpt":{"rendered":"<p>Depois de enxugar o texto e retirar pontos controversos que avan\u00e7avam sobre a legisla\u00e7\u00e3o trabalhista, a C\u00e2mara dos Deputados conseguiu&hellip; <\/p>\n","protected":false},"author":4,"featured_media":13199,"comment_status":"closed","ping_status":"closed","sticky":false,"template":"","format":"standard","meta":{"footnotes":""},"categories":[7],"tags":[],"class_list":["post-13198","post","type-post","status-publish","format-standard","has-post-thumbnail","hentry","category-noticias"],"jetpack_featured_media_url":"https:\/\/sindesvdf.com.br\/news\/wp-content\/uploads\/2019\/08\/texto-base.png","_links":{"self":[{"href":"https:\/\/sindesvdf.com.br\/news\/wp-json\/wp\/v2\/posts\/13198","targetHints":{"allow":["GET"]}}],"collection":[{"href":"https:\/\/sindesvdf.com.br\/news\/wp-json\/wp\/v2\/posts"}],"about":[{"href":"https:\/\/sindesvdf.com.br\/news\/wp-json\/wp\/v2\/types\/post"}],"author":[{"embeddable":true,"href":"https:\/\/sindesvdf.com.br\/news\/wp-json\/wp\/v2\/users\/4"}],"replies":[{"embeddable":true,"href":"https:\/\/sindesvdf.com.br\/news\/wp-json\/wp\/v2\/comments?post=13198"}],"version-history":[{"count":4,"href":"https:\/\/sindesvdf.com.br\/news\/wp-json\/wp\/v2\/posts\/13198\/revisions"}],"predecessor-version":[{"id":13203,"href":"https:\/\/sindesvdf.com.br\/news\/wp-json\/wp\/v2\/posts\/13198\/revisions\/13203"}],"wp:featuredmedia":[{"embeddable":true,"href":"https:\/\/sindesvdf.com.br\/news\/wp-json\/wp\/v2\/media\/13199"}],"wp:attachment":[{"href":"https:\/\/sindesvdf.com.br\/news\/wp-json\/wp\/v2\/media?parent=13198"}],"wp:term":[{"taxonomy":"category","embeddable":true,"href":"https:\/\/sindesvdf.com.br\/news\/wp-json\/wp\/v2\/categories?post=13198"},{"taxonomy":"post_tag","embeddable":true,"href":"https:\/\/sindesvdf.com.br\/news\/wp-json\/wp\/v2\/tags?post=13198"}],"curies":[{"name":"wp","href":"https:\/\/api.w.org\/{rel}","templated":true}]}}