{"id":13205,"date":"2019-08-14T10:11:28","date_gmt":"2019-08-14T13:11:28","guid":{"rendered":"http:\/\/sindesvdf.com.br\/news\/?p=13205"},"modified":"2019-08-21T15:00:21","modified_gmt":"2019-08-21T18:00:21","slug":"vigilantes-de-fazem-vigilantes-do-hrbz","status":"publish","type":"post","link":"https:\/\/sindesvdf.com.br\/news\/vigilantes-de-fazem-vigilantes-do-hrbz\/","title":{"rendered":"Vigilantes que Fazem: Vigilantes do HRBZ"},"content":{"rendered":"<figure id=\"attachment_13206\" aria-describedby=\"caption-attachment-13206\" style=\"width: 391px\" class=\"wp-caption alignleft\"><img loading=\"lazy\" decoding=\"async\" class=\"wp-image-13206\" src=\"http:\/\/sindesvdf.com.br\/news\/wp-content\/uploads\/2019\/08\/Vigilantes-que-faz_1-e1565788691756.jpeg\" alt=\"\" width=\"391\" height=\"220\" srcset=\"https:\/\/sindesvdf.com.br\/news\/wp-content\/uploads\/2019\/08\/Vigilantes-que-faz_1-e1565788691756.jpeg 640w, https:\/\/sindesvdf.com.br\/news\/wp-content\/uploads\/2019\/08\/Vigilantes-que-faz_1-e1565788691756-300x169.jpeg 300w\" sizes=\"auto, (max-width: 391px) 100vw, 391px\" \/><figcaption id=\"caption-attachment-13206\" class=\"wp-caption-text\"><span style=\"font-size: 10pt;\">(da esquerda para direita): Vigilantes: Marta, Risomar, Jovenil, Sara, Claudiane, Iza\u00edas, Jorge, Neide, Everton e Supervisor Caldeira<\/span><\/figcaption><\/figure>\n<p>&nbsp;<\/p>\n<p><span style=\"font-size: 14pt;\">Al\u00e9m do excelente servi\u00e7o prestado na atividade, com grande impacto na sociedade em defesa da vida e do patrim\u00f4nio, muitos vigilantes arrega\u00e7am as mangas para fazer um bem ainda maior. \u00c9 o caso de um grupo de vigilantes <em>(na foto \u00e0 esquerda)<\/em> que prestam servi\u00e7o no Hospital Regional de Brazl\u00e2ndia (HRBZ). <\/span><\/p>\n<figure id=\"attachment_13207\" aria-describedby=\"caption-attachment-13207\" style=\"width: 391px\" class=\"wp-caption alignleft\"><img loading=\"lazy\" decoding=\"async\" class=\"wp-image-13207\" style=\"font-size: 9px;\" src=\"http:\/\/sindesvdf.com.br\/news\/wp-content\/uploads\/2019\/08\/Vigilantes-que-faz_2-e1565790426495.jpeg\" alt=\"\" width=\"391\" height=\"242\" srcset=\"https:\/\/sindesvdf.com.br\/news\/wp-content\/uploads\/2019\/08\/Vigilantes-que-faz_2-e1565790426495.jpeg 613w, https:\/\/sindesvdf.com.br\/news\/wp-content\/uploads\/2019\/08\/Vigilantes-que-faz_2-e1565790426495-300x186.jpeg 300w\" sizes=\"auto, (max-width: 391px) 100vw, 391px\" \/><figcaption id=\"caption-attachment-13207\" class=\"wp-caption-text\"><span style=\"font-size: 9pt;\">Vigilante Sara, Gestor do Contrato H\u00e9lio Amauruzam e Supervisor Caldeira<\/span><\/figcaption><\/figure>\n<p><span style=\"font-size: 14pt;\">Comovidos com a situa\u00e7\u00e3o de alguns pacientes que chegam ao HRBZ com problemas de sa\u00fade e tamb\u00e9m em situa\u00e7\u00e3o de muita fome, eles se uniram e todos os meses compram cestas b\u00e1sicas para doar e dar um pouco de esperan\u00e7a a essas pessoas.<\/span><\/p>\n<p><span style=\"font-size: 14pt;\">O Sindicato parabeniza os vigilantes e as vigilantes pelo amor ao pr\u00f3ximo, pela solidariedade e pelos relevantes servi\u00e7os prestados em sua atividade. \u00a0\u00a0\u00a0<\/span><\/p>\n<p class=\"wpf_wrapper\"><a class=\"print_link\" href=\"\" target=\"_blank\">Preparar para impress\u00e3o<\/a><\/p><!-- .wpf_wrapper -->","protected":false},"excerpt":{"rendered":"<p>&nbsp; Al\u00e9m do excelente servi\u00e7o prestado na atividade, com grande impacto na sociedade em defesa da vida e do patrim\u00f4nio,&hellip; <\/p>\n","protected":false},"author":4,"featured_media":13206,"comment_status":"closed","ping_status":"closed","sticky":false,"template":"","format":"standard","meta":{"footnotes":""},"categories":[121],"tags":[],"class_list":["post-13205","post","type-post","status-publish","format-standard","has-post-thumbnail","hentry","category-vigilante-que-faz"],"jetpack_featured_media_url":"https:\/\/sindesvdf.com.br\/news\/wp-content\/uploads\/2019\/08\/Vigilantes-que-faz_1-e1565788691756.jpeg","_links":{"self":[{"href":"https:\/\/sindesvdf.com.br\/news\/wp-json\/wp\/v2\/posts\/13205","targetHints":{"allow":["GET"]}}],"collection":[{"href":"https:\/\/sindesvdf.com.br\/news\/wp-json\/wp\/v2\/posts"}],"about":[{"href":"https:\/\/sindesvdf.com.br\/news\/wp-json\/wp\/v2\/types\/post"}],"author":[{"embeddable":true,"href":"https:\/\/sindesvdf.com.br\/news\/wp-json\/wp\/v2\/users\/4"}],"replies":[{"embeddable":true,"href":"https:\/\/sindesvdf.com.br\/news\/wp-json\/wp\/v2\/comments?post=13205"}],"version-history":[{"count":16,"href":"https:\/\/sindesvdf.com.br\/news\/wp-json\/wp\/v2\/posts\/13205\/revisions"}],"predecessor-version":[{"id":13222,"href":"https:\/\/sindesvdf.com.br\/news\/wp-json\/wp\/v2\/posts\/13205\/revisions\/13222"}],"wp:featuredmedia":[{"embeddable":true,"href":"https:\/\/sindesvdf.com.br\/news\/wp-json\/wp\/v2\/media\/13206"}],"wp:attachment":[{"href":"https:\/\/sindesvdf.com.br\/news\/wp-json\/wp\/v2\/media?parent=13205"}],"wp:term":[{"taxonomy":"category","embeddable":true,"href":"https:\/\/sindesvdf.com.br\/news\/wp-json\/wp\/v2\/categories?post=13205"},{"taxonomy":"post_tag","embeddable":true,"href":"https:\/\/sindesvdf.com.br\/news\/wp-json\/wp\/v2\/tags?post=13205"}],"curies":[{"name":"wp","href":"https:\/\/api.w.org\/{rel}","templated":true}]}}