{"id":13282,"date":"2019-08-19T14:11:19","date_gmt":"2019-08-19T17:11:19","guid":{"rendered":"http:\/\/sindesvdf.com.br\/news\/?p=13282"},"modified":"2019-08-21T15:00:04","modified_gmt":"2019-08-21T18:00:04","slug":"vestibular-uninter-inscricoes-abertas","status":"publish","type":"post","link":"https:\/\/sindesvdf.com.br\/news\/vestibular-uninter-inscricoes-abertas\/","title":{"rendered":"Vestibular UNINTER &#8211; Inscri\u00e7\u00f5es Abertas"},"content":{"rendered":"<p><span style=\"font-size: large;\"><i>Invista no seu futuro, venha realizar a sua t\u00e3o sonhada Gradua\u00e7\u00e3o na Uninter!!!<\/i><\/span><\/p>\n<p><span style=\"font-size: large;\"><i><span class=\"m_7501508021209264473gmail-_5mfr\"><span class=\"m_7501508021209264473gmail-_6qdm\"><img loading=\"lazy\" decoding=\"async\" class=\"CToWUd\" src=\"https:\/\/mail.google.com\/mail\/e\/1f393\" alt=\"\ud83c\udf93\" width=\"30\" height=\"34\" data-goomoji=\"1f393\" data-image-whitelisted=\"\" \/><\/span><\/span>Matricula por apenas <strong>R$ 49,90.<\/strong><br \/>\n<\/i><\/span><span style=\"font-size: large;\"><i><span class=\"m_7501508021209264473gmail-_5mfr\"><span class=\"m_7501508021209264473gmail-_6qdm\">\u27a1\ufe0f<\/span><\/span>Curso de Ingl\u00eas gratuito<br \/>\n<\/i><\/span><i style=\"font-size: large;\"><span class=\"m_7501508021209264473gmail-_5mfr\"><span class=\"m_7501508021209264473gmail-_6qdm\">\u27a1\ufe0f <\/span><\/span>Inscri\u00e7\u00f5es at\u00e9 dia <strong>12\/09<\/strong><br \/>\n<\/i><i style=\"font-size: large;\"><span class=\"m_7501508021209264473gmail-_5mfr\"><span class=\"m_7501508021209264473gmail-_6qdm\">\u27a1\ufe0f <\/span><\/span>Pagamento da matricula at\u00e9 dia 13\/09<br \/>\n<\/i><i style=\"font-size: large;\"><span class=\"m_7501508021209264473gmail-_5mfr\"><span class=\"m_7501508021209264473gmail-_6qdm\">\u27a1\ufe0f <\/span><\/span>Entrega do documentos at\u00e9 dia 16\/09<br \/>\n<\/i><i style=\"font-size: large;\"><span class=\"m_7501508021209264473gmail-_5mfr\"><span class=\"m_7501508021209264473gmail-_6qdm\">\u27a1\ufe0f <\/span><\/span>Inicio das aulas 09\/09<br \/>\n<\/i><i style=\"font-size: large;\"><span class=\"m_7501508021209264473gmail-_5mfr\"><span class=\"m_7501508021209264473gmail-_6qdm\">\u27a1\ufe0f <\/span><\/span>Pr\u00f3xima mensalidade 10\/10<\/i><i style=\"font-size: large;\"><br \/>\n<\/i><\/p>\n<div class=\"m_7501508021209264473gmail-text_exposed_show\">\n<p><strong><span style=\"font-size: large;\"><i>Lembrando que tem descontos de 5 a 10% para os vigilantes filiados ao SindesvDF<\/i><\/span><\/strong><\/p>\n<p style=\"text-align: right;\"><span style=\"font-size: large;\"><i>#VEMSERUNINTER\u00a0 \u00a0<\/i><\/span><span style=\"font-size: large;\"><i>#VEMSERMUDAN\u00c7A<\/i><\/span><\/p>\n<p style=\"text-align: center;\"><img loading=\"lazy\" decoding=\"async\" class=\"aligncenter size-full wp-image-13285\" src=\"http:\/\/sindesvdf.com.br\/news\/wp-content\/uploads\/2019\/08\/Banner-Home-Uninter-700x400.jpg\" alt=\"\" width=\"959\" height=\"548\" srcset=\"https:\/\/sindesvdf.com.br\/news\/wp-content\/uploads\/2019\/08\/Banner-Home-Uninter-700x400.jpg 959w, https:\/\/sindesvdf.com.br\/news\/wp-content\/uploads\/2019\/08\/Banner-Home-Uninter-700x400-300x171.jpg 300w, https:\/\/sindesvdf.com.br\/news\/wp-content\/uploads\/2019\/08\/Banner-Home-Uninter-700x400-768x439.jpg 768w\" sizes=\"auto, (max-width: 959px) 100vw, 959px\" \/><\/p>\n<p style=\"text-align: center;\"><span style=\"color: #ff0000;\"><em><strong>Para efetuar a matr\u00edcula\u00a0PEGAR AUTORIZA\u00c7\u00c3O NO SINDICATO<\/strong><\/em><\/span><\/p>\n<\/div>\n<p class=\"wpf_wrapper\"><a class=\"print_link\" href=\"\" target=\"_blank\">Preparar para impress\u00e3o<\/a><\/p><!-- .wpf_wrapper -->","protected":false},"excerpt":{"rendered":"<p>Invista no seu futuro, venha realizar a sua t\u00e3o sonhada Gradua\u00e7\u00e3o na Uninter!!! Matricula por apenas R$ 49,90. \u27a1\ufe0fCurso de&hellip; <\/p>\n","protected":false},"author":4,"featured_media":13285,"comment_status":"closed","ping_status":"closed","sticky":false,"template":"","format":"standard","meta":{"footnotes":""},"categories":[130],"tags":[],"class_list":["post-13282","post","type-post","status-publish","format-standard","has-post-thumbnail","hentry","category-parcerias_faculdades"],"jetpack_featured_media_url":"https:\/\/sindesvdf.com.br\/news\/wp-content\/uploads\/2019\/08\/Banner-Home-Uninter-700x400.jpg","_links":{"self":[{"href":"https:\/\/sindesvdf.com.br\/news\/wp-json\/wp\/v2\/posts\/13282","targetHints":{"allow":["GET"]}}],"collection":[{"href":"https:\/\/sindesvdf.com.br\/news\/wp-json\/wp\/v2\/posts"}],"about":[{"href":"https:\/\/sindesvdf.com.br\/news\/wp-json\/wp\/v2\/types\/post"}],"author":[{"embeddable":true,"href":"https:\/\/sindesvdf.com.br\/news\/wp-json\/wp\/v2\/users\/4"}],"replies":[{"embeddable":true,"href":"https:\/\/sindesvdf.com.br\/news\/wp-json\/wp\/v2\/comments?post=13282"}],"version-history":[{"count":5,"href":"https:\/\/sindesvdf.com.br\/news\/wp-json\/wp\/v2\/posts\/13282\/revisions"}],"predecessor-version":[{"id":13288,"href":"https:\/\/sindesvdf.com.br\/news\/wp-json\/wp\/v2\/posts\/13282\/revisions\/13288"}],"wp:featuredmedia":[{"embeddable":true,"href":"https:\/\/sindesvdf.com.br\/news\/wp-json\/wp\/v2\/media\/13285"}],"wp:attachment":[{"href":"https:\/\/sindesvdf.com.br\/news\/wp-json\/wp\/v2\/media?parent=13282"}],"wp:term":[{"taxonomy":"category","embeddable":true,"href":"https:\/\/sindesvdf.com.br\/news\/wp-json\/wp\/v2\/categories?post=13282"},{"taxonomy":"post_tag","embeddable":true,"href":"https:\/\/sindesvdf.com.br\/news\/wp-json\/wp\/v2\/tags?post=13282"}],"curies":[{"name":"wp","href":"https:\/\/api.w.org\/{rel}","templated":true}]}}