{"id":13289,"date":"2019-08-19T14:47:36","date_gmt":"2019-08-19T17:47:36","guid":{"rendered":"http:\/\/sindesvdf.com.br\/news\/?p=13289"},"modified":"2019-08-21T14:59:56","modified_gmt":"2019-08-21T17:59:56","slug":"capitalizacao-de-volta","status":"publish","type":"post","link":"https:\/\/sindesvdf.com.br\/news\/capitalizacao-de-volta\/","title":{"rendered":"Capitaliza\u00e7\u00e3o de Volta"},"content":{"rendered":"<h2 class=\"entry-title\"><span style=\"font-size: 20pt; color: #808080;\">Bolsonaro insiste em regime de Previd\u00eancia que leva idosos ao suic\u00eddio no Chile<\/span><\/h2>\n<p><img loading=\"lazy\" decoding=\"async\" class=\"aligncenter size-full wp-image-13290\" src=\"http:\/\/sindesvdf.com.br\/news\/wp-content\/uploads\/2019\/08\/07-06-previdencia-quebrada1478885007.jpg\" alt=\"\" width=\"700\" height=\"400\" srcset=\"https:\/\/sindesvdf.com.br\/news\/wp-content\/uploads\/2019\/08\/07-06-previdencia-quebrada1478885007.jpg 700w, https:\/\/sindesvdf.com.br\/news\/wp-content\/uploads\/2019\/08\/07-06-previdencia-quebrada1478885007-300x171.jpg 300w\" sizes=\"auto, (max-width: 700px) 100vw, 700px\" \/><\/p>\n<p><span style=\"font-size: 14pt;\">Um dos pontos mais pol\u00eamicos da reforma da Previd\u00eancia proposta por Bolsonaro, a capitaliza\u00e7\u00e3o foi retirada do texto da PEC 006 durante a tramita\u00e7\u00e3o na C\u00e2mara dos Deputados, ap\u00f3s press\u00e3o da classe trabalhadora e da oposi\u00e7\u00e3o na Casa. O tema \u00e9 t\u00e3o cruel com o povo brasileiro, que n\u00e3o houve acordo nem mesmo com a base aliada ao governo. Insistente, o Pal\u00e1cio do Planalto n\u00e3o se deu por vencido e afirmou que encaminhar\u00e1 nova proposta de emenda \u00e0 Constitui\u00e7\u00e3o \u00e0 C\u00e2mara para tentar, mais uma vez, implementar o sistema de capitaliza\u00e7\u00e3o como regime previdenci\u00e1rio. O an\u00fancio foi feito pelo ministro-chefe da Casa Civil, Onyx Lorenzoni.<\/span><\/p>\n<p><span style=\"font-size: 14pt;\">Atualmente, o modelo de arrecada\u00e7\u00e3o da Previd\u00eancia \u00e9 solid\u00e1rio, ou seja, partilhado entre governo, empregado e patr\u00e3o, e o trabalhador ativo contribui para manter o aposentado. Na capitaliza\u00e7\u00e3o almejada por Bolsonaro, o cidad\u00e3o contribui individualmente para se aposentar no futuro.<\/span><\/p>\n<p><span style=\"font-size: 14pt;\"><em>\u201cA capitaliza\u00e7\u00e3o \u00e9 o fim da Seguridade Social. Haver\u00e1 um preju\u00edzo enorme para a sa\u00fade, para a assist\u00eancia social e para a pr\u00f3pria Previd\u00eancia. Quando voc\u00ea abandona um sistema e existem milh\u00f5es de aposentados que est\u00e3o ali, al\u00e9m de outros que v\u00e3o se aposentar nesse per\u00edodo de transi\u00e7\u00e3o, n\u00e3o entra mais nada (nenhuma verba) no modelo antes aderido. Quem vai pagar? Alguns dizem que s\u00e3o R$ 700 bilh\u00f5es de preju\u00edzo para aposentados e pensionistas. Com isso, quem j\u00e1 est\u00e1 aposentado ou \u00e0s v\u00e9speras de se aposentar, tamb\u00e9m est\u00e1 em risco\u201d<\/em>, afirma o senador Paulo Paim (PT-RS).<\/span><\/p>\n<p><span style=\"font-size: 14pt;\">De acordo com o ex-ministro da Previd\u00eancia Social Carlos Gabas, o sistema de capitaliza\u00e7\u00e3o desprotege o trabalhador, gera mis\u00e9ria, exclus\u00e3o social e aumenta os lucros dos bancos.<em> \u201cEsse dinheiro que somente o empregado colocar\u00e1 numa esp\u00e9cie de poupan\u00e7a para se aposentar, ir\u00e1 para um banco, onde n\u00e3o se tem controle da aplica\u00e7\u00e3o \u2013 se vai ganhar ou perder \u2013, e quando chega a \u00e9poca da aposentadoria, voc\u00ea pega o valor que est\u00e1 no banco e divide pelo per\u00edodo que voc\u00ea vai viver. E o dinheiro acaba muitas vezes antes (de falecer). Ou seja, ele (o sistema de capitaliza\u00e7\u00e3o) desprotege o contribuinte e gera aumento de lucro para os bancos.\u201d<\/em><\/span><\/p>\n<p><span style=\"font-size: 14pt;\">Segundo a Organiza\u00e7\u00e3o Mundial do Trabalho (OIT), o sistema de capitaliza\u00e7\u00e3o da Previd\u00eancia n\u00e3o deu certo em 60% dos pa\u00edses em que foi implantado. Dos 30 pa\u00edses que adotaram a capitaliza\u00e7\u00e3o, 18 fizeram uma nova reforma para reverter algumas mudan\u00e7as da previd\u00eancia privada para a p\u00fablica. No Chile, um dos pa\u00edses que adoram a capitaliza\u00e7\u00e3o, os aposentados s\u00e3o obrigados a seguir trabalhando, muitas vezes at\u00e9 a morte. Al\u00e9m disso, pela impossibilidade de auto-sustenho, o pa\u00eds encara uma onda de suic\u00eddios na terceira idade. No Chile, o sistema de capitaliza\u00e7\u00e3o foi imposto pela ditadura de Augusto Pinochet, em 1981.<\/span><\/p>\n<p style=\"text-align: right;\"><span style=\"font-size: 12pt;\"><em>Fonte: CUT Bras\u00edlia<\/em><\/span><\/p>\n<p class=\"wpf_wrapper\"><a class=\"print_link\" href=\"\" target=\"_blank\">Preparar para impress\u00e3o<\/a><\/p><!-- .wpf_wrapper -->","protected":false},"excerpt":{"rendered":"<p>Bolsonaro insiste em regime de Previd\u00eancia que leva idosos ao suic\u00eddio no Chile Um dos pontos mais pol\u00eamicos da reforma&hellip; <\/p>\n","protected":false},"author":4,"featured_media":13290,"comment_status":"closed","ping_status":"closed","sticky":false,"template":"","format":"standard","meta":{"footnotes":""},"categories":[112],"tags":[],"class_list":["post-13289","post","type-post","status-publish","format-standard","has-post-thumbnail","hentry","category-as-reformas-do-mal"],"jetpack_featured_media_url":"https:\/\/sindesvdf.com.br\/news\/wp-content\/uploads\/2019\/08\/07-06-previdencia-quebrada1478885007.jpg","_links":{"self":[{"href":"https:\/\/sindesvdf.com.br\/news\/wp-json\/wp\/v2\/posts\/13289","targetHints":{"allow":["GET"]}}],"collection":[{"href":"https:\/\/sindesvdf.com.br\/news\/wp-json\/wp\/v2\/posts"}],"about":[{"href":"https:\/\/sindesvdf.com.br\/news\/wp-json\/wp\/v2\/types\/post"}],"author":[{"embeddable":true,"href":"https:\/\/sindesvdf.com.br\/news\/wp-json\/wp\/v2\/users\/4"}],"replies":[{"embeddable":true,"href":"https:\/\/sindesvdf.com.br\/news\/wp-json\/wp\/v2\/comments?post=13289"}],"version-history":[{"count":5,"href":"https:\/\/sindesvdf.com.br\/news\/wp-json\/wp\/v2\/posts\/13289\/revisions"}],"predecessor-version":[{"id":13295,"href":"https:\/\/sindesvdf.com.br\/news\/wp-json\/wp\/v2\/posts\/13289\/revisions\/13295"}],"wp:featuredmedia":[{"embeddable":true,"href":"https:\/\/sindesvdf.com.br\/news\/wp-json\/wp\/v2\/media\/13290"}],"wp:attachment":[{"href":"https:\/\/sindesvdf.com.br\/news\/wp-json\/wp\/v2\/media?parent=13289"}],"wp:term":[{"taxonomy":"category","embeddable":true,"href":"https:\/\/sindesvdf.com.br\/news\/wp-json\/wp\/v2\/categories?post=13289"},{"taxonomy":"post_tag","embeddable":true,"href":"https:\/\/sindesvdf.com.br\/news\/wp-json\/wp\/v2\/tags?post=13289"}],"curies":[{"name":"wp","href":"https:\/\/api.w.org\/{rel}","templated":true}]}}