{"id":13328,"date":"2019-08-20T15:33:36","date_gmt":"2019-08-20T18:33:36","guid":{"rendered":"http:\/\/sindesvdf.com.br\/news\/?p=13328"},"modified":"2019-08-21T14:59:28","modified_gmt":"2019-08-21T17:59:28","slug":"infectologista-ressalta-eficacia-da-vacinacao-contra-sarampo-nada-salva-mais-vidas","status":"publish","type":"post","link":"https:\/\/sindesvdf.com.br\/news\/infectologista-ressalta-eficacia-da-vacinacao-contra-sarampo-nada-salva-mais-vidas\/","title":{"rendered":"Infectologista ressalta efic\u00e1cia da vacina\u00e7\u00e3o contra sarampo: &#8220;Nada salva mais vidas&#8221;"},"content":{"rendered":"<p style=\"text-align: center;\"><span style=\"font-size: 16pt; color: #808080;\"><em><strong>Incid\u00eancia da doen\u00e7a triplicou em rela\u00e7\u00e3o ao mesmo per\u00edodo no ano anterior<\/strong><\/em><\/span><\/p>\n<figure id=\"attachment_13329\" aria-describedby=\"caption-attachment-13329\" style=\"width: 700px\" class=\"wp-caption aligncenter\"><img loading=\"lazy\" decoding=\"async\" class=\"wp-image-13329 size-full\" src=\"http:\/\/sindesvdf.com.br\/news\/wp-content\/uploads\/2019\/08\/Vacina-Sarampo-01-e1566324769863.jpg\" alt=\"\" width=\"700\" height=\"400\" \/><figcaption id=\"caption-attachment-13329\" class=\"wp-caption-text\"><span style=\"font-size: 8pt;\">Segundo monitoramento publicado no dia 6 de agosto, j\u00e1 foram notificados 4.226 casos de sarampo no Brasil | Imagem: Freepik<\/span><\/figcaption><\/figure>\n<p><span style=\"font-size: 14pt;\">Um relat\u00f3rio divulgado pela Organiza\u00e7\u00e3o Mundial da Sa\u00fade (OMS) apontou que o n\u00famero de casos de sarampo registrados no primeiro semestre deste ano \u00e9 o maior desde 2006. O surto de sarampo tem n\u00edvel global, e a incid\u00eancia da doen\u00e7a triplicou em rela\u00e7\u00e3o ao mesmo per\u00edodo no ano anterior, alcan\u00e7ando 364.808 casos registrados em 182 pa\u00edses. <\/span><\/p>\n<p><span style=\"font-size: 14pt;\">O relat\u00f3rio ressalta a import\u00e2ncia da vacina para que a doen\u00e7a n\u00e3o se espalhe. Em entrevista ao\u00a0<strong>Rep\u00f3rter SUS<\/strong>, programa produzido em parceria com a Escola Polit\u00e9cnica de Sa\u00fade Joaquim Ven\u00e2ncio, da Funda\u00e7\u00e3o Oswaldo Cruz, o infectologista pedi\u00e1trico do Instituto Fernandes Figueira (IFF), Marcio Nehab, alerta sobre a import\u00e2ncia da vacina\u00e7\u00e3o.\u00a0<\/span><\/p>\n<p><span style=\"font-size: 14pt;\">Ele destaca que um dos motivos da falta de interesse pela vacina\u00e7\u00e3o \u00e9 a preocupa\u00e7\u00e3o com a rea\u00e7\u00e3o anafil\u00e1tica.\u00a0<\/span><\/p>\n<p><span style=\"font-size: 14pt;\"><em>\u201cVoc\u00ea tem a popula\u00e7\u00e3o brasileira de 208 milh\u00f5es de pessoas. Se a rea\u00e7\u00e3o anafil\u00e1tica \u00e9 uma em um milh\u00e3o e voc\u00ea n\u00e3o v\u00ea nenhum caso de sarampo, voc\u00ea passa a achar que aquela rea\u00e7\u00e3o vacinal \u00e9 mais comum que a doen\u00e7a\u201d<\/em>, explica.<\/span><\/p>\n<p><span style=\"font-size: 14pt;\">O hor\u00e1rio de funcionamento dos postos de sa\u00fade convergente com o hor\u00e1rio de trabalho e a viol\u00eancia urbana s\u00e3o alguns dos fatores diminuem a cobertura vacinal, segundo Nehab.<\/span><\/p>\n<p><span style=\"font-size: 14pt;\"><em>&#8220;Nada salva mais vidas, nada diminui mais a mortalidade da popula\u00e7\u00e3o geral do que as vacina\u00e7\u00f5es. A \u00fanica coisa que \u00e9 mais eficaz em termos de sa\u00fade p\u00fablica \u00e9 a \u00e1gua pot\u00e1vel. Logo depois vem as vacinas&#8221;<\/em>, analisa.<\/span><\/p>\n<p><span style=\"font-size: 14pt;\">No Brasil, j\u00e1 foram notificados aproximadamente 4.226 casos, de acordo com o Monitoramento da Situa\u00e7\u00e3o Epidemiol\u00f3gica do Minist\u00e9rio da Sa\u00fade publicado no dia 6 de agosto.<\/span><\/p>\n<p style=\"text-align: right;\"><em>Fonte: Brasil de Fato<\/em><\/p>\n<p class=\"wpf_wrapper\"><a class=\"print_link\" href=\"\" target=\"_blank\">Preparar para impress\u00e3o<\/a><\/p><!-- .wpf_wrapper -->","protected":false},"excerpt":{"rendered":"<p>Incid\u00eancia da doen\u00e7a triplicou em rela\u00e7\u00e3o ao mesmo per\u00edodo no ano anterior Um relat\u00f3rio divulgado pela Organiza\u00e7\u00e3o Mundial da Sa\u00fade&hellip; <\/p>\n","protected":false},"author":4,"featured_media":13329,"comment_status":"closed","ping_status":"closed","sticky":false,"template":"","format":"standard","meta":{"footnotes":""},"categories":[147],"tags":[],"class_list":["post-13328","post","type-post","status-publish","format-standard","has-post-thumbnail","hentry","category-saude"],"jetpack_featured_media_url":"https:\/\/sindesvdf.com.br\/news\/wp-content\/uploads\/2019\/08\/Vacina-Sarampo-01-e1566324769863.jpg","_links":{"self":[{"href":"https:\/\/sindesvdf.com.br\/news\/wp-json\/wp\/v2\/posts\/13328","targetHints":{"allow":["GET"]}}],"collection":[{"href":"https:\/\/sindesvdf.com.br\/news\/wp-json\/wp\/v2\/posts"}],"about":[{"href":"https:\/\/sindesvdf.com.br\/news\/wp-json\/wp\/v2\/types\/post"}],"author":[{"embeddable":true,"href":"https:\/\/sindesvdf.com.br\/news\/wp-json\/wp\/v2\/users\/4"}],"replies":[{"embeddable":true,"href":"https:\/\/sindesvdf.com.br\/news\/wp-json\/wp\/v2\/comments?post=13328"}],"version-history":[{"count":8,"href":"https:\/\/sindesvdf.com.br\/news\/wp-json\/wp\/v2\/posts\/13328\/revisions"}],"predecessor-version":[{"id":13337,"href":"https:\/\/sindesvdf.com.br\/news\/wp-json\/wp\/v2\/posts\/13328\/revisions\/13337"}],"wp:featuredmedia":[{"embeddable":true,"href":"https:\/\/sindesvdf.com.br\/news\/wp-json\/wp\/v2\/media\/13329"}],"wp:attachment":[{"href":"https:\/\/sindesvdf.com.br\/news\/wp-json\/wp\/v2\/media?parent=13328"}],"wp:term":[{"taxonomy":"category","embeddable":true,"href":"https:\/\/sindesvdf.com.br\/news\/wp-json\/wp\/v2\/categories?post=13328"},{"taxonomy":"post_tag","embeddable":true,"href":"https:\/\/sindesvdf.com.br\/news\/wp-json\/wp\/v2\/tags?post=13328"}],"curies":[{"name":"wp","href":"https:\/\/api.w.org\/{rel}","templated":true}]}}