{"id":13470,"date":"2019-09-04T16:04:08","date_gmt":"2019-09-04T19:04:08","guid":{"rendered":"http:\/\/sindesvdf.com.br\/news\/?p=13470"},"modified":"2019-09-18T16:29:04","modified_gmt":"2019-09-18T19:29:04","slug":"em-brasilia-cut-centrais-e-movimentos-sociais-lutam-para-barrar-reforma","status":"publish","type":"post","link":"https:\/\/sindesvdf.com.br\/news\/em-brasilia-cut-centrais-e-movimentos-sociais-lutam-para-barrar-reforma\/","title":{"rendered":"Em Bras\u00edlia, CUT, centrais e movimentos sociais lutam para barrar reforma"},"content":{"rendered":"<p style=\"text-align: center;\"><em><span style=\"font-size: 16pt;\">Nos dias 7 e 20 de setembro ser\u00e3o realizados atos nacionais e internacionais para denunciar os ataques aos direitos dos trabalhadores e a destrui\u00e7\u00e3o do pa\u00eds patrocinados pelo governo Bolsonaro.<\/span><\/em><\/p>\n<figure id=\"attachment_13471\" aria-describedby=\"caption-attachment-13471\" style=\"width: 700px\" class=\"wp-caption aligncenter\"><img loading=\"lazy\" decoding=\"async\" class=\"wp-image-13471\" src=\"http:\/\/sindesvdf.com.br\/news\/wp-content\/uploads\/2019\/09\/Chico-no-Senado-1024x576.jpeg\" alt=\"\" width=\"700\" height=\"394\" srcset=\"https:\/\/sindesvdf.com.br\/news\/wp-content\/uploads\/2019\/09\/Chico-no-Senado-1024x576.jpeg 1024w, https:\/\/sindesvdf.com.br\/news\/wp-content\/uploads\/2019\/09\/Chico-no-Senado-300x169.jpeg 300w, https:\/\/sindesvdf.com.br\/news\/wp-content\/uploads\/2019\/09\/Chico-no-Senado-768x432.jpeg 768w, https:\/\/sindesvdf.com.br\/news\/wp-content\/uploads\/2019\/09\/Chico-no-Senado.jpeg 1160w\" sizes=\"auto, (max-width: 700px) 100vw, 700px\" \/><figcaption id=\"caption-attachment-13471\" class=\"wp-caption-text\">Chico Vigilante esteve presente na audi\u00eancia p\u00fablica sobre &#8220;Previd\u00eancia e Trabalho&#8221; na CDH<\/figcaption><\/figure>\n<p><span style=\"font-size: 14pt;\">Representantes da CUT e demais centrais junto com movimentos sociais que formam as frentes Brasil Popular e Povo Sem Medo est\u00e3o em Bras\u00edlia esta semana para fazer o enfrentamento contra a reforma da Previd\u00eancia, que dificulta o acesso \u00e0 aposentadoria e reduz o valor do benef\u00edcio, entre outras perversidades contra a classe trabalhadora.<\/span><\/p>\n<p><span style=\"font-size: 14pt;\">As lideran\u00e7as da CUT, CTB, For\u00e7a Sindical, UGT, CSB, CSP Conlutas, Intersindical e Nova Central Sindical e CGTB est\u00e3o conversando com os senadores e pressionando-os para votar em defesa da classe trabalhadora.<\/span><\/p>\n<p><span style=\"font-size: 14pt;\">A atividade faz parte da\u00a0<strong>agenda de mobiliza\u00e7\u00f5es contra a reforma\u00a0<\/strong>aprovada na C\u00e2mara dos Deputados em julho e em tramita\u00e7\u00e3o no Senado. As centrais tamb\u00e9m v\u00e3o denunciar os ataques contra os direitos de trabalhadores e trabalhadoras na mobiliza\u00e7\u00e3o do Grito dos Exclu\u00eddos, no dia\u00a0<strong><a href=\"https:\/\/www.cut.org.br\/noticias\/cut-e-centrais-aderem-ao-grito-dos-excluidos-no-dia-7-de-setembro-5a07\">7 de setembro<\/a>.<\/strong><\/span><\/p>\n<p><span style=\"font-size: 14pt;\">E no<strong>\u00a0dia 20, ser\u00e1 realizado o um dia nacional de manifesta\u00e7\u00f5es em defesa da previd\u00eancia p\u00fablica, da educa\u00e7\u00e3o, do meio ambiente e da soberania nacional<\/strong>. O objetivo \u00e9 convergir com o dia internacional de lutas ambientais, em defesa da Amaz\u00f4nia e do clima e ampliar as bandeiras como as lutas por direitos, em defesa da previd\u00eancia, da educa\u00e7\u00e3o, da soberania e contra as privatiza\u00e7\u00f5es.<\/span><\/p>\n<p><span style=\"font-size: 18pt;\"><strong>Ainda d\u00e1 tempo de virar<\/strong><\/span><\/p>\n<p><span style=\"font-size: 14pt;\">O relator da reforma da Previd\u00eancia no Senado, Tasso Jereissati (PSDB-CE), apresenta nesta quarta-feira (4) a complementa\u00e7\u00e3o do parecer lido na semana passada na Comiss\u00e3o de Constitui\u00e7\u00e3o e Justi\u00e7a (CCJ) da Casa. A ideia do governo de Jair Bolsonaro (PSL) \u00e9 de que a vota\u00e7\u00e3o em segundo turno da Proposta de Emenda \u00e0 Constitui\u00e7\u00e3o (PEC n\u00ba 006\/2019) da \u201creforma\u201d da Previd\u00eancia aconte\u00e7a at\u00e9 10 de outubro, mas a classe trabalhadora continuar\u00e1 lutando.<\/span><\/p>\n<p><span style=\"font-size: 14pt;\">\u00c9 nisso que acredita firmemente o presidente da CUT, Vagner Freitas, que est\u00e1 participando nesta ter\u00e7a-feira (03) da Audi\u00eancia P\u00fablica sobre <strong>\u201cPrevid\u00eancia e Trabalho\u201d<\/strong> na Comiss\u00e3o de Direitos Humanos (CDH) no Senado. De acordo com ele o Senado n\u00e3o pode se limitar ao papel de homologador do que os deputados decidem. <em>\u201cCabe ao Senado Federal aprofundar e refazer o debate que vem da C\u00e2mara porque, segundo a Constitui\u00e7\u00e3o, esta Casa tem fun\u00e7\u00e3o de revisora e n\u00e3o de um cart\u00f3rio de homologa\u00e7\u00e3o\u201d.<\/em><\/span><\/p>\n<p><span style=\"font-size: 14pt;\">Vagner chamou a aten\u00e7\u00e3o para os efeitos negativos para a economia,\u00a0<a href=\"https:\/\/www.cut.org.br\/noticias\/camara-aprova-destaque-da-previdencia-permite-viuva-receber-menos-que-o-minimo-f5c4\"><strong>a perversidade contra as vi\u00favas<\/strong>\u00a0<\/a>que, pelo que foi aprovado na C\u00e2mara n\u00e3o ter\u00e3o direito a pens\u00e3o integral deixada pelo marido e o total desconhecimento do governo sobre a realidade do pa\u00eds, onde muitos n\u00e3o vivem at\u00e9 os 65 anos, muito menos conseguem ficar empregados durante toda a vida laboral.<\/span><\/p>\n<p><span style=\"font-size: 14pt;\">\u201cO que foi feito na reforma da Previd\u00eancia na C\u00e2mara dos Deputados arrebenta a economia deste pa\u00eds e \u00e9 um assalto ao bolso do trabalhador brasileiro e as pensionistas\u201d.<\/span><\/p>\n<p><span style=\"font-size: 14pt;\">Para o dirigente, o governo<em> \u201cdesconhece que trabalhador e trabalhadora n\u00e3o vive at\u00e9 65 anos de idade nas regi\u00f5es mais pobres do pa\u00eds e n\u00e3o vai conseguir comprovar 40 anos de contribui\u00e7\u00e3o por que n\u00e3o tem emprego formal no Brasil\u201d.<\/em><\/span><\/p>\n<p><span style=\"font-size: 14pt;\">Vagner lembra em seu discurso que \u00e9 fundamental este processo de enfrentamento e luta nas ruas e no Congresso Nacional. Segundo ele, a reforma s\u00f3 n\u00e3o est\u00e1 pior porque, com a atua\u00e7\u00e3o sindical no Congresso e a luta nas ruas, <em>\u201cimpedimos v\u00e1rias atrocidades maiores que eles queriam fazer contra os rurais\u201d<\/em>, exemplificou.<\/span><\/p>\n<p><span style=\"font-size: 14pt;\">O presidente da CUT ressaltou ainda a vit\u00f3ria contra a desconstitucionaliza\u00e7\u00e3o de todo processo previdenci\u00e1rio que colocaria v\u00e1rios itens para serem regulamentados por lei ordin\u00e1ria e aprovado <em>\u201cpor meia d\u00fazia de deputados\u201d.<\/em><\/span><\/p>\n<p><span style=\"font-size: 14pt;\">Al\u00e9m disso, Vagner lembrou que foi com luta que os movimentos sindical e social impediram que a capitaliza\u00e7\u00e3o da Previd\u00eancia permanecesse no texto aprovado pela C\u00e2mara. De acordo com ele, essa medida seria o pagamento <em>\u201cque a banca [banqueiros] quis quando elegeu Bolsonaro, [Paulo] Guedes e [S\u00e9rgio] Moro, essa trinca da maldade que governa o Brasil hoje\u201d<\/em>, disse se referindo ao ministro da Economia e ao da Justi\u00e7a.<\/span><\/p>\n<p><span style=\"font-size: 14pt;\">Para Vagner,<em> \u201c\u00e9 mentira que o Brasil precise fazer uma reforma da Previd\u00eancia\u201d<\/em> para melhorar a economia.<em> \u201c\u00c9 fal\u00e1cia, a economia est\u00e1 paralisada\u201d.<\/em><\/span><\/p>\n<p><span style=\"font-size: 14pt;\"><em>\u201cO Brasil precisa de gera\u00e7\u00e3o de emprego e renda com carteira assinada e n\u00e3o transformar o emprego em bico que \u00e9 o que como eles fizeram agora. O Brasil precisa de um estado voltado para o interesse do cidad\u00e3o e n\u00e3o voltado de meia d\u00fazia de grupos econ\u00f4micos que querem transformar o Brasil num quintal das multinacionais. O Brasil precisa de uma nova ordem econ\u00f4mica e pol\u00edtica\u201d<\/em>, disse Vagner Freitas que foi bastante aplaudido pelo p\u00fablico presente no audit\u00f3rio Petr\u00f4nio Portela, onde foi realizada a audi\u00eancia p\u00fablica previd\u00eancia e trabalho na manh\u00e3 desta ter\u00e7a-feira (3).<\/span><\/p>\n<p><span style=\"font-size: 14pt;\">O presidente da CUT concluiu o seu discurso dizendo que pelos direitos da classe trabalhadora, pela rela\u00e7\u00e3o comercial com os pa\u00edses do mundo inteiro, pelo meio ambiente e pela soberania nacional o Brasil precisa de Lula livre.<\/span><\/p>\n<p><span style=\"font-size: 14pt;\"><em>\u201cPor tudo isso n\u00f3s temos de falar Lula livre. Primeiro porque ele \u00e9 inocente. E tamb\u00e9m porque ele tem de estar livre para capitanear a resist\u00eancia do povo Brasil, pela soberania nacional em defesa dos nossos interesses p\u00fablicos, empregos, Previd\u00eancia e legisla\u00e7\u00e3o sindical \u201d<\/em>, concluiu Vagner.<\/span><\/p>\n<p><span style=\"font-size: 18pt;\"><strong>Tem mais luta em 24 de setembro<\/strong><\/span><\/p>\n<p><span style=\"font-size: 14pt;\">Ainda como parte da agenda de lutas do movimento sindical, o dia 24 de setembro, data prevista, at\u00e9 agora, para vota\u00e7\u00e3o da Reforma da Previd\u00eancia no plen\u00e1rio do Senado Federal, ser\u00e1 um dia fundamental para pressionar os parlamentares contra a vota\u00e7\u00e3o da reforma.<\/span><\/p>\n<p style=\"text-align: right;\">Fonte: CUT<\/p>\n<p class=\"wpf_wrapper\"><a class=\"print_link\" href=\"\" target=\"_blank\">Preparar para impress\u00e3o<\/a><\/p><!-- .wpf_wrapper -->","protected":false},"excerpt":{"rendered":"<p>Nos dias 7 e 20 de setembro ser\u00e3o realizados atos nacionais e internacionais para denunciar os ataques aos direitos dos&hellip; <\/p>\n","protected":false},"author":4,"featured_media":13471,"comment_status":"closed","ping_status":"closed","sticky":false,"template":"","format":"standard","meta":{"footnotes":""},"categories":[112],"tags":[],"class_list":["post-13470","post","type-post","status-publish","format-standard","has-post-thumbnail","hentry","category-as-reformas-do-mal"],"jetpack_featured_media_url":"https:\/\/sindesvdf.com.br\/news\/wp-content\/uploads\/2019\/09\/Chico-no-Senado.jpeg","_links":{"self":[{"href":"https:\/\/sindesvdf.com.br\/news\/wp-json\/wp\/v2\/posts\/13470","targetHints":{"allow":["GET"]}}],"collection":[{"href":"https:\/\/sindesvdf.com.br\/news\/wp-json\/wp\/v2\/posts"}],"about":[{"href":"https:\/\/sindesvdf.com.br\/news\/wp-json\/wp\/v2\/types\/post"}],"author":[{"embeddable":true,"href":"https:\/\/sindesvdf.com.br\/news\/wp-json\/wp\/v2\/users\/4"}],"replies":[{"embeddable":true,"href":"https:\/\/sindesvdf.com.br\/news\/wp-json\/wp\/v2\/comments?post=13470"}],"version-history":[{"count":5,"href":"https:\/\/sindesvdf.com.br\/news\/wp-json\/wp\/v2\/posts\/13470\/revisions"}],"predecessor-version":[{"id":13476,"href":"https:\/\/sindesvdf.com.br\/news\/wp-json\/wp\/v2\/posts\/13470\/revisions\/13476"}],"wp:featuredmedia":[{"embeddable":true,"href":"https:\/\/sindesvdf.com.br\/news\/wp-json\/wp\/v2\/media\/13471"}],"wp:attachment":[{"href":"https:\/\/sindesvdf.com.br\/news\/wp-json\/wp\/v2\/media?parent=13470"}],"wp:term":[{"taxonomy":"category","embeddable":true,"href":"https:\/\/sindesvdf.com.br\/news\/wp-json\/wp\/v2\/categories?post=13470"},{"taxonomy":"post_tag","embeddable":true,"href":"https:\/\/sindesvdf.com.br\/news\/wp-json\/wp\/v2\/tags?post=13470"}],"curies":[{"name":"wp","href":"https:\/\/api.w.org\/{rel}","templated":true}]}}