{"id":13763,"date":"2020-02-11T13:51:50","date_gmt":"2020-02-11T16:51:50","guid":{"rendered":"http:\/\/sindesvdf.com.br\/news\/?p=13763"},"modified":"2020-02-14T15:56:34","modified_gmt":"2020-02-14T18:56:34","slug":"video-curso-para-vigilantes-do-tst-termina-com-bomba-e-confusao","status":"publish","type":"post","link":"https:\/\/sindesvdf.com.br\/news\/video-curso-para-vigilantes-do-tst-termina-com-bomba-e-confusao\/","title":{"rendered":"V\u00eddeo: curso para vigilantes do TST termina com bomba e confus\u00e3o"},"content":{"rendered":"<figure id=\"attachment_13764\" aria-describedby=\"caption-attachment-13764\" style=\"width: 700px\" class=\"wp-caption aligncenter\"><img loading=\"lazy\" decoding=\"async\" class=\"size-full wp-image-13764\" src=\"http:\/\/sindesvdf.com.br\/news\/wp-content\/uploads\/2020\/02\/TST.png\" alt=\"\" width=\"700\" height=\"400\" srcset=\"https:\/\/sindesvdf.com.br\/news\/wp-content\/uploads\/2020\/02\/TST.png 700w, https:\/\/sindesvdf.com.br\/news\/wp-content\/uploads\/2020\/02\/TST-300x171.png 300w\" sizes=\"auto, (max-width: 700px) 100vw, 700px\" \/><figcaption id=\"caption-attachment-13764\" class=\"wp-caption-text\">V\u00eddeo: curso para vigilantes do TST termina com bomba e confus\u00e3o<\/figcaption><\/figure>\n<p><span style=\"font-size: 14pt;\">Um curso de reciclagem para vigilantes terceirizados respons\u00e1veis pela seguran\u00e7a de <a href=\"https:\/\/www.metropoles.com\/brasil\/politica-br\/desde-a-posse-bolsonaro-trocou-cinco-ministros-relembre-casos\" target=\"_blank\" rel=\"noopener noreferrer\">ministros<\/a> do <a href=\"https:\/\/www.metropoles.com\/distrito-federal\/tst-pagamento-de-r-200-mi-a-189-empregados-da-terracap-e-ilegal\" target=\"_blank\" rel=\"noopener noreferrer\">Tribunal Superior do Trabalho<\/a> (TST) terminou em <a href=\"https:\/\/www.metropoles.com\/distrito-federal\/aguas-claras-briga-no-metro-termina-com-passageira-esfaqueada\" target=\"_blank\" rel=\"noopener noreferrer\">pancadaria<\/a> e virou alvo de investiga\u00e7\u00e3o da Pol\u00edcia Civil do Distrito Federal (<a href=\"https:\/\/www.pcdf.df.gov.br\/\" target=\"_blank\" rel=\"nofollow noopener noreferrer\">PCDF<\/a>). O epis\u00f3dio ocorreu no \u00faltimo s\u00e1bado (08\/02\/2020) e \u00e9 apurado pela 23\u00aa Delegacia de Pol\u00edcia (P Sul).<\/span><\/p>\n<p><strong><span style=\"font-size: 14pt;\">Veja:<\/span> <\/strong><\/p>\n<div id=\"st-artifact\"><iframe loading=\"lazy\" id=\"st-in-video-iframed-yt\" src=\"https:\/\/www.youtube.com\/embed\/tjb6Y4otbPQ?feature=oembed&amp;enablejsapi=1\" width=\"500\" height=\"281\" frameborder=\"0\" allowfullscreen=\"allowfullscreen\" data-mce-fragment=\"1\"><\/iframe><\/div>\n<div class=\"seedtag-gohan seedtag-adunit st-in-player\">\n<div class=\"st-container\"><\/div>\n<\/div>\n<div class=\"seedtag-gohan seedtag-adunit st-in-video\">\n<div class=\"st-container\"><span style=\"font-size: 14pt;\">Vigilantes que participaram da aula relataram ao <strong>Metr\u00f3poles <\/strong>que a confus\u00e3o teve in\u00edcio ap\u00f3s acionarem uma bomba de g\u00e1s com spray de pimenta dentro de uma das salas. O respons\u00e1vel seria, supostamente, um instrutor da Academia Peritus, em Ceil\u00e2ndia, onde o curso era realizado.<\/span><\/div>\n<div><\/div>\n<\/div>\n<p><span style=\"font-size: 14pt;\">Mais de 40 profissionais estavam dentro do c\u00f4modo nesta hora. Eles participavam de forma\u00e7\u00e3o exigida de dois em dois anos. Nas aulas, os trabalhadores aprendem sobre assuntos referentes \u00e0 seguran\u00e7a pessoal. O cronograma das aulas aborda desde no\u00e7\u00f5es de direito, manuseio de arma, defesa pessoal a treinamentos de tiro e mobiliza\u00e7\u00e3o t\u00e1tica.<\/span><\/p>\n<p><span style=\"font-size: 14pt;\">De acordo com um dos trabalhadores, o expediente j\u00e1 havia sido encerrado quando o epis\u00f3dio ocorreu. \u201c<em>N\u00f3s t\u00ednhamos terminado a prova escrita e fomos liberados para descer. Em outra sala, estava ocorrendo um curso paralelo de armas n\u00e3o letais. Do nada, os alunos deste curso apareceram na nossa sala e deflagraram a bomba<\/em>\u201d, explica um terceirizado, que n\u00e3o quis ser identificado.<\/span><\/p>\n<p><span style=\"font-size: 14pt;\">O vigilante afirma que ap\u00f3s o acionamento do armamento os demais ocupantes da sala come\u00e7aram a passar mal. \u201c<em>Foi jogada essa bomba de efeito moral e privaram nossa liberdade. O pessoal come\u00e7ou a passar mal, tentou correr para locais mais arejados, mas mesmo assim foram atingidos pelo g\u00e1s t\u00f3xico<\/em>\u201d.<\/span><\/p>\n<p><span style=\"font-size: 14pt;\">Mais exaltados, alguns dos ocupantes do c\u00f4modo tentaram reagir, dando in\u00edcio \u00e0 confus\u00e3o. \u201cEu reagi, alguns colegas tamb\u00e9m. Est\u00e1vamos tentando sair da sala. N\u00e3o tem justificativa sobre o porqu\u00ea isso teria acontecido. As pessoas passaram mal, tiveram cefaleia. Eu precisei ir ao hospital fazer um exame m\u00e9dico\u201d, finalizou o profissional.<\/span><\/p>\n<p><span style=\"font-size: 14pt;\">Em v\u00eddeo gravado pelos trabalhadores, \u00e9 poss\u00edvel observar os ocupantes da sala passando mal e tossindo bastante. A grava\u00e7\u00e3o tamb\u00e9m mostra parte da troca de agress\u00f5es.<\/span><\/p>\n<h6><span style=\"font-size: 14pt;\">Investiga\u00e7\u00e3o<\/span><\/h6>\n<p><span style=\"font-size: 14pt;\">Ap\u00f3s sa\u00edrem da sala, vigilantes se dirigiram \u00e0 <a href=\"https:\/\/www.metropoles.com\/tag\/6a-dp\" target=\"_blank\" rel=\"noopener noreferrer\">6\u00aa Delegacia de Pol\u00edcia<\/a> (Parano\u00e1) para registrarem um boletim de ocorr\u00eancias. A comunica\u00e7\u00e3o foi feita \u00e0s 22h de s\u00e1bado (08\/02\/2020). Segundo a PCDF, os comunicantes da den\u00fancia foram encaminhados ao Instituto de Medicina Legal (IML). O caso, agora, ser\u00e1 apurado pela 23\u00aa DP.<\/span><\/p>\n<p><span style=\"font-size: 14pt;\">Ao <strong>Metr\u00f3poles<\/strong>, o Sindicato dos Vigilantes do DF (Sindesv-DF) afirmou ter tomado conhecimento da den\u00fancia. De acordo com o diretor de comunica\u00e7\u00e3o e imprensa da entidade, Gilmar Rodrigues, o Sindesv ir\u00e1 levar o caso \u00e0 Pol\u00edcia Federal (PF).<\/span><\/p>\n<h6><span style=\"font-size: 14pt;\">Outro lado<\/span><\/h6>\n<p><span style=\"font-size: 14pt;\">Os trabalhadores s\u00e3o contratados pela <a href=\"https:\/\/www.metropoles.com\/tag\/multiserv-seguranca-e-vigilancia-patrimonial\" target=\"_blank\" rel=\"noopener noreferrer\">Multiserv<\/a>. Por telefone, o diretor do grupo afirmou \u00e0 reportagem que ainda n\u00e3o havia sido comunicado sobre o epis\u00f3dio, que classificou como \u201cnatural\u201d. \u201c<em>A academia em quest\u00e3o \u00e9 uma empresa credenciada pela Pol\u00edcia Federal. N\u00e3o tive informa\u00e7\u00f5es sobre o fato que me relatou, mas, provavelmente, o uso do g\u00e1s est\u00e1 dentro da grade curricular. Ent\u00e3o, \u00e9 uma coisa que \u00e9 natural, faz parte da turma para saber como \u00e9 o potencial desse armamento. A Multiserv contratou uma empresa regular, mas vamos entrar em contato com academia<\/em>\u201d, explicou o gestor Luiz Gustavo Barra.<\/span><\/p>\n<p><span style=\"font-size: 14pt;\">Procurada pela reportagem, a Academia Peritus afirmou ter aberto sindic\u00e2ncia interna para apurar o epis\u00f3dio e que o procedimento apontou, preliminarmente, que um aluno do curso teria feito o acionamento do armamento, \u201c<em>sem autoriza\u00e7\u00e3o, consentimento e conhecimento da escola<\/em>\u201d.<\/span><\/p>\n<p><span style=\"font-size: 14pt;\">\u201c<em>Informamos ainda que n\u00e3o sabemos a origem desse material, ficando a cargo da Pol\u00edcia Civil, a averigua\u00e7\u00e3o do mesmo. O uso do g\u00e1s foi feito sem que o professor estivesse em sala de aula, uma vez que o mesmo estava na coordena\u00e7\u00e3o<\/em>\u201d, manifestou-se a empresa no documento. <\/span><\/p>\n<p><span style=\"font-size: 14pt;\">Acionados, a PF e o TST n\u00e3o haviam retornado \u00e0 demanda at\u00e9 a \u00faltima atualiza\u00e7\u00e3o da reportagem.<\/span><\/p>\n<p style=\"text-align: right;\"><em>Fonte: Metr\u00f3poles<\/em><\/p>\n<hr \/>\n<p><strong><span style=\"font-size: 14pt;\">Assista reportagem transmitida, na manh\u00e3 de quarta-feira 12\/02\/2020, pelo telejornal Bom Dia Brasil:<\/span><\/strong><\/p>\n<div style=\"width: 640px;\" class=\"wp-video\"><video class=\"wp-video-shortcode\" id=\"video-13763-1\" width=\"640\" height=\"360\" preload=\"metadata\" controls=\"controls\"><source type=\"video\/mp4\" src=\"http:\/\/sindesvdf.com.br\/news\/wp-content\/uploads\/2020\/02\/Bom-Dia-Brasil-SITE.mp4?_=1\" \/><a href=\"http:\/\/sindesvdf.com.br\/news\/wp-content\/uploads\/2020\/02\/Bom-Dia-Brasil-SITE.mp4\">http:\/\/sindesvdf.com.br\/news\/wp-content\/uploads\/2020\/02\/Bom-Dia-Brasil-SITE.mp4<\/a><\/video><\/div>\n<p class=\"wpf_wrapper\"><a class=\"print_link\" href=\"\" target=\"_blank\">Preparar para impress\u00e3o<\/a><\/p><!-- .wpf_wrapper -->","protected":false},"excerpt":{"rendered":"<p>Um curso de reciclagem para vigilantes terceirizados respons\u00e1veis pela seguran\u00e7a de ministros do Tribunal Superior do Trabalho (TST) terminou em&hellip; <\/p>\n","protected":false},"author":4,"featured_media":13764,"comment_status":"closed","ping_status":"closed","sticky":false,"template":"","format":"standard","meta":{"footnotes":""},"categories":[7],"tags":[],"class_list":["post-13763","post","type-post","status-publish","format-standard","has-post-thumbnail","hentry","category-noticias"],"jetpack_featured_media_url":"https:\/\/sindesvdf.com.br\/news\/wp-content\/uploads\/2020\/02\/TST.png","_links":{"self":[{"href":"https:\/\/sindesvdf.com.br\/news\/wp-json\/wp\/v2\/posts\/13763","targetHints":{"allow":["GET"]}}],"collection":[{"href":"https:\/\/sindesvdf.com.br\/news\/wp-json\/wp\/v2\/posts"}],"about":[{"href":"https:\/\/sindesvdf.com.br\/news\/wp-json\/wp\/v2\/types\/post"}],"author":[{"embeddable":true,"href":"https:\/\/sindesvdf.com.br\/news\/wp-json\/wp\/v2\/users\/4"}],"replies":[{"embeddable":true,"href":"https:\/\/sindesvdf.com.br\/news\/wp-json\/wp\/v2\/comments?post=13763"}],"version-history":[{"count":7,"href":"https:\/\/sindesvdf.com.br\/news\/wp-json\/wp\/v2\/posts\/13763\/revisions"}],"predecessor-version":[{"id":13773,"href":"https:\/\/sindesvdf.com.br\/news\/wp-json\/wp\/v2\/posts\/13763\/revisions\/13773"}],"wp:featuredmedia":[{"embeddable":true,"href":"https:\/\/sindesvdf.com.br\/news\/wp-json\/wp\/v2\/media\/13764"}],"wp:attachment":[{"href":"https:\/\/sindesvdf.com.br\/news\/wp-json\/wp\/v2\/media?parent=13763"}],"wp:term":[{"taxonomy":"category","embeddable":true,"href":"https:\/\/sindesvdf.com.br\/news\/wp-json\/wp\/v2\/categories?post=13763"},{"taxonomy":"post_tag","embeddable":true,"href":"https:\/\/sindesvdf.com.br\/news\/wp-json\/wp\/v2\/tags?post=13763"}],"curies":[{"name":"wp","href":"https:\/\/api.w.org\/{rel}","templated":true}]}}