{"id":13871,"date":"2020-03-04T09:29:04","date_gmt":"2020-03-04T12:29:04","guid":{"rendered":"http:\/\/sindesvdf.com.br\/news\/?p=13871"},"modified":"2020-03-04T09:29:04","modified_gmt":"2020-03-04T12:29:04","slug":"uma-homenagem-ao-8-de-marco-feliz-dia-da-mulher","status":"publish","type":"post","link":"https:\/\/sindesvdf.com.br\/news\/uma-homenagem-ao-8-de-marco-feliz-dia-da-mulher\/","title":{"rendered":"Uma homenagem ao 8 de mar\u00e7o. Feliz dia da Mulher!"},"content":{"rendered":"<p><img loading=\"lazy\" decoding=\"async\" class=\"aligncenter size-full wp-image-13872\" src=\"http:\/\/sindesvdf.com.br\/news\/wp-content\/uploads\/2020\/03\/dia-da-mulher-SITE.png\" alt=\"\" width=\"700\" height=\"400\" srcset=\"https:\/\/sindesvdf.com.br\/news\/wp-content\/uploads\/2020\/03\/dia-da-mulher-SITE.png 700w, https:\/\/sindesvdf.com.br\/news\/wp-content\/uploads\/2020\/03\/dia-da-mulher-SITE-300x171.png 300w\" sizes=\"auto, (max-width: 700px) 100vw, 700px\" \/><\/p>\n<p><span style=\"font-size: 14pt;\"><em><strong>For\u00e7a, coragem e luta<\/strong><\/em> definem a mulher vigilante no seu local de trabalho e tamb\u00e9m na sua rotina di\u00e1ria. A mulher que veste a farda, protege patrim\u00f4nios e vidas, \u00e9 a mesma que passa um batom, cal\u00e7a a sand\u00e1lia de salto e vai festejar suas alegrias, sonhos e emo\u00e7\u00f5es, \u00e9 a mesma que de pijama ou camisola se levanta no meio da noite para acalentar os filhos e, mesmo cansada, tem coragem para enfrentar mais um dia de trabalho, correr contra o tempo, se desdobrar em mil e ainda assim olhar no horizonte e se enxergar como a guerreira que \u00e9.<\/span><\/p>\n<p><span style=\"font-size: 14pt;\">Conquistar espa\u00e7o, investir em si mesma e considerar a sua luta e a sua hist\u00f3ria como patrim\u00f4nio insubstitu\u00edvel e aonde quer que esteja, na solid\u00e3o do posto de servi\u00e7o ou em meio \u00e0 multid\u00e3o, se sentir \u00fanica, valorizada e, acima de tudo, orgulhosa da mulher que voc\u00ea realmente \u00e9.<\/span><\/p>\n<p><span style=\"font-size: 14pt;\">Guerreiras vigilantes que no seu 08 de mar\u00e7o n\u00e3o faltem reconhecimento, amor, carinho e respeito e nos demais dias do ano, tamb\u00e9m!<\/span><\/p>\n<p class=\"wpf_wrapper\"><a class=\"print_link\" href=\"\" target=\"_blank\">Preparar para impress\u00e3o<\/a><\/p><!-- .wpf_wrapper -->","protected":false},"excerpt":{"rendered":"<p>For\u00e7a, coragem e luta definem a mulher vigilante no seu local de trabalho e tamb\u00e9m na sua rotina di\u00e1ria. A&hellip; <\/p>\n","protected":false},"author":4,"featured_media":13872,"comment_status":"open","ping_status":"open","sticky":false,"template":"","format":"standard","meta":{"footnotes":""},"categories":[142,7],"tags":[],"class_list":["post-13871","post","type-post","status-publish","format-standard","has-post-thumbnail","hentry","category-dia-internacional-da-mulher","category-noticias"],"jetpack_featured_media_url":"https:\/\/sindesvdf.com.br\/news\/wp-content\/uploads\/2020\/03\/dia-da-mulher-SITE.png","_links":{"self":[{"href":"https:\/\/sindesvdf.com.br\/news\/wp-json\/wp\/v2\/posts\/13871","targetHints":{"allow":["GET"]}}],"collection":[{"href":"https:\/\/sindesvdf.com.br\/news\/wp-json\/wp\/v2\/posts"}],"about":[{"href":"https:\/\/sindesvdf.com.br\/news\/wp-json\/wp\/v2\/types\/post"}],"author":[{"embeddable":true,"href":"https:\/\/sindesvdf.com.br\/news\/wp-json\/wp\/v2\/users\/4"}],"replies":[{"embeddable":true,"href":"https:\/\/sindesvdf.com.br\/news\/wp-json\/wp\/v2\/comments?post=13871"}],"version-history":[{"count":1,"href":"https:\/\/sindesvdf.com.br\/news\/wp-json\/wp\/v2\/posts\/13871\/revisions"}],"predecessor-version":[{"id":13874,"href":"https:\/\/sindesvdf.com.br\/news\/wp-json\/wp\/v2\/posts\/13871\/revisions\/13874"}],"wp:featuredmedia":[{"embeddable":true,"href":"https:\/\/sindesvdf.com.br\/news\/wp-json\/wp\/v2\/media\/13872"}],"wp:attachment":[{"href":"https:\/\/sindesvdf.com.br\/news\/wp-json\/wp\/v2\/media?parent=13871"}],"wp:term":[{"taxonomy":"category","embeddable":true,"href":"https:\/\/sindesvdf.com.br\/news\/wp-json\/wp\/v2\/categories?post=13871"},{"taxonomy":"post_tag","embeddable":true,"href":"https:\/\/sindesvdf.com.br\/news\/wp-json\/wp\/v2\/tags?post=13871"}],"curies":[{"name":"wp","href":"https:\/\/api.w.org\/{rel}","templated":true}]}}