{"id":13922,"date":"2020-03-18T11:35:12","date_gmt":"2020-03-18T14:35:12","guid":{"rendered":"http:\/\/sindesvdf.com.br\/news\/?p=13922"},"modified":"2020-03-18T11:38:53","modified_gmt":"2020-03-18T14:38:53","slug":"sindicato-adota-medidas-para-conter-contagio-do-coronavirus","status":"publish","type":"post","link":"https:\/\/sindesvdf.com.br\/news\/sindicato-adota-medidas-para-conter-contagio-do-coronavirus\/","title":{"rendered":"Sindicato adota medidas para conter cont\u00e1gio do Coronavirus"},"content":{"rendered":"<p><img loading=\"lazy\" decoding=\"async\" class=\"aligncenter size-full wp-image-13931\" src=\"http:\/\/sindesvdf.com.br\/news\/wp-content\/uploads\/2020\/03\/Atendimentos1.png\" alt=\"\" width=\"700\" height=\"400\" srcset=\"https:\/\/sindesvdf.com.br\/news\/wp-content\/uploads\/2020\/03\/Atendimentos1.png 700w, https:\/\/sindesvdf.com.br\/news\/wp-content\/uploads\/2020\/03\/Atendimentos1-300x171.png 300w\" sizes=\"auto, (max-width: 700px) 100vw, 700px\" \/><\/p>\n<p><span style=\"font-size: 14pt;\">Com o objetivo de proteger os funcion\u00e1rios, diretores, vigilantes e suas fam\u00edlias, o Sindicato dos Vigilantes do DF adota medidas no atendimento ao p\u00fablico.<br \/>\n<\/span><span style=\"font-size: 14pt;\">O hor\u00e1rio de expediente permanece normal das 7h \u00e0s 18h. Mas com alguns ajustes no atendimento:<\/span><\/p>\n<ul>\n<li><span style=\"font-size: 14pt;\">Libera\u00e7\u00e3o de funcion\u00e1rios e diretores que fazem parte do grupo de risco. Redu\u00e7\u00e3o na carga hor\u00e1ria de funcion\u00e1rios que utilizam transporte coletivo.<\/span><\/li>\n<li><span style=\"font-size: 14pt;\">O atendimento na BV Financeira e Plano de Sa\u00fade ser\u00e1 das 9h \u00e0s 16h.<\/span><\/li>\n<li><span style=\"font-size: 14pt;\">O funcionamento da \u00c1rea de lazer e as autoriza\u00e7\u00f5es para exames psicot\u00e9cnicos na cl\u00ednica Bandeirantes continuam suspensos.<\/span><\/li>\n<\/ul>\n<p><span style=\"font-size: 14pt;\">Ao mesmo tempo, estamos com equipes na rua acompanhando a situa\u00e7\u00e3o dos vigilantes em seus postos de servi\u00e7o, detectando os locais mais vulner\u00e1veis e cobrando das autoridades e empresas provid\u00eancias de preven\u00e7\u00e3o ao cont\u00e1gio, inclusive nos reunindo com especialistas, como infectologista para as devidas orienta\u00e7\u00f5es.<\/span><\/p>\n<p class=\"wpf_wrapper\"><a class=\"print_link\" href=\"\" target=\"_blank\">Preparar para impress\u00e3o<\/a><\/p><!-- .wpf_wrapper -->","protected":false},"excerpt":{"rendered":"<p>Com o objetivo de proteger os funcion\u00e1rios, diretores, vigilantes e suas fam\u00edlias, o Sindicato dos Vigilantes do DF adota medidas&hellip; <\/p>\n","protected":false},"author":4,"featured_media":13931,"comment_status":"open","ping_status":"open","sticky":false,"template":"","format":"standard","meta":{"footnotes":""},"categories":[7,101],"tags":[],"class_list":["post-13922","post","type-post","status-publish","format-standard","has-post-thumbnail","hentry","category-noticias","category-olho-vivo"],"jetpack_featured_media_url":"https:\/\/sindesvdf.com.br\/news\/wp-content\/uploads\/2020\/03\/Atendimentos1.png","_links":{"self":[{"href":"https:\/\/sindesvdf.com.br\/news\/wp-json\/wp\/v2\/posts\/13922","targetHints":{"allow":["GET"]}}],"collection":[{"href":"https:\/\/sindesvdf.com.br\/news\/wp-json\/wp\/v2\/posts"}],"about":[{"href":"https:\/\/sindesvdf.com.br\/news\/wp-json\/wp\/v2\/types\/post"}],"author":[{"embeddable":true,"href":"https:\/\/sindesvdf.com.br\/news\/wp-json\/wp\/v2\/users\/4"}],"replies":[{"embeddable":true,"href":"https:\/\/sindesvdf.com.br\/news\/wp-json\/wp\/v2\/comments?post=13922"}],"version-history":[{"count":6,"href":"https:\/\/sindesvdf.com.br\/news\/wp-json\/wp\/v2\/posts\/13922\/revisions"}],"predecessor-version":[{"id":13933,"href":"https:\/\/sindesvdf.com.br\/news\/wp-json\/wp\/v2\/posts\/13922\/revisions\/13933"}],"wp:featuredmedia":[{"embeddable":true,"href":"https:\/\/sindesvdf.com.br\/news\/wp-json\/wp\/v2\/media\/13931"}],"wp:attachment":[{"href":"https:\/\/sindesvdf.com.br\/news\/wp-json\/wp\/v2\/media?parent=13922"}],"wp:term":[{"taxonomy":"category","embeddable":true,"href":"https:\/\/sindesvdf.com.br\/news\/wp-json\/wp\/v2\/categories?post=13922"},{"taxonomy":"post_tag","embeddable":true,"href":"https:\/\/sindesvdf.com.br\/news\/wp-json\/wp\/v2\/tags?post=13922"}],"curies":[{"name":"wp","href":"https:\/\/api.w.org\/{rel}","templated":true}]}}