{"id":13934,"date":"2020-03-19T13:14:55","date_gmt":"2020-03-19T16:14:55","guid":{"rendered":"http:\/\/sindesvdf.com.br\/news\/?p=13934"},"modified":"2020-03-19T13:15:15","modified_gmt":"2020-03-19T16:15:15","slug":"morre-joao-felicio-ex-presidente-da-cut-e-da-apeoesp","status":"publish","type":"post","link":"https:\/\/sindesvdf.com.br\/news\/morre-joao-felicio-ex-presidente-da-cut-e-da-apeoesp\/","title":{"rendered":"Morre Jo\u00e3o Fel\u00edcio, ex-presidente da CUT e da Apeoesp"},"content":{"rendered":"<figure id=\"attachment_13935\" aria-describedby=\"caption-attachment-13935\" style=\"width: 700px\" class=\"wp-caption aligncenter\"><img loading=\"lazy\" decoding=\"async\" class=\"size-full wp-image-13935\" src=\"http:\/\/sindesvdf.com.br\/news\/wp-content\/uploads\/2020\/03\/Luto.png\" alt=\"\" width=\"700\" height=\"400\" srcset=\"https:\/\/sindesvdf.com.br\/news\/wp-content\/uploads\/2020\/03\/Luto.png 700w, https:\/\/sindesvdf.com.br\/news\/wp-content\/uploads\/2020\/03\/Luto-300x171.png 300w\" sizes=\"auto, (max-width: 700px) 100vw, 700px\" \/><figcaption id=\"caption-attachment-13935\" class=\"wp-caption-text\">Professor, Jo\u00e3o Fel\u00edcio foi o primeiro latino-americano a presidir a Confedera\u00e7\u00e3o Sindical Internacional (CSI)<\/figcaption><\/figure>\n<p><span style=\"font-size: 14pt;\">Morreu na madrugada desta quinta-feira (19) em S\u00e3o Paulo Jo\u00e3o Fel\u00edcio, ex-presidente da CUT, da APEOESP e da CSI. O vel\u00f3rio ocorrer\u00e1 \u00e0 partir das 10h no cemit\u00e9rio do Ara\u00e7\u00e1 e seu sepultamento ocorre \u00e0s 16h no mesmo local.<\/span><\/p>\n<p><span style=\"font-size: 14pt;\">Formado em Desenho e Pl\u00e1stica, Educa\u00e7\u00e3o Art\u00edstica e Hist\u00f3ria da Arte, pela Funda\u00e7\u00e3o Educacional de Bauru, Fel\u00edcio come\u00e7ou a lecionar como professor de Desenho em S\u00e3o Paulo, na rede oficial de Ensino Estadual, onde permaneceu at\u00e9 se aposentar.<\/span><\/p>\n<p><span style=\"font-size: 14pt;\">Sua milit\u00e2ncia pol\u00edtica e sindical iniciou ainda nos anos 1970, em 1977, participando das mobiliza\u00e7\u00f5es dos professores, na luta por melhores condi\u00e7\u00f5es de vida e sal\u00e1rio, contra a ditadura militar e pela conquista da APEOESP.<\/span><\/p>\n<p><span style=\"font-size: 14pt;\">Em 1980 foi eleito para o Conselho de Representantes da APEOESP, pela regi\u00e3o norte da Capital. Participou da funda\u00e7\u00e3o do Partido dos Trabalhadores, como Delegado no Congresso de Funda\u00e7\u00e3o, no Col\u00e9gio Sion na Capital.<\/span><\/p>\n<p><span style=\"font-size: 14pt;\">Em 1981 venceu a elei\u00e7\u00e3o para Diretoria da APEOESP, como Diretor do Departamento Cultural. Neste per\u00edodo foi criada a Comiss\u00e3o de Mulheres e a de Combate ao Racismo da APEOESP, vinculadas a este Departamento. E tamb\u00e9m a organiza\u00e7\u00e3o de atividades culturais entre Professores e Alunos e formula\u00e7\u00e3o da concep\u00e7\u00e3o de Educa\u00e7\u00e3o e Escola P\u00fablica da APEOESP.<\/span><\/p>\n<p><span style=\"font-size: 14pt;\">Em 1983 participou do processo que resultou na funda\u00e7\u00e3o da CUT e da filia\u00e7\u00e3o da APEOESP \u00e0 Central. Foi reeleito como Diretor do Departamento Cultural.<\/span><\/p>\n<p><span style=\"font-size: 14pt;\">Em 1984 participou da Campanha das Diretas-J\u00e1 e da greve dos professores durante o Governo Montoro, quando a APEOESP chegou a realizar assembleias com mais de 50.000 professores. Em 1985 foi reeleito como Diretor de Sub-sedes da Capital da APEOESP. Em 1987 eleito Presidente da APEOESP e, neste ano, a entidade realizou duas greves, uma em cada semestre.<\/span><\/p>\n<p><span style=\"font-size: 14pt;\">Participou da luta p\u00f4r uma nova Lei de Diretrizes e Bases (LDB) da Educa\u00e7\u00e3o Nacional e em 1989 foi reeleito Presidente da APEOESP com mais de 80% dos votos. Neste ano ocorreu a mais longa greve da hist\u00f3ria dos Professores do Estado de S\u00e3o Paulo (oitenta e dois dias), resultando numa conquista de 126% de reajuste.<\/span><\/p>\n<p><span style=\"font-size: 14pt;\">Em 1990 a APEOESP lan\u00e7a a campanha \u201cEduca\u00e7\u00e3o no Centro das Aten\u00e7\u00f5es\u201d. \u00c9 eleito primeiro suplente do Senador Eduardo Suplicy (PT \u2013 S\u00e3o Paulo) e Membro do Diret\u00f3rio Estadual do Partido dos Trabalhadores. Em 1991 foi reeleito para o terceiro mandato como Presidente da APEOESP. Em 1993 deixa a Presid\u00eancia da APEOESP e retorna \u00e0 sala de aula, na Escola Estadual de Primeiro e Segundo Graus Dr. Oct\u00e1vio Mendes, no bairro de Santana, na Capital. Naquele ano a APEOESP atingiu 122.000 associados, dos quais 70.000 participaram no processo eleitoral, na maior elei\u00e7\u00e3o na hist\u00f3ria desta Entidade, quando foi eleito Presidente, o professor Roberto Felicio.<\/span><\/p>\n<p><span style=\"font-size: 14pt;\">Em 1994 foi eleito para Dire\u00e7\u00e3o Executiva Nacional da CUT, indicado pelos professores do Brasil. Neste mandato foi respons\u00e1vel pela Comiss\u00e3o de Educa\u00e7\u00e3o, Forma\u00e7\u00e3o Profissional e da Previd\u00eancia e membro do Coletivo Internacional da CUT, para quest\u00f5es relativas a OIT (Organiza\u00e7\u00e3o Internacional do Trabalho) e Direitos Humanos. Em 1997 foi eleito Secret\u00e1rio Geral Nacional da CUT e membro do Diret\u00f3rio Nacional do PT. Em 2000 assumiu a presid\u00eanciaNacional da CUT.<\/span><\/p>\n<p><span style=\"font-size: 14pt;\">Em 2003 foi eleito Secret\u00e1rio Geral Nacional da CUT e Secret\u00e1rio Sindical Nacional do PT.<\/span><\/p>\n<p><span style=\"font-size: 14pt;\">Foi membro do Conselho de Desenvolvimento Econ\u00f4mico e Social indicado pelo Presidente Lu\u00eds In\u00e1cio Lula da Silva. Indicado pela CUT como representante desta Central, no Conselho de Administra\u00e7\u00e3o do BNDES. Fez parte ainda, da Dire\u00e7\u00e3o do Instituto de Cidadania.<\/span><\/p>\n<p><span style=\"font-size: 14pt;\">Em 2005, retorna \u00e0 Presid\u00eancia da CUT Nacional, ap\u00f3s a sa\u00edda do Luiz Marinho que assumiu o Minist\u00e9rio do Trabalho. Em 2006 foi eleito pelo 9\u00ba CONCUT como Secret\u00e1rio de Rela\u00e7\u00f5es Internacionais da CUT Nacional. Em 2009 reeleito Secret\u00e1rio de Rela\u00e7\u00f5es Internacionais, mandato renovado em 2012 no 11\u00ba CONCUT.<\/span><\/p>\n<p><span style=\"font-size: 14pt;\">Em 2014 foi eleito presidente da Confedera\u00e7\u00e3o Sindical Internacional (CSI). Fel\u00edcio foi o primeiro latino-americano a presidir essa importante central internacional.<\/span><\/p>\n<p style=\"text-align: right;\"><strong><em>Fonte: Revista F\u00f3rum<\/em><\/strong><\/p>\n<p class=\"wpf_wrapper\"><a class=\"print_link\" href=\"\" target=\"_blank\">Preparar para impress\u00e3o<\/a><\/p><!-- .wpf_wrapper -->","protected":false},"excerpt":{"rendered":"<p>Morreu na madrugada desta quinta-feira (19) em S\u00e3o Paulo Jo\u00e3o Fel\u00edcio, ex-presidente da CUT, da APEOESP e da CSI. O&hellip; <\/p>\n","protected":false},"author":4,"featured_media":13935,"comment_status":"open","ping_status":"open","sticky":false,"template":"","format":"standard","meta":{"footnotes":""},"categories":[7],"tags":[],"class_list":["post-13934","post","type-post","status-publish","format-standard","has-post-thumbnail","hentry","category-noticias"],"jetpack_featured_media_url":"https:\/\/sindesvdf.com.br\/news\/wp-content\/uploads\/2020\/03\/Luto.png","_links":{"self":[{"href":"https:\/\/sindesvdf.com.br\/news\/wp-json\/wp\/v2\/posts\/13934","targetHints":{"allow":["GET"]}}],"collection":[{"href":"https:\/\/sindesvdf.com.br\/news\/wp-json\/wp\/v2\/posts"}],"about":[{"href":"https:\/\/sindesvdf.com.br\/news\/wp-json\/wp\/v2\/types\/post"}],"author":[{"embeddable":true,"href":"https:\/\/sindesvdf.com.br\/news\/wp-json\/wp\/v2\/users\/4"}],"replies":[{"embeddable":true,"href":"https:\/\/sindesvdf.com.br\/news\/wp-json\/wp\/v2\/comments?post=13934"}],"version-history":[{"count":1,"href":"https:\/\/sindesvdf.com.br\/news\/wp-json\/wp\/v2\/posts\/13934\/revisions"}],"predecessor-version":[{"id":13936,"href":"https:\/\/sindesvdf.com.br\/news\/wp-json\/wp\/v2\/posts\/13934\/revisions\/13936"}],"wp:featuredmedia":[{"embeddable":true,"href":"https:\/\/sindesvdf.com.br\/news\/wp-json\/wp\/v2\/media\/13935"}],"wp:attachment":[{"href":"https:\/\/sindesvdf.com.br\/news\/wp-json\/wp\/v2\/media?parent=13934"}],"wp:term":[{"taxonomy":"category","embeddable":true,"href":"https:\/\/sindesvdf.com.br\/news\/wp-json\/wp\/v2\/categories?post=13934"},{"taxonomy":"post_tag","embeddable":true,"href":"https:\/\/sindesvdf.com.br\/news\/wp-json\/wp\/v2\/tags?post=13934"}],"curies":[{"name":"wp","href":"https:\/\/api.w.org\/{rel}","templated":true}]}}